{"id":31013,"date":"2026-02-13T08:15:06","date_gmt":"2026-02-13T08:15:06","guid":{"rendered":"https:\/\/bihavadis.com\/?p=31013"},"modified":"2026-02-13T08:15:06","modified_gmt":"2026-02-13T08:15:06","slug":"baskan-ahmat-akindan-ihtiyac-sahibi-emeklilere-mujde","status":"publish","type":"post","link":"https:\/\/bihavadis.com\/index.php\/2026\/02\/13\/baskan-ahmat-akindan-ihtiyac-sahibi-emeklilere-mujde\/","title":{"rendered":"Ba\u015fkan Ahmat Ak\u0131n&#8217;dan ihtiya\u00e7 sahibi emeklilere m\u00fcjde"},"content":{"rendered":"<p>Bal\u0131kesir B\u00fcy\u00fck\u015fehir Belediye Ba\u015fkan\u0131 Ahmet Ak\u0131n, ihtiya\u00e7 sahibi emekli vatanda\u015flar\u0131n y\u00fcz\u00fcn\u00fc g\u00fcld\u00fcrecek bir projeyi daha hayata ge\u00e7irdi. \u0130htiya\u00e7 sahibi oldu\u011fu tespit edilen ve Bal\u0131kesir&#8217;de ikamet eden t\u00fcm emeklilerin ila\u00e7 kat\u0131l\u0131m paylar\u0131, Bal\u0131kesir B\u00fcy\u00fck\u015fehir Belediyesi taraf\u0131ndan kar\u015f\u0131lanacak.<\/p>\n<p>G\u00f6reve geldi\u011fi g\u00fcnden bu yana kent yoksullu\u011fu ile m\u00fccadele etmek amac\u0131yla bir\u00e7ok projeyi hayata ge\u00e7iren Bal\u0131kesir B\u00fcy\u00fck\u015fehir Belediye Ba\u015fkan\u0131 Ahmet Ak\u0131n, \u00fclkenin i\u00e7inde bulundu\u011fu ekonomik s\u0131k\u0131nt\u0131lar ve d\u00fc\u015f\u00fck kalan emekli maa\u015flar\u0131yla hayatlar\u0131n\u0131 idame ettirmeye \u00e7al\u0131\u015fan emekli vatanda\u015flar\u0131n y\u00fcz\u00fcn\u00fc g\u00fcld\u00fcrecek bir hizmete daha imza at\u0131yor. Faaliyete ald\u0131\u011f\u0131 Emekliler Evi ile onlar\u0131n hem sosyalle\u015fip hem de kaliteli \u00fcr\u00fcnlere uygun fiyatlara ula\u015fabildi\u011fi bir mekan\u0131 kente kazand\u0131ran Ba\u015fkan Ahmet Ak\u0131n \u015fimdi de ihtiya\u00e7 sahibi emekli vatanda\u015flar\u0131n ila\u00e7 kat\u0131l\u0131m pay\u0131n\u0131n Bal\u0131kesir B\u00fcy\u00fck\u015fehir Belediyesi taraf\u0131ndan kar\u015f\u0131lanaca\u011f\u0131n\u0131n m\u00fcjdesini verdi.<\/p>\n<p>Yak\u0131n kartlar\u0131na yat\u0131r\u0131lacak<\/p>\n<p>Bal\u0131kesir B\u00fcy\u00fck\u015fehir Belediyesi Sa\u011fl\u0131k ve Sosyal Hizmetler Dairesi Ba\u015fkanl\u0131\u011f\u0131 taraf\u0131ndan koordinasyonu sa\u011flanacak olan kat\u0131l\u0131m pay\u0131 deste\u011finden yararlanmak isteyen ihtiya\u00e7 sahibi emekli vatanda\u015flar, https:\/\/basvur.balikesir.bel.tr\/?aspxerrorpath=\/KatkiPayi linkini t\u0131klayarak \u00e7\u0131kan formu dolduracak ve eczaneden ald\u0131\u011f\u0131 re\u00e7ete d\u00f6k\u00fcm\u00fcn\u00fc sisteme y\u00fckleyecek. Sosyal incelemenin ger\u00e7ekle\u015ftirilmesinin ard\u0131ndan ihtiya\u00e7 sahibi oldu\u011fu belirlenen emeklilerin ila\u00e7 kat\u0131l\u0131m pay\u0131, Yak\u0131n Kartlar\u0131na yat\u0131r\u0131lacak.<\/p>\n<p>&#8220;Emeklilerin i\u015fi \u00e7ok zor&#8221;<\/p>\n<p>20 il\u00e7enin her birinde s\u0131k s\u0131k vatanda\u015f ziyaretleri ger\u00e7ekle\u015ftiren Bal\u0131kesir B\u00fcy\u00fck\u015fehir Belediye Ba\u015fkan\u0131 Ahmet Ak\u0131n, bu ziyaretler esnas\u0131nda \u0130htiya\u00e7 sahibi emekli vatanda\u015flar i\u00e7in bir m\u00fcjde verdi. Bundan sonraki s\u00fcre\u00e7te kentte ikamet eden ihtiya\u00e7 sahibi emekli vatanda\u015flar\u0131n ila\u00e7 kat\u0131l\u0131m pay\u0131n\u0131n bug\u00fcnden itibaren Bal\u0131kesir B\u00fcy\u00fck\u015fehir Belediyesi taraf\u0131ndan \u00f6denece\u011fini a\u00e7\u0131klayan Ba\u015fkan Ahmet Ak\u0131n &#8220;Emeklilerimiz i\u00e7in iki mekan daha a\u00e7ma plan\u0131m\u0131z var. 20 il\u00e7emizin tamam\u0131nda da a\u00e7aca\u011f\u0131z. Emeklilerin i\u015fi \u00e7ok zor. Bunun partisi yok, zaten benim partim Bal\u0131kesir. Bal\u0131kesir&#8217;imizde 373 bin emeklimiz var. Her birinin sa\u011fl\u0131\u011f\u0131 bizler i\u00e7in \u00e7ok \u00f6nemli. Y\u0131llar\u0131n\u0131 devletimize, milletimize vermi\u015f olan emeklilerimizin zor g\u00fcn\u00fcnde yanlar\u0131nda olabilmek i\u00e7in ihtiya\u00e7 sahibi emeklilerimizin ila\u00e7 kat\u0131l\u0131m paylar\u0131n\u0131 bug\u00fcnden itibaren Bal\u0131kesir B\u00fcy\u00fck\u015fehir Belediyesi olarak biz \u00f6deyece\u011fiz. T\u00fcm ihtiya\u00e7 sahibi emekli b\u00fcy\u00fcklerimize hay\u0131rl\u0131 olsun&#8221; ifadelerine yer verdi. &#8211; BALIKES\u0130R<\/p>\n","protected":false},"excerpt":{"rendered":"<p>Bal\u0131kesir B\u00fcy\u00fck\u015fehir Belediye Ba\u015fkan\u0131 Ahmet Ak\u0131n, ihtiya\u00e7 sahibi emekli vatanda\u015flar\u0131n ila\u00e7 kat\u0131l\u0131m paylar\u0131n\u0131n belediye taraf\u0131ndan kar\u015f\u0131lanaca\u011f\u0131n\u0131 a\u00e7\u0131klad\u0131. Bu hizmet, emeklilerin ekonomik zorluklar\u0131n\u0131 hafifletmeyi ama\u00e7l\u0131yor.<\/p>\n","protected":false},"author":1,"featured_media":31014,"comment_status":"open","ping_status":"open","sticky":false,"template":"","format":"standard","meta":{"footnotes":""},"categories":[12],"tags":[4781,4780,516,1109,845],"class_list":["post-31013","post","type-post","status-publish","format-standard","has-post-thumbnail","hentry","category-siyaset","tag-ahmet-akin","tag-balikesir","tag-baskan","tag-buyuksehir-belediyesi","tag-emekli"],"_links":{"self":[{"href":"https:\/\/bihavadis.com\/index.php\/wp-json\/wp\/v2\/posts\/31013","targetHints":{"allow":["GET"]}}],"collection":[{"href":"https:\/\/bihavadis.com\/index.php\/wp-json\/wp\/v2\/posts"}],"about":[{"href":"https:\/\/bihavadis.com\/index.php\/wp-json\/wp\/v2\/types\/post"}],"author":[{"embeddable":true,"href":"https:\/\/bihavadis.com\/index.php\/wp-json\/wp\/v2\/users\/1"}],"replies":[{"embeddable":true,"href":"https:\/\/bihavadis.com\/index.php\/wp-json\/wp\/v2\/comments?post=31013"}],"version-history":[{"count":1,"href":"https:\/\/bihavadis.com\/index.php\/wp-json\/wp\/v2\/posts\/31013\/revisions"}],"predecessor-version":[{"id":31015,"href":"https:\/\/bihavadis.com\/index.php\/wp-json\/wp\/v2\/posts\/31013\/revisions\/31015"}],"wp:featuredmedia":[{"embeddable":true,"href":"https:\/\/bihavadis.com\/index.php\/wp-json\/wp\/v2\/media\/31014"}],"wp:attachment":[{"href":"https:\/\/bihavadis.com\/index.php\/wp-json\/wp\/v2\/media?parent=31013"}],"wp:term":[{"taxonomy":"category","embeddable":true,"href":"https:\/\/bihavadis.com\/index.php\/wp-json\/wp\/v2\/categories?post=31013"},{"taxonomy":"post_tag","embeddable":true,"href":"https:\/\/bihavadis.com\/index.php\/wp-json\/wp\/v2\/tags?post=31013"}],"curies":[{"name":"wp","href":"https:\/\/api.w.org\/{rel}","templated":true}]}}