{"id":31019,"date":"2026-02-13T08:21:12","date_gmt":"2026-02-13T08:21:12","guid":{"rendered":"https:\/\/bihavadis.com\/?p=31019"},"modified":"2026-02-13T08:21:12","modified_gmt":"2026-02-13T08:21:12","slug":"izmirde-saganak-sel-felaketi","status":"publish","type":"post","link":"https:\/\/bihavadis.com\/index.php\/2026\/02\/13\/izmirde-saganak-sel-felaketi\/","title":{"rendered":"\u0130zmir&#8217;de Sa\u011fanak Sel Felaketi"},"content":{"rendered":"<p> \u0130zmir&#8217;de etkili olan sa\u011fanak nedeniyle Alsancak Semti&#8217;nde baz\u0131 i\u015f yerlerini su bast\u0131.<\/p>\n<p>Kentte ba\u015flayan kuvvetli sa\u011fanak sabah saatlerinde \u015fiddetini art\u0131rd\u0131. Ya\u011fmur \u00f6zellikle Konak, Gaziemir, Bornova ve Buca il\u00e7elerinde ya\u015fam\u0131 olumsuz etkiledi, baz\u0131 sokak ve yollarda su birikintileri olu\u015ftu.<\/p>\n<p>Ya\u011f\u0131\u015f, Alsancak&#8217;taki baz\u0131 i\u015f yerlerinde su bask\u0131nlar\u0131na neden oldu. Caddede biriken sular nedeniyle ara\u00e7lar zorlukla ilerlerken, i\u015f yerlerini su basan esnaf, temizlik \u00e7al\u0131\u015fmalar\u0131 yapt\u0131. Bir\u00e7ok esnaf d\u00fckkanlar\u0131nda biriken suyu dalg\u0131\u00e7 pompalarla bo\u015faltmaya \u00e7al\u0131\u015ft\u0131.<\/p>\n<p>B\u00f6lgeye sevk edilen \u0130ZSU ekipleri de su tahliyesinde esnafa yard\u0131mc\u0131 oldu.<\/p>\n<p>Esnaf Evren Yurtoda, bulunduklar\u0131 soka\u011f\u0131n her y\u0131l kaz\u0131l\u0131p yap\u0131ld\u0131\u011f\u0131n\u0131, ya\u015fad\u0131klar\u0131 kar\u015f\u0131s\u0131nda s\u00f6yleyecek bir \u015fey bulamad\u0131\u011f\u0131n\u0131 ifade etti.<\/p>\n<p>B\u00f6lgedeki i\u015f yerlerini suyun bast\u0131\u011f\u0131n\u0131 anlatan Yurtoda, &#8220;5 y\u0131ld\u0131r ayn\u0131; sonu\u00e7 ve manzara hi\u00e7 de\u011fi\u015fmiyor. Esnaf kan a\u011fl\u0131yor. Her sene bu manzaray\u0131 ya\u015f\u0131yoruz. Bu duruma hi\u00e7 \u015fa\u015f\u0131rm\u0131yoruz.&#8221; dedi.<\/p>\n<p>Berker Yal\u0131m da her ya\u011fmurdan sonra sokakta ayn\u0131 manzaran\u0131n ya\u015fand\u0131\u011f\u0131n\u0131 kaydetti.<\/p>\n<p>Mahalle sakinleri ve esnaf\u0131n zor durumda oldu\u011funu anlatan Yal\u0131m, &#8220;Yap\u0131lsa da yap\u0131lmasa da ayn\u0131 \u015fey. D\u00fczg\u00fcn yapt\u0131klar\u0131 yok zaten. E\u011fim bu tarafa diyorlar, o tarafa kaz\u0131 yap\u0131yorlar. Her \u015feyi farkl\u0131 farkl\u0131 yap\u0131yorlar. Suyun birinci katlara \u00e7\u0131kmad\u0131\u011f\u0131na \u015fa\u015f\u0131r\u0131yorum. La\u011f\u0131mdan da zeminden de su geliyor. Baya\u011f\u0131 dolu, etraf\u0131 g\u00f6r\u00fcyorsunuz.&#8221; diye konu\u015ftu.<\/p>\n","protected":false},"excerpt":{"rendered":"<p>\u0130zmir&#8217;de etkili olan \u015fiddetli sa\u011fanak, Alsancak&#8217;taki i\u015f yerlerini su bast\u0131, esnaf zorluk ya\u015f\u0131yor.<\/p>\n","protected":false},"author":1,"featured_media":31020,"comment_status":"open","ping_status":"open","sticky":false,"template":"","format":"standard","meta":{"footnotes":""},"categories":[8],"tags":[533],"class_list":["post-31019","post","type-post","status-publish","format-standard","has-post-thumbnail","hentry","category-ekonomi","tag-esnaf"],"_links":{"self":[{"href":"https:\/\/bihavadis.com\/index.php\/wp-json\/wp\/v2\/posts\/31019","targetHints":{"allow":["GET"]}}],"collection":[{"href":"https:\/\/bihavadis.com\/index.php\/wp-json\/wp\/v2\/posts"}],"about":[{"href":"https:\/\/bihavadis.com\/index.php\/wp-json\/wp\/v2\/types\/post"}],"author":[{"embeddable":true,"href":"https:\/\/bihavadis.com\/index.php\/wp-json\/wp\/v2\/users\/1"}],"replies":[{"embeddable":true,"href":"https:\/\/bihavadis.com\/index.php\/wp-json\/wp\/v2\/comments?post=31019"}],"version-history":[{"count":1,"href":"https:\/\/bihavadis.com\/index.php\/wp-json\/wp\/v2\/posts\/31019\/revisions"}],"predecessor-version":[{"id":31021,"href":"https:\/\/bihavadis.com\/index.php\/wp-json\/wp\/v2\/posts\/31019\/revisions\/31021"}],"wp:featuredmedia":[{"embeddable":true,"href":"https:\/\/bihavadis.com\/index.php\/wp-json\/wp\/v2\/media\/31020"}],"wp:attachment":[{"href":"https:\/\/bihavadis.com\/index.php\/wp-json\/wp\/v2\/media?parent=31019"}],"wp:term":[{"taxonomy":"category","embeddable":true,"href":"https:\/\/bihavadis.com\/index.php\/wp-json\/wp\/v2\/categories?post=31019"},{"taxonomy":"post_tag","embeddable":true,"href":"https:\/\/bihavadis.com\/index.php\/wp-json\/wp\/v2\/tags?post=31019"}],"curies":[{"name":"wp","href":"https:\/\/api.w.org\/{rel}","templated":true}]}}