{"id":31022,"date":"2026-02-13T08:24:06","date_gmt":"2026-02-13T08:24:06","guid":{"rendered":"https:\/\/bihavadis.com\/?p=31022"},"modified":"2026-02-13T08:24:06","modified_gmt":"2026-02-13T08:24:06","slug":"gorele-belediye-baskani-hasbi-dedeye-adli-kontrol","status":"publish","type":"post","link":"https:\/\/bihavadis.com\/index.php\/2026\/02\/13\/gorele-belediye-baskani-hasbi-dedeye-adli-kontrol\/","title":{"rendered":"G\u00f6rele Belediye Ba\u015fkan\u0131 Hasbi Dede\u2019ye adli kontrol"},"content":{"rendered":"<p>CHP\u2019li G\u00f6rele Belediye Ba\u015fkan\u0131 Hasbi Dede, sosyal medya hesab\u0131 \u00fczerinden payla\u015ft\u0131\u011f\u0131 \u00f6ne s\u00fcr\u00fclen bir mesaj nedeniyle yap\u0131lan \u015fik\u00e2yet \u00fczerine G\u00f6rele Cumhuriyet Savc\u0131l\u0131\u011f\u0131 taraf\u0131ndan ifadeye \u00e7a\u011fr\u0131ld\u0131. Ak\u015fam saatlerinde adliyeye gelen Dede\u2019nin savc\u0131l\u0131ktaki ifade i\u015flemleri bir s\u00fcre devam etti.<\/p>\n<p><strong>TUTUKLAMA TALEB\u0130YLE MAHKEMEYE SEVK ED\u0130LD\u0130<\/strong><\/p>\n<p>Savc\u0131l\u0131ktaki i\u015flemlerinin ard\u0131ndan tutuklama talebiyle n\u00f6bet\u00e7i mahkemeye sevk edilen Ba\u015fkan Dede, \u00e7\u0131kar\u0131ld\u0131\u011f\u0131 mahkemece tutuksuz yarg\u0131lanmak \u00fczere adli kontrol \u015fart\u0131yla serbest b\u0131rak\u0131ld\u0131. Soru\u015fturma kapsam\u0131nda Dede\u2019ye ait cep telefonlar\u0131na da inceleme yap\u0131lmak \u00fczere el konuldu\u011fu \u00f6\u011frenildi.<\/p>\n<p><img decoding=\"async\" src=\"https:\/\/bihavadis.com\/wp-content\/uploads\/2026\/02\/gorele-belediye-baskani-hasbi-dedeye-adli-kontrol-0-yvYwgYUP.jpg\"\/><\/p>\n<p><strong>ADL\u0130YE \u00d6N\u00dcNDE A\u00c7IKLAMA<\/strong><\/p>\n<p>Mahkeme \u00e7\u0131k\u0131\u015f\u0131nda kendisini bekleyen vatanda\u015flara k\u0131sa bir a\u00e7\u0131klama yapan Hasbi Dede, ya\u015fanan s\u00fcre\u00e7 nedeniyle \u00fcz\u00fcnt\u00fc duydu\u011funu ifade ederek, \u015funlar\u0131 s\u00f6yledi:<\/p>\n<p>4 Nisan 2024\u2019te burada hep birlikte mazbatam\u0131z\u0131 ald\u0131k. Bug\u00fcn ise hakim kar\u015f\u0131s\u0131na \u00e7\u0131kt\u0131m. Sizleri mahcup ettiysem \u00f6z\u00fcr diliyorum. Ancak bundan sonra g\u00f6revime daha g\u00fc\u00e7l\u00fc bir \u015fekilde devam edece\u011fim.<\/p>\n<p><img decoding=\"async\" src=\"https:\/\/bihavadis.com\/wp-content\/uploads\/2026\/02\/gorele-belediye-baskani-hasbi-dedeye-adli-kontrol-1-MkapaPUd.jpg\"\/><\/p>\n<p><strong>&#8220;G\u00d6REV\u0130ME NAMUSUM VE HAYS\u0130YET\u0130M \u00dcZER\u0130NE DEVAM EDECE\u011e\u0130M&#8221;<\/strong><\/p>\n<p>Dede, konu\u015fmas\u0131nda kendisine verilen g\u00f6revin sorumlulu\u011funun bilincinde oldu\u011funu vurgulayarak,<em><b> \u201cBu g\u00f6revi 5 y\u0131l boyunca namusum ve haysiyetim \u00fczerine yemin ederek s\u00fcrd\u00fcrece\u011fim. Hizmet etmeye devam edece\u011fiz, bu s\u00fcre\u00e7lerde dik duraca\u011f\u0131z\u201d<\/b><\/em> ifadelerini kulland\u0131.<\/p>\n<p>G\u00f6rele Belediye Ba\u015fkan\u0131 Hasbi Dede hakk\u0131nda ba\u015flat\u0131lan soru\u015fturman\u0131n devam etti\u011fi bildirildi.<\/p>\n<p><img decoding=\"async\" src=\"https:\/\/bihavadis.com\/wp-content\/uploads\/2026\/02\/gorele-belediye-baskani-hasbi-dedeye-adli-kontrol-2-q5waOXYJ.jpg\"\/><\/p>\n<p><img decoding=\"async\" src=\"https:\/\/bihavadis.com\/wp-content\/uploads\/2026\/02\/gorele-belediye-baskani-hasbi-dedeye-adli-kontrol-3-hDKgkx98.jpg\"\/><\/p>\n","protected":false},"excerpt":{"rendered":"<p>Savc\u0131l\u0131k taraf\u0131ndan ifadeye \u00e7a\u011fr\u0131lan G\u00f6rele Belediye Ba\u015fkan\u0131 Hasbi Dede, y\u00fcr\u00fct\u00fclen soru\u015fturma kapsam\u0131nda \u00e7\u0131kar\u0131ld\u0131\u011f\u0131 mahkemece adli kontrol \u015fart\u0131yla serbest b\u0131rak\u0131ld\u0131<\/p>\n","protected":false},"author":1,"featured_media":31023,"comment_status":"open","ping_status":"open","sticky":false,"template":"","format":"standard","meta":{"footnotes":""},"categories":[4,13],"tags":[3713],"class_list":["post-31022","post","type-post","status-publish","format-standard","has-post-thumbnail","hentry","category-gundem","category-son-dakika","tag-dede"],"_links":{"self":[{"href":"https:\/\/bihavadis.com\/index.php\/wp-json\/wp\/v2\/posts\/31022","targetHints":{"allow":["GET"]}}],"collection":[{"href":"https:\/\/bihavadis.com\/index.php\/wp-json\/wp\/v2\/posts"}],"about":[{"href":"https:\/\/bihavadis.com\/index.php\/wp-json\/wp\/v2\/types\/post"}],"author":[{"embeddable":true,"href":"https:\/\/bihavadis.com\/index.php\/wp-json\/wp\/v2\/users\/1"}],"replies":[{"embeddable":true,"href":"https:\/\/bihavadis.com\/index.php\/wp-json\/wp\/v2\/comments?post=31022"}],"version-history":[{"count":1,"href":"https:\/\/bihavadis.com\/index.php\/wp-json\/wp\/v2\/posts\/31022\/revisions"}],"predecessor-version":[{"id":31028,"href":"https:\/\/bihavadis.com\/index.php\/wp-json\/wp\/v2\/posts\/31022\/revisions\/31028"}],"wp:featuredmedia":[{"embeddable":true,"href":"https:\/\/bihavadis.com\/index.php\/wp-json\/wp\/v2\/media\/31023"}],"wp:attachment":[{"href":"https:\/\/bihavadis.com\/index.php\/wp-json\/wp\/v2\/media?parent=31022"}],"wp:term":[{"taxonomy":"category","embeddable":true,"href":"https:\/\/bihavadis.com\/index.php\/wp-json\/wp\/v2\/categories?post=31022"},{"taxonomy":"post_tag","embeddable":true,"href":"https:\/\/bihavadis.com\/index.php\/wp-json\/wp\/v2\/tags?post=31022"}],"curies":[{"name":"wp","href":"https:\/\/api.w.org\/{rel}","templated":true}]}}