{"id":31160,"date":"2026-02-13T10:06:06","date_gmt":"2026-02-13T10:06:06","guid":{"rendered":"https:\/\/bihavadis.com\/?p=31160"},"modified":"2026-02-13T10:06:06","modified_gmt":"2026-02-13T10:06:06","slug":"manisada-zincirleme-kaza-6-yarali","status":"publish","type":"post","link":"https:\/\/bihavadis.com\/index.php\/2026\/02\/13\/manisada-zincirleme-kaza-6-yarali\/","title":{"rendered":"Manisa\u2019da zincirleme kaza: 6 yaral\u0131"},"content":{"rendered":"<p>Manisa\u2019n\u0131n Yunusemre il\u00e7esi\u00a0Muradiye Kav\u015fa\u011f\u0131 mevkiinde seyir halindeki 16 AFP 130 plakal\u0131 otomobil, \u00f6n\u00fcnde ilerleyen 45 ET 318 plakal\u0131 trakt\u00f6r\u00fcn r\u00f6morkuna arkadan \u00e7arpt\u0131.<\/p>\n<p><strong>YOLCU OTOB\u00dcS\u00dc, OTOMOB\u0130LE \u00c7ARPTI<\/strong><\/p>\n<p>\u00c7arpman\u0131n etkisiyle duran otomobile, ayn\u0131 y\u00f6nde ilerleyen 10 HF 160 plakal\u0131 \u015fehirler aras\u0131 yolcu otob\u00fcs\u00fc de \u00e7arparak kazaya dahil oldu.<\/p>\n<p><strong>6 K\u0130\u015e\u0130 YARALANDI<\/strong><\/p>\n<p>Kazan\u0131n ard\u0131ndan \u00e7evredekilerin ihbar\u0131 \u00fczerine olay yerine sa\u011fl\u0131k, polis ve itfaiye ekipleri sevk edildi. Yaralanan 6 ki\u015fi, ambulanslarla \u00e7evredeki hastanelere kald\u0131r\u0131larak tedavi alt\u0131na al\u0131nd\u0131.<\/p>\n<p><img decoding=\"async\" src=\"https:\/\/bihavadis.com\/wp-content\/uploads\/2026\/02\/manisada-zincirleme-kaza-6-yarali-0-ksfUKj7l.jpg\"\/><\/p>\n<p><img decoding=\"async\" src=\"https:\/\/bihavadis.com\/wp-content\/uploads\/2026\/02\/manisada-zincirleme-kaza-6-yarali-1-T7ilTnV7.jpg\"\/><\/p>\n<p><img decoding=\"async\" src=\"https:\/\/bihavadis.com\/wp-content\/uploads\/2026\/02\/manisada-zincirleme-kaza-6-yarali-2-OyQVfIKa.jpg\"\/><\/p>\n<p><img decoding=\"async\" src=\"https:\/\/bihavadis.com\/wp-content\/uploads\/2026\/02\/manisada-zincirleme-kaza-6-yarali-3-fdukW6K7.jpg\"\/><\/p>\n","protected":false},"excerpt":{"rendered":"<p>Yunusemre il\u00e7esinde otomobil, trakt\u00f6r ve \u015fehirler aras\u0131 yolcu otob\u00fcs\u00fcn\u00fcn kar\u0131\u015ft\u0131\u011f\u0131 zincirleme trafik kazas\u0131nda 6 ki\u015fi yaraland\u0131.<\/p>\n","protected":false},"author":1,"featured_media":31161,"comment_status":"open","ping_status":"open","sticky":false,"template":"","format":"standard","meta":{"footnotes":""},"categories":[4,13],"tags":[],"class_list":["post-31160","post","type-post","status-publish","format-standard","has-post-thumbnail","hentry","category-gundem","category-son-dakika"],"_links":{"self":[{"href":"https:\/\/bihavadis.com\/index.php\/wp-json\/wp\/v2\/posts\/31160","targetHints":{"allow":["GET"]}}],"collection":[{"href":"https:\/\/bihavadis.com\/index.php\/wp-json\/wp\/v2\/posts"}],"about":[{"href":"https:\/\/bihavadis.com\/index.php\/wp-json\/wp\/v2\/types\/post"}],"author":[{"embeddable":true,"href":"https:\/\/bihavadis.com\/index.php\/wp-json\/wp\/v2\/users\/1"}],"replies":[{"embeddable":true,"href":"https:\/\/bihavadis.com\/index.php\/wp-json\/wp\/v2\/comments?post=31160"}],"version-history":[{"count":1,"href":"https:\/\/bihavadis.com\/index.php\/wp-json\/wp\/v2\/posts\/31160\/revisions"}],"predecessor-version":[{"id":31166,"href":"https:\/\/bihavadis.com\/index.php\/wp-json\/wp\/v2\/posts\/31160\/revisions\/31166"}],"wp:featuredmedia":[{"embeddable":true,"href":"https:\/\/bihavadis.com\/index.php\/wp-json\/wp\/v2\/media\/31161"}],"wp:attachment":[{"href":"https:\/\/bihavadis.com\/index.php\/wp-json\/wp\/v2\/media?parent=31160"}],"wp:term":[{"taxonomy":"category","embeddable":true,"href":"https:\/\/bihavadis.com\/index.php\/wp-json\/wp\/v2\/categories?post=31160"},{"taxonomy":"post_tag","embeddable":true,"href":"https:\/\/bihavadis.com\/index.php\/wp-json\/wp\/v2\/tags?post=31160"}],"curies":[{"name":"wp","href":"https:\/\/api.w.org\/{rel}","templated":true}]}}