{"id":31214,"date":"2026-02-13T10:45:07","date_gmt":"2026-02-13T10:45:07","guid":{"rendered":"https:\/\/bihavadis.com\/?p=31214"},"modified":"2026-02-13T10:45:07","modified_gmt":"2026-02-13T10:45:07","slug":"turkiyenin-suudi-arabistan-ile-savunma-hamlesi-israili-korkuttu","status":"publish","type":"post","link":"https:\/\/bihavadis.com\/index.php\/2026\/02\/13\/turkiyenin-suudi-arabistan-ile-savunma-hamlesi-israili-korkuttu\/","title":{"rendered":"T\u00fcrkiye\u2019nin Suudi Arabistan ile savunma hamlesi, \u0130srail&#8217;i korkuttu"},"content":{"rendered":"<p>T\u00fcrkiye ile Suudi Arabistan aras\u0131nda \u015fekillenen savunma sanayii i\u015f birli\u011fi, \u00f6zellikle milli muharip u\u00e7ak KAAN \u00fczerinden y\u00fcr\u00fct\u00fclen g\u00f6r\u00fc\u015fmelerle b\u00f6lgesel dengelerde yeni bir d\u00f6nemin kap\u0131s\u0131n\u0131 aralad\u0131.<\/p>\n<p>\u0130srail bas\u0131n\u0131, olas\u0131 anla\u015fman\u0131n T\u00fcrkiye\u2019nin K\u00f6rfez\u2019deki etkisini ciddi bi\u00e7imde art\u0131rabilece\u011fine dikkat \u00e7ekti.<\/p>\n<p><strong>ERDO\u011eAN&#8217;IN R\u0130YAD Z\u0130YARET\u0130NDE S\u00dcRE\u00c7 HIZ KAZANDI<\/strong><\/p>\n<p>Cumhurba\u015fkan\u0131 Recep Tayyip Erdo\u011fan\u2019\u0131n Suudi Arabistan\u2019a ger\u00e7ekle\u015ftirdi\u011fi resmi ziyaret, iki \u00fclke aras\u0131ndaki ili\u015fkilerde \u00f6nemli ba\u015fl\u0131klar\u0131 g\u00fcndeme ta\u015f\u0131d\u0131. Ziyaret kapsam\u0131nda T\u00fcrkiye ile Suudi Arabistan aras\u0131nda yakla\u015f\u0131k 2 milyar dolarl\u0131k g\u00fcne\u015f enerjisi anla\u015fmas\u0131na imza at\u0131ld\u0131.<\/p>\n<p><img decoding=\"async\" src=\"https:\/\/bihavadis.com\/wp-content\/uploads\/2026\/02\/turkiyenin-suudi-arabistan-ile-savunma-hamlesi-israili-korkuttu-0-JwK9KsHK.jpg\"\/><\/p>\n<p><strong>SAVUNMA SANAY\u0130\u0130NDE \u00dcST D\u00dcZEY TEMASLAR<\/strong><\/p>\n<p>Ziyarette Savunma Sanayii Ba\u015fkan\u0131 Prof. Dr. Haluk G\u00f6rg\u00fcn de Suudi Arabistan Veliaht Prensi Muhammed bin Selman ile yap\u0131lan g\u00f6r\u00fc\u015fmelere kat\u0131ld\u0131. G\u00f6r\u00fc\u015fmelerde, savunma sanayii ve ileri teknoloji alanlar\u0131nda i\u015f birli\u011fi imkanlar\u0131 ele al\u0131nd\u0131.<\/p>\n<p><strong>SUUD\u0130 ARAB\u0130STAN&#8217;IN KAAN&#8217;A \u0130LG\u0130S\u0130 D\u0130KKAT \u00c7EKT\u0130<\/strong><\/p>\n<p>Ziyaretin ard\u0131ndan Suudi Arabistan\u2019\u0131n T\u00fcrkiye\u2019nin milli muharip u\u00e7a\u011f\u0131 KAAN\u2019a ilgi duydu\u011fu y\u00f6n\u00fcndeki haberler g\u00fcndeme geldi.<\/p>\n<p>TUSA\u015e Genel M\u00fcd\u00fcr\u00fc Mehmet Demiro\u011flu, s\u00fcrece ili\u015fkin yapt\u0131\u011f\u0131 a\u00e7\u0131klamada, g\u00f6r\u00fc\u015fmelerin uzun s\u00fcredir devam etti\u011fini ve en \u00fcst seviyeye ta\u015f\u0131nd\u0131\u011f\u0131n\u0131 belirterek, yak\u0131n zamanda olumlu bir geli\u015fmenin kamuoyuyla payla\u015f\u0131labilece\u011fini ifade etti.<\/p>\n<p><strong>\u0130SRA\u0130L BASINI: &#8220;DEV ANLA\u015eMA YAKLA\u015eIYOR&#8221;<\/strong><\/p>\n<p>\u0130srail\u2019de yay\u0131mlanan Maariv gazetesi, T\u00fcrkiye ile Suudi Arabistan aras\u0131nda olas\u0131 bir savunma anla\u015fmas\u0131n\u0131n \u0130srail\u2019de endi\u015feyle takip edildi\u011fini yazd\u0131. Gazeteye g\u00f6re anla\u015fma, 20 ila 100 adet KAAN sava\u015f u\u00e7a\u011f\u0131n\u0131n yan\u0131 s\u0131ra G\u00f6kbey \u00e7ok ama\u00e7l\u0131 helikopter al\u0131m\u0131n\u0131 da kapsayabilir.<\/p>\n<p><img decoding=\"async\" src=\"https:\/\/bihavadis.com\/wp-content\/uploads\/2026\/02\/turkiyenin-suudi-arabistan-ile-savunma-hamlesi-israili-korkuttu-1-M2vCDqrF.jpg\"\/><\/p>\n<p><strong>&#8220;\u0130LER\u0130 D\u00dcZEY M\u00dcZAKERELER Y\u00dcR\u00dcT\u00dcL\u00dcYOR&#8221;<\/strong><\/p>\n<p>Maariv\u2019in haberinde, taraflar aras\u0131nda KAAN sat\u0131\u015f\u0131 konusunda ileri a\u015famada m\u00fczakereler yap\u0131ld\u0131\u011f\u0131 ve 2026 y\u0131l\u0131 i\u00e7inde \u00f6nemli bir anla\u015fman\u0131n imzalanmas\u0131n\u0131n m\u00fcmk\u00fcn oldu\u011fu belirtildi. Anla\u015fman\u0131n sadece sat\u0131\u015fla s\u0131n\u0131rl\u0131 kalmayabilece\u011fi, nihai montaj hatt\u0131 kurulmas\u0131 veya ortak \u00fcretim gibi modellerin de masada oldu\u011fu aktar\u0131ld\u0131.<\/p>\n<p><strong>&#8220;G\u00d6KBEY HEL\u0130KOPTER\u0130 DE PAKETTE&#8221;<\/strong><\/p>\n<p>Haberde, T\u00fcrk yap\u0131m\u0131 G\u00f6kbey helikopterinin hem askeri hem de sivil kullan\u0131m alanlar\u0131yla Suudi Arabistan\u2019\u0131n operasyonel ihtiya\u00e7lar\u0131na cevap verebilecek bir platform olarak de\u011ferlendirildi\u011fi ifade edildi.<\/p>\n<p><strong>&#8220;ANKARA&#8217;NIN K\u00d6RFEZ&#8217;DEK\u0130 ETK\u0130S\u0130 GEN\u0130\u015eL\u0130YOR&#8221;<\/strong><\/p>\n<p>\u0130srail bas\u0131n\u0131, ayr\u0131ca Riyad\u2019da a\u00e7\u0131lmas\u0131 planlanan b\u00f6lgesel ofisin, T\u00fcrkiye\u2019nin K\u00f6rfez \u00fclkeleriyle savunma sanayii i\u015f birliklerini kal\u0131c\u0131 hale getirmeyi ama\u00e7lad\u0131\u011f\u0131n\u0131 yazd\u0131. Bu ad\u0131m\u0131n, Ankara\u2019n\u0131n savunma ihracat\u0131n\u0131 b\u00f6lgesel \u00f6l\u00e7ekte b\u00fcy\u00fctme stratejisinin \u00f6nemli bir par\u00e7as\u0131 oldu\u011fu vurguland\u0131.<\/p>\n<p><img decoding=\"async\" src=\"https:\/\/bihavadis.com\/wp-content\/uploads\/2026\/02\/turkiyenin-suudi-arabistan-ile-savunma-hamlesi-israili-korkuttu-2-xcsL8zKI.jpg\"\/><\/p>\n","protected":false},"excerpt":{"rendered":"<p>KAAN merkezli T\u00fcrkiye-Suudi Arabistan savunma i\u015f birli\u011fi, \u0130srail bas\u0131n\u0131nda Ankara\u2019n\u0131n K\u00f6rfez\u2019deki askeri ve siyasi a\u011f\u0131rl\u0131\u011f\u0131n\u0131 art\u0131ran stratejik bir ad\u0131m olarak de\u011ferlendiriliyor.<\/p>\n","protected":false},"author":1,"featured_media":31215,"comment_status":"open","ping_status":"open","sticky":false,"template":"","format":"standard","meta":{"footnotes":""},"categories":[9,13],"tags":[1426,792,514,197,319],"class_list":["post-31214","post","type-post","status-publish","format-standard","has-post-thumbnail","hentry","category-genel","category-son-dakika","tag-anlasma","tag-israil","tag-suudi-arabistan","tag-turkiye","tag-ziyaret"],"_links":{"self":[{"href":"https:\/\/bihavadis.com\/index.php\/wp-json\/wp\/v2\/posts\/31214","targetHints":{"allow":["GET"]}}],"collection":[{"href":"https:\/\/bihavadis.com\/index.php\/wp-json\/wp\/v2\/posts"}],"about":[{"href":"https:\/\/bihavadis.com\/index.php\/wp-json\/wp\/v2\/types\/post"}],"author":[{"embeddable":true,"href":"https:\/\/bihavadis.com\/index.php\/wp-json\/wp\/v2\/users\/1"}],"replies":[{"embeddable":true,"href":"https:\/\/bihavadis.com\/index.php\/wp-json\/wp\/v2\/comments?post=31214"}],"version-history":[{"count":1,"href":"https:\/\/bihavadis.com\/index.php\/wp-json\/wp\/v2\/posts\/31214\/revisions"}],"predecessor-version":[{"id":31219,"href":"https:\/\/bihavadis.com\/index.php\/wp-json\/wp\/v2\/posts\/31214\/revisions\/31219"}],"wp:featuredmedia":[{"embeddable":true,"href":"https:\/\/bihavadis.com\/index.php\/wp-json\/wp\/v2\/media\/31215"}],"wp:attachment":[{"href":"https:\/\/bihavadis.com\/index.php\/wp-json\/wp\/v2\/media?parent=31214"}],"wp:term":[{"taxonomy":"category","embeddable":true,"href":"https:\/\/bihavadis.com\/index.php\/wp-json\/wp\/v2\/categories?post=31214"},{"taxonomy":"post_tag","embeddable":true,"href":"https:\/\/bihavadis.com\/index.php\/wp-json\/wp\/v2\/tags?post=31214"}],"curies":[{"name":"wp","href":"https:\/\/api.w.org\/{rel}","templated":true}]}}