{"id":31267,"date":"2026-02-13T11:21:37","date_gmt":"2026-02-13T11:21:37","guid":{"rendered":"https:\/\/bihavadis.com\/?p=31267"},"modified":"2026-02-13T11:21:37","modified_gmt":"2026-02-13T11:21:37","slug":"kemal-ceber-ile-gaziantepin-gelecegi","status":"publish","type":"post","link":"https:\/\/bihavadis.com\/index.php\/2026\/02\/13\/kemal-ceber-ile-gaziantepin-gelecegi\/","title":{"rendered":"Kemal \u00c7eber ile Gaziantep&#8217;in Gelece\u011fi"},"content":{"rendered":"<p>Face Dergisi&#8217;nin yeni say\u0131s\u0131nda kapak konu\u011fu, Kemal \u00c7eber oldu. Vali \u00c7eber, Gaziantep&#8217;in tarihsel birikiminden sanayi g\u00fcc\u00fcne, giri\u015fimci ruhundan marka \u015fehir vizyonuna uzanan d\u00f6n\u00fc\u015f\u00fcm s\u00fcrecini de\u011ferlendirdi.<\/p>\n<p>Gaziantep merkezli yay\u0131n hayat\u0131n\u0131 s\u00fcrd\u00fcren Face Dergisi, yeni say\u0131s\u0131nda kentin vizyonunu ve gelece\u011fe dair hedeflerini, Gaziantep Valisi Kemal \u00c7eber ile ger\u00e7ekle\u015ftirdi\u011fi \u00f6zel kapak r\u00f6portaj\u0131yla okurlar\u0131yla bulu\u015fturdu.<\/p>\n<p>R\u00f6portajda Gaziantep&#8217;in binlerce y\u0131ll\u0131k k\u00fclt\u00fcrel miras\u0131n\u0131 de\u011ferlendiren Vali \u00c7eber, \u015fehrin \u00e7al\u0131\u015fkan, m\u00fccadeleci ve \u00fcretken yap\u0131s\u0131n\u0131n bu tarihsel birikimin do\u011fal bir sonucu oldu\u011funa dikkat \u00e7ekti. Gaziantep&#8217;in sanayi, ticaret ve giri\u015fimcilik alanlar\u0131nda ortaya koydu\u011fu g\u00fc\u00e7l\u00fc duru\u015fun, kenti T\u00fcrkiye&#8217;nin en \u00f6nemli \u00fcretim merkezlerinden biri haline getirdi\u011fini vurgulad\u0131.<\/p>\n<p>Gaziantep&#8217;in &#8220;marka \u015fehir&#8221; yolculu\u011funda \u00f6nemli bir noktada bulundu\u011funu ifade eden \u00c7eber, bu kimli\u011fin do\u011fru stratejiler ve ortak ak\u0131lla desteklenmesi halinde \u015fehrin gelecekte \u00e7ok daha ileri bir konuma ta\u015f\u0131naca\u011f\u0131n\u0131 belirtti. Kamu, \u00f6zel sekt\u00f6r ve sivil toplum i\u015f birli\u011finin \u00f6nemine de de\u011finen \u00c7eber, Gaziantep&#8217;in T\u00fcrkiye i\u00e7in \u00f6rnek bir \u015fehir modeli sundu\u011funu dile getirdi.<\/p>\n<p>R\u00f6portaja ili\u015fkin de\u011ferlendirmede bulunan Face Dergisi Genel Yay\u0131n Y\u00f6netmeni \u015eafak Sal\u0131c\u0131, Gaziantep Valisi Kemal \u00c7eber&#8217;e samimi payla\u015f\u0131mlar\u0131 ve i\u00e7ten anlat\u0131m\u0131 dolay\u0131s\u0131yla te\u015fekk\u00fcr etti.<\/p>\n<p>Sal\u0131c\u0131, &#8220;Gaziantep; tarihi, \u00fcretim g\u00fcc\u00fc ve insan kayna\u011f\u0131yla T\u00fcrkiye&#8217;nin en \u00f6zel \u015fehirlerinden biri. Valimizin r\u00f6portajda da alt\u0131n\u0131 \u00e7izdi\u011fi gibi bu \u015fehir, yaln\u0131zca sanayisiyle de\u011fil; k\u00fclt\u00fcr\u00fc, giri\u015fimci ruhu ve g\u00fc\u00e7l\u00fc karde\u015flik iklimiyle de \u00e7ok \u00f6zel bir karaktere sahip. Face Dergisi olarak Gaziantep&#8217;in bu \u00e7ok katmanl\u0131 yap\u0131s\u0131n\u0131, \u015fehri y\u00f6neten ve vizyon ortaya koyan isimlerin anlat\u0131m\u0131yla okurlar\u0131m\u0131za aktarmay\u0131 \u00f6nemsiyoruz. Valimize dergimize g\u00f6sterdi\u011fi ilgi ve i\u00e7ten de\u011ferlendirmeleri i\u00e7in te\u015fekk\u00fcr ediyorum&#8221; dedi.<\/p>\n<p>Birbirinden \u00f6zel konu ve konuklar\u0131n yer ald\u0131\u011f\u0131 Face Dergisi&#8217;nin yeni say\u0131s\u0131; alan\u0131nda uzman yazarlar\u0131n de\u011ferlendirmeleri, g\u00fcncel dosya ba\u015fl\u0131klar\u0131 ve zengin i\u00e7eri\u011fiyle okurlar\u0131yla bulu\u015ftu. &#8211; GAZ\u0130ANTEP<\/p>\n","protected":false},"excerpt":{"rendered":"<p>Face Dergisi, Vali Kemal \u00c7eber ile Gaziantep&#8217;in d\u00f6n\u00fc\u015f\u00fcm\u00fcn\u00fc ve marka \u015fehir hedeflerini de\u011ferlendirdi.<\/p>\n","protected":false},"author":1,"featured_media":31268,"comment_status":"open","ping_status":"open","sticky":false,"template":"","format":"standard","meta":{"footnotes":""},"categories":[12],"tags":[4800,1777,1461,321],"class_list":["post-31267","post","type-post","status-publish","format-standard","has-post-thumbnail","hentry","category-siyaset","tag-ceber","tag-gaziantep","tag-sehir","tag-vali"],"_links":{"self":[{"href":"https:\/\/bihavadis.com\/index.php\/wp-json\/wp\/v2\/posts\/31267","targetHints":{"allow":["GET"]}}],"collection":[{"href":"https:\/\/bihavadis.com\/index.php\/wp-json\/wp\/v2\/posts"}],"about":[{"href":"https:\/\/bihavadis.com\/index.php\/wp-json\/wp\/v2\/types\/post"}],"author":[{"embeddable":true,"href":"https:\/\/bihavadis.com\/index.php\/wp-json\/wp\/v2\/users\/1"}],"replies":[{"embeddable":true,"href":"https:\/\/bihavadis.com\/index.php\/wp-json\/wp\/v2\/comments?post=31267"}],"version-history":[{"count":1,"href":"https:\/\/bihavadis.com\/index.php\/wp-json\/wp\/v2\/posts\/31267\/revisions"}],"predecessor-version":[{"id":31269,"href":"https:\/\/bihavadis.com\/index.php\/wp-json\/wp\/v2\/posts\/31267\/revisions\/31269"}],"wp:featuredmedia":[{"embeddable":true,"href":"https:\/\/bihavadis.com\/index.php\/wp-json\/wp\/v2\/media\/31268"}],"wp:attachment":[{"href":"https:\/\/bihavadis.com\/index.php\/wp-json\/wp\/v2\/media?parent=31267"}],"wp:term":[{"taxonomy":"category","embeddable":true,"href":"https:\/\/bihavadis.com\/index.php\/wp-json\/wp\/v2\/categories?post=31267"},{"taxonomy":"post_tag","embeddable":true,"href":"https:\/\/bihavadis.com\/index.php\/wp-json\/wp\/v2\/tags?post=31267"}],"curies":[{"name":"wp","href":"https:\/\/api.w.org\/{rel}","templated":true}]}}