{"id":31385,"date":"2026-02-13T12:39:07","date_gmt":"2026-02-13T12:39:07","guid":{"rendered":"https:\/\/bihavadis.com\/?p=31385"},"modified":"2026-02-13T12:39:07","modified_gmt":"2026-02-13T12:39:07","slug":"yusuf-simsek-altaydan-istifa-etti","status":"publish","type":"post","link":"https:\/\/bihavadis.com\/index.php\/2026\/02\/13\/yusuf-simsek-altaydan-istifa-etti\/","title":{"rendered":"Yusuf \u015eim\u015fek, Altay&#8217;dan \u0130stifa Etti"},"content":{"rendered":"<p> Altay&#8217;da teknik direkt\u00f6rl\u00fck g\u00f6revinden istifa ederek ayr\u0131lan Yusuf \u015fim\u015fek, sosyal medya hesaplar\u0131ndan yaz\u0131l\u0131 bir a\u00e7\u0131klama yaparak, &#8220;Ben \u00e7ok istememe ra\u011fmen y\u00f6neticilerimiz bizim kalmam\u0131z\u0131 istemediler&#8221; dedi.<\/p>\n<p>Altay&#8217;da sular bir t\u00fcrl\u00fc durulmuyor. Son g\u00fcnlerde, eski futbolcusu Adam Stachowiak&#8217;\u0131n ge\u00e7mi\u015f d\u00f6nemlerden kalan alacaklar\u0131 nedeniyle FIFA taraf\u0131ndan 6 puan silme cezas\u0131 alan siyah-beyazl\u0131 ekip, bu kez de teknik direkt\u00f6r Yusuf \u015eim\u015fek&#8217;in ayr\u0131l\u0131\u011f\u0131yla sars\u0131ld\u0131. Deneyimli teknik adam, bu ani ayr\u0131l\u0131\u011f\u0131n nedenlerini sosyal medya hesaplar\u0131ndan yapt\u0131\u011f\u0131 yaz\u0131l\u0131 a\u00e7\u0131klamayla kamuoyuna duyurdu.<\/p>\n<p>\u0130kinci defa g\u00f6reve gelirken kul\u00fcb\u00fcn i\u00e7inde bulundu\u011fu durumu bilerek geldiklerini ifade eden Yusuf \u015eim\u015fek, &#8220;Bir kez ba\u015fard\u0131k, bir kez daha ba\u015farabilece\u011fimize olan inanc\u0131m\u0131z bizim i\u00e7in \u00f6nemli bir motivasyon kayna\u011f\u0131 oldu. K\u0131sa s\u00fcrede sa\u011flad\u0131\u011f\u0131m\u0131z birliktelikle, 1 puanla ald\u0131\u011f\u0131m\u0131z tak\u0131m\u0131 ilk yar\u0131 sonunda, son d\u00f6rt ma\u00e7\u0131 kazanarak 18 puanla 10, s\u0131rada bitirmeyi ba\u015fard\u0131k. Araya giren kongre s\u00fcreci \u00f6ncesi yapt\u0131\u011f\u0131m\u0131z g\u00f6r\u00fc\u015fmelerde, mevcut kadronun korunmas\u0131 halinde &#8211; 12 puan\u0131 bile tolere edip ligde kalaca\u011f\u0131m\u0131z\u0131 beyan ettim.<\/p>\n<p>Bunun kar\u015f\u0131l\u0131\u011f\u0131 olarak &#8216;o tak\u0131mlar\u0131 herkes yeniyor&#8217; denilerek ba\u015far\u0131m\u0131z de\u011fersizle\u015ftirilse de, bug\u00fcn &#8216;b\u0131rak\u0131p ka\u00e7t\u0131&#8221; diyenlere inat, m\u00fccadeleye devam etme konusunda ekip arkada\u015flar\u0131m\u0131n rahats\u0131z olmalar\u0131na ra\u011fmen devam etme karar\u0131 ald\u0131k. Kongre belirsizli\u011finden en az etkilenilmesi ad\u0131na antrenmanlara devam ettik&#8221; ifadelerine yer verdi.<\/p>\n<p>&#8220;\u00d6deme yap\u0131lmamas\u0131na ra\u011fmen antrenmanlara devam ettik&#8221;<\/p>\n<p>\u00d6demeler konusuna da de\u011finen \u015eim\u015fek, &#8220;Devre aras\u0131na girerken hak edilmi\u015f 2 maa\u015f ve 4 ma\u00e7 priminden 1 lira bile \u00f6deme yap\u0131lmamas\u0131na ra\u011fmen antrenman yapmay\u0131 s\u00fcrd\u00fcrd\u00fck. \u00d6deme istedi\u011fimizde &#8216;bende para yok de\u011fil, var; vermeyece\u011fim \u00e7\u00fcnk\u00fc bu bir \u00f6l\u00fc yat\u0131r\u0131m&#8217; cevab\u0131n\u0131 almam\u0131za ra\u011fmen bug\u00fcne kadar umudumuzu yitirmeden sava\u015fmaya devam ettik.<\/p>\n<p>Personelimizin, futbolcular\u0131m\u0131z\u0131n ve teknik ekibimizin t\u00fcm fedakarl\u0131klar\u0131na ra\u011fmen, kul\u00fcpte yakla\u015f\u0131k 1 ayd\u0131r a\u015f\u00e7\u0131 ye mas\u00f6r dahi bulunmamas\u0131na ra\u011fmen, \u00f6deme konusunda hi\u00e7bir iyi niyet g\u00f6remedik. Benim \u00fccretimi erteleyin; ancak ekibimin maa\u015f\u0131n\u0131 \u00f6deyin ya da k\u0131sa s\u00fcreli evrak verin se\u00e7eneklerimden yan\u0131t alamay\u0131nca bu karar\u0131 almak zorunda kald\u0131m.<\/p>\n<p>Ben \u00e7ok istememe ra\u011fmen y\u00f6neticilerimiz bizim kalmam\u0131z\u0131 istemediler. Bize prim \u00f6deyemeyece\u011fini s\u00f6yleyip, Eski\u015fehir&#8217;e prim g\u00f6t\u00fcr\u00fcp ma\u00e7 gecesi da\u011f\u0131tmas\u0131 bile bunun en b\u00fcy\u00fck kan\u0131t\u0131d\u0131r.<\/p>\n<p>Bu i\u015f para i\u015fi olmaktan \u00e7\u0131kt\u0131. Ben para i\u00e7in b\u0131rakt\u0131 diyenlere ra\u011fmen, hak etmi\u015f oldu\u011fumuz yakla\u015f\u0131k 2 milyon TL&#8217;yi almadan, kar\u015f\u0131l\u0131ks\u0131z b\u0131rakarak ayr\u0131lmak zorunda kald\u0131m.<\/p>\n<p>Benim ve ekibimi su\u00e7luymu\u015f gibi g\u00f6sterip kendilerini kahraman gibi g\u00f6stermeye \u00e7al\u0131\u015fanlara ra\u011fbet edilmemesi i\u00e7in ve g\u00f6rd\u00fc\u011f\u00fcm l\u00fczum \u00fczerine bu a\u00e7\u0131klamay\u0131 yapmak zorunda kald\u0131m&#8221; diyerek s\u00f6zlerini noktalad\u0131. &#8211; \u0130ZM\u0130R<\/p>\n","protected":false},"excerpt":{"rendered":"<p>Yusuf \u015eim\u015fek, Altay&#8217;dan ayr\u0131ld\u0131\u011f\u0131n\u0131 a\u00e7\u0131klayarak y\u00f6neticilerin kalmalar\u0131n\u0131 istemedi\u011fini belirtti.<\/p>\n","protected":false},"author":1,"featured_media":31386,"comment_status":"open","ping_status":"open","sticky":false,"template":"","format":"standard","meta":{"footnotes":""},"categories":[14],"tags":[736],"class_list":["post-31385","post","type-post","status-publish","format-standard","has-post-thumbnail","hentry","category-spor","tag-odeme"],"_links":{"self":[{"href":"https:\/\/bihavadis.com\/index.php\/wp-json\/wp\/v2\/posts\/31385","targetHints":{"allow":["GET"]}}],"collection":[{"href":"https:\/\/bihavadis.com\/index.php\/wp-json\/wp\/v2\/posts"}],"about":[{"href":"https:\/\/bihavadis.com\/index.php\/wp-json\/wp\/v2\/types\/post"}],"author":[{"embeddable":true,"href":"https:\/\/bihavadis.com\/index.php\/wp-json\/wp\/v2\/users\/1"}],"replies":[{"embeddable":true,"href":"https:\/\/bihavadis.com\/index.php\/wp-json\/wp\/v2\/comments?post=31385"}],"version-history":[{"count":1,"href":"https:\/\/bihavadis.com\/index.php\/wp-json\/wp\/v2\/posts\/31385\/revisions"}],"predecessor-version":[{"id":31387,"href":"https:\/\/bihavadis.com\/index.php\/wp-json\/wp\/v2\/posts\/31385\/revisions\/31387"}],"wp:featuredmedia":[{"embeddable":true,"href":"https:\/\/bihavadis.com\/index.php\/wp-json\/wp\/v2\/media\/31386"}],"wp:attachment":[{"href":"https:\/\/bihavadis.com\/index.php\/wp-json\/wp\/v2\/media?parent=31385"}],"wp:term":[{"taxonomy":"category","embeddable":true,"href":"https:\/\/bihavadis.com\/index.php\/wp-json\/wp\/v2\/categories?post=31385"},{"taxonomy":"post_tag","embeddable":true,"href":"https:\/\/bihavadis.com\/index.php\/wp-json\/wp\/v2\/tags?post=31385"}],"curies":[{"name":"wp","href":"https:\/\/api.w.org\/{rel}","templated":true}]}}