{"id":31442,"date":"2026-02-13T13:30:06","date_gmt":"2026-02-13T13:30:06","guid":{"rendered":"https:\/\/bihavadis.com\/?p=31442"},"modified":"2026-02-13T13:30:06","modified_gmt":"2026-02-13T13:30:06","slug":"zenit-jhon-durani-resmen-duyurdu","status":"publish","type":"post","link":"https:\/\/bihavadis.com\/index.php\/2026\/02\/13\/zenit-jhon-durani-resmen-duyurdu\/","title":{"rendered":"Zenit, Jhon Duran&#8217;\u0131 resmen duyurdu"},"content":{"rendered":"<p>Fenerbah\u00e7e&#8217;nin sezon ba\u015f\u0131nda Suudi Arabistan ekibi Al Nassr&#8217;dan kiralad\u0131\u011f\u0131 Jhon Duran, sar\u0131-lacivertlilerde bir t\u00fcrl\u00fc bekleneni veremedi.<\/p>\n<p>Sakatl\u0131k problemleri ve disiplinsiz davran\u0131\u015flar\u0131yla g\u00fcndeme gelen Duran&#8217;\u0131n s\u00f6zle\u015fmesi ge\u00e7ti\u011fimiz g\u00fcnlerde Fenerbah\u00e7e taraf\u0131ndan feshedilmi\u015fti.<\/p>\n<p>Bu geli\u015fmenin ard\u0131ndan Kolombiyal\u0131 oyuncunun Rusya ekibi Zenit&#8217;e transfer olaca\u011f\u0131 iddias\u0131 g\u00fcndemdeydi.<\/p>\n<p><strong>RUS EK\u0130B\u0130NDEN RESM\u0130 A\u00c7IKLAMA GELD\u0130: SEZON SONUNA KADAR K\u0130RALIK!<\/strong><\/p>\n<p>Ve Duran&#8217;\u0131n yeni tak\u0131m\u0131 netlik kazand\u0131.<\/p>\n<p>Zenit, Kolombiyal\u0131 golc\u00fcy\u00fc kadrosuna katt\u0131\u011f\u0131n\u0131 resmen a\u00e7\u0131klad\u0131.<\/p>\n<p>Kolombiyal\u0131 futbolcu, sezon sonuna kadar kiral\u0131k olarak Zenit formas\u0131 giyecek.<\/p>\n<p>Kul\u00fcp, Duran\u2019\u0131 35 milyon euro sat\u0131n alma opsiyonuyla kadrosuna katt\u0131.<\/p>\n<p><img decoding=\"async\" src=\"https:\/\/bihavadis.com\/wp-content\/uploads\/2026\/02\/zenit-jhon-durani-resmen-duyurdu-0-RlEK3WKe.jpg\"\/><\/p>\n<p><strong>21 MA\u00c7TA 5 GOL 2 AS\u0130STLE OYNADI <\/strong><\/p>\n<p>\u00d6te yandan\u00a0Kolombiyal\u0131 22 ya\u015f\u0131ndaki forvet, sar\u0131-lacivertli ekip ile 21 ma\u00e7a \u00e7\u0131km\u0131\u015ft\u0131.<\/p>\n<p>Duran bu kar\u015f\u0131la\u015fmalarda 5 gol 2 asistlik bir performans sergilemi\u015fti.<\/p>\n<p><img decoding=\"async\" src=\"https:\/\/bihavadis.com\/wp-content\/uploads\/2026\/02\/zenit-jhon-durani-resmen-duyurdu-1-CpBDB3iV.jpg\"\/><\/p>\n","protected":false},"excerpt":{"rendered":"<p>Rusya Premier Lig ekibi Zenit, Fenerbah\u00e7e&#8217;den Jhon Duran&#8217;\u0131 kadrosuna katt\u0131\u011f\u0131n\u0131 a\u00e7\u0131klad\u0131. Kolombiyal\u0131 golc\u00fc sezon sonuna kadar Rus ekibinde kiral\u0131k olarak forma giyecek.<\/p>\n","protected":false},"author":1,"featured_media":31443,"comment_status":"open","ping_status":"open","sticky":false,"template":"","format":"standard","meta":{"footnotes":""},"categories":[14],"tags":[333],"class_list":["post-31442","post","type-post","status-publish","format-standard","has-post-thumbnail","hentry","category-spor","tag-duran"],"_links":{"self":[{"href":"https:\/\/bihavadis.com\/index.php\/wp-json\/wp\/v2\/posts\/31442","targetHints":{"allow":["GET"]}}],"collection":[{"href":"https:\/\/bihavadis.com\/index.php\/wp-json\/wp\/v2\/posts"}],"about":[{"href":"https:\/\/bihavadis.com\/index.php\/wp-json\/wp\/v2\/types\/post"}],"author":[{"embeddable":true,"href":"https:\/\/bihavadis.com\/index.php\/wp-json\/wp\/v2\/users\/1"}],"replies":[{"embeddable":true,"href":"https:\/\/bihavadis.com\/index.php\/wp-json\/wp\/v2\/comments?post=31442"}],"version-history":[{"count":1,"href":"https:\/\/bihavadis.com\/index.php\/wp-json\/wp\/v2\/posts\/31442\/revisions"}],"predecessor-version":[{"id":31446,"href":"https:\/\/bihavadis.com\/index.php\/wp-json\/wp\/v2\/posts\/31442\/revisions\/31446"}],"wp:featuredmedia":[{"embeddable":true,"href":"https:\/\/bihavadis.com\/index.php\/wp-json\/wp\/v2\/media\/31443"}],"wp:attachment":[{"href":"https:\/\/bihavadis.com\/index.php\/wp-json\/wp\/v2\/media?parent=31442"}],"wp:term":[{"taxonomy":"category","embeddable":true,"href":"https:\/\/bihavadis.com\/index.php\/wp-json\/wp\/v2\/categories?post=31442"},{"taxonomy":"post_tag","embeddable":true,"href":"https:\/\/bihavadis.com\/index.php\/wp-json\/wp\/v2\/tags?post=31442"}],"curies":[{"name":"wp","href":"https:\/\/api.w.org\/{rel}","templated":true}]}}