{"id":31453,"date":"2026-02-13T13:39:08","date_gmt":"2026-02-13T13:39:08","guid":{"rendered":"https:\/\/bihavadis.com\/?p=31453"},"modified":"2026-02-13T13:39:08","modified_gmt":"2026-02-13T13:39:08","slug":"izmirde-sele-kapilanlarla-ilgili-aci-detay","status":"publish","type":"post","link":"https:\/\/bihavadis.com\/index.php\/2026\/02\/13\/izmirde-sele-kapilanlarla-ilgili-aci-detay\/","title":{"rendered":"\u0130zmir&#8217;de sele kap\u0131lanlarla ilgili ac\u0131 detay"},"content":{"rendered":"<p>\u0130zmir&#8217;in Menderes il\u00e7esi O\u011flananas\u0131 Mahallesi K\u0131s\u0131k Sanayi yolunda i\u00e7erisinde Bal\u0131mnaz T\u00fcrkkal, ablas\u0131 Nergiz T\u00fcrkkal ile Devran Y. ve T.D.&#8217;nin bulundu\u011fu otomobil, 5 \u015eubat ak\u015fam\u0131 dere \u00fczerindeki k\u00f6pr\u00fcden ge\u00e7erken sel sular\u0131na kap\u0131ld\u0131.<\/p>\n<p>Sel sular\u0131n\u0131n \u00f6n\u00fcne kat\u0131p s\u00fcr\u00fckledi\u011fi otomobildeki Devran Y. ve T.D., kendi imkanlar\u0131yla kurtuldu.<\/p>\n<p>\u00a0\u0130zmir \u0130l Jandarma Komutanl\u0131\u011f\u0131 Sualt\u0131 Arama Kurtarma Timi, AFAD ekipleri sevk edildi.<\/p>\n<p><strong>SOSYAL MEDYADA V\u0130DEOLAR \u00c7EK\u0130YORMU\u015e<\/strong><\/p>\n<p>Devran Y. g\u00f6zalt\u0131na al\u0131n\u0131rken, T.D. ka\u00e7t\u0131. E\u011fitimli k\u00f6peklerin de kullan\u0131ld\u0131\u011f\u0131 arama-kurtarma \u00e7al\u0131\u015fmalar\u0131nda Bal\u0131mnaz T\u00fcrkkal ve ablas\u0131 Nergiz T\u00fcrkkal&#8217;\u0131n cans\u0131z bedenine ula\u015f\u0131ld\u0131.<\/p>\n<p>T\u00fcrkkal karde\u015fler, Hac\u0131lark\u0131r\u0131 Mezarl\u0131\u011f\u0131&#8217;nda topra\u011fa verildi.<\/p>\n<p>\u00d6te yandan Bal\u0131mnaz T\u00fcrkkal&#8217;\u0131n, sanal medyada videolar \u00e7ekti\u011fi belirtildi.<\/p>\n<p><img decoding=\"async\" src=\"https:\/\/bihavadis.com\/wp-content\/uploads\/2026\/02\/izmirde-sele-kapilanlarla-ilgili-aci-detay-0-DriH7ZhZ.jpg\"\/><\/p>\n<p><strong>3 FARKLI SU\u00c7TAN ARANIYORMU\u015e<\/strong><\/p>\n<p>Ka\u00e7an s\u00fcr\u00fcc\u00fc T.D.&#8217;nin, \u00e7ok say\u0131da su\u00e7 kayd\u0131n\u0131n oldu\u011fu ve 3 farkl\u0131 su\u00e7tan aranmas\u0131 oldu\u011fu da belirtildi.<\/p>\n<p>Otomobilin bulundu\u011fu b\u00f6lgede \u00e7al\u0131\u015fma y\u00fcr\u00fcten jandarma ekipleri, T.D.&#8217;yi bulmaya \u00e7al\u0131\u015f\u0131yor.<\/p>\n<p><strong>SERBEST BIRAKILDI<\/strong><\/p>\n<p>Devran Y.\u2019nin ifadesinde, <em><b>&#8220;Hep birlikte Menderes&#8217;e gezmeye gitmi\u015ftik. D\u00f6n\u00fc\u015fte k\u00f6pr\u00fcden ge\u00e7erken sel sular\u0131na kap\u0131lan otomobil dereyi u\u00e7tu&#8221; <\/b><\/em>dedi\u011fi bildirildi.<\/p>\n<p>Jandarma karakolunda i\u015flemleri tamamlanan Ya\u011f\u0131z, serbest b\u0131rak\u0131ld\u0131.\u00a0<\/p>\n<p><img decoding=\"async\" src=\"https:\/\/bihavadis.com\/wp-content\/uploads\/2026\/02\/izmirde-sele-kapilanlarla-ilgili-aci-detay-1-VfJ7f4GI.jpg\"\/><\/p>\n<p><img decoding=\"async\" src=\"https:\/\/bihavadis.com\/wp-content\/uploads\/2026\/02\/izmirde-sele-kapilanlarla-ilgili-aci-detay-2-wJv5a3zJ.jpg\"\/><\/p>\n<p><img decoding=\"async\" src=\"https:\/\/bihavadis.com\/wp-content\/uploads\/2026\/02\/izmirde-sele-kapilanlarla-ilgili-aci-detay-3-KLGkF5PR.jpg\"\/><\/p>\n","protected":false},"excerpt":{"rendered":"<p>Bal\u0131mnaz T\u00fcrkkal ve ablas\u0131 Nergiz T\u00fcrkkal&#8217;\u0131n hayat\u0131n\u0131 kaybetti\u011fi olayda, sel sular\u0131na kap\u0131lan otomobilden ka\u00e7an s\u00fcr\u00fcc\u00fc T.D.&#8217;yi arama \u00e7al\u0131\u015fmalar\u0131 s\u00fcrerken, kurtulan Devran Y.&#8217;nin ifadesi ortaya \u00e7\u0131kt\u0131.<\/p>\n","protected":false},"author":1,"featured_media":31454,"comment_status":"open","ping_status":"open","sticky":false,"template":"","format":"standard","meta":{"footnotes":""},"categories":[4,13],"tags":[],"class_list":["post-31453","post","type-post","status-publish","format-standard","has-post-thumbnail","hentry","category-gundem","category-son-dakika"],"_links":{"self":[{"href":"https:\/\/bihavadis.com\/index.php\/wp-json\/wp\/v2\/posts\/31453","targetHints":{"allow":["GET"]}}],"collection":[{"href":"https:\/\/bihavadis.com\/index.php\/wp-json\/wp\/v2\/posts"}],"about":[{"href":"https:\/\/bihavadis.com\/index.php\/wp-json\/wp\/v2\/types\/post"}],"author":[{"embeddable":true,"href":"https:\/\/bihavadis.com\/index.php\/wp-json\/wp\/v2\/users\/1"}],"replies":[{"embeddable":true,"href":"https:\/\/bihavadis.com\/index.php\/wp-json\/wp\/v2\/comments?post=31453"}],"version-history":[{"count":1,"href":"https:\/\/bihavadis.com\/index.php\/wp-json\/wp\/v2\/posts\/31453\/revisions"}],"predecessor-version":[{"id":31459,"href":"https:\/\/bihavadis.com\/index.php\/wp-json\/wp\/v2\/posts\/31453\/revisions\/31459"}],"wp:featuredmedia":[{"embeddable":true,"href":"https:\/\/bihavadis.com\/index.php\/wp-json\/wp\/v2\/media\/31454"}],"wp:attachment":[{"href":"https:\/\/bihavadis.com\/index.php\/wp-json\/wp\/v2\/media?parent=31453"}],"wp:term":[{"taxonomy":"category","embeddable":true,"href":"https:\/\/bihavadis.com\/index.php\/wp-json\/wp\/v2\/categories?post=31453"},{"taxonomy":"post_tag","embeddable":true,"href":"https:\/\/bihavadis.com\/index.php\/wp-json\/wp\/v2\/tags?post=31453"}],"curies":[{"name":"wp","href":"https:\/\/api.w.org\/{rel}","templated":true}]}}