{"id":31486,"date":"2026-02-13T14:00:07","date_gmt":"2026-02-13T14:00:07","guid":{"rendered":"https:\/\/bihavadis.com\/?p=31486"},"modified":"2026-02-13T14:00:07","modified_gmt":"2026-02-13T14:00:07","slug":"tbmmde-stajyerlere-yonelik-taciz-davasinda-tahliye-karari","status":"publish","type":"post","link":"https:\/\/bihavadis.com\/index.php\/2026\/02\/13\/tbmmde-stajyerlere-yonelik-taciz-davasinda-tahliye-karari\/","title":{"rendered":"TBMM&#8217;de stajyerlere y\u00f6nelik taciz davas\u0131nda tahliye karar\u0131"},"content":{"rendered":"<p><span>TBMM\u2019deki stajyer \u00f6\u011frencilere y\u00f6nelik istismar davas\u0131n\u0131n ikinci duru\u015fmas\u0131 Ankara 57. Asliye Ceza Mahkemesi\u2019nde g\u00f6r\u00fcld\u00fc.<\/span><\/p>\n<p>2024-2025 e\u011fitim \u00f6\u011fretim d\u00f6neminde TBMM&#8217;de staj yapan D.K. isimli \u00f6\u011frenci, Meclis lokantas\u0131nda g\u00f6revli Halil \u0130.G.&#8217;nin kendisine cinsel tacizde bulundu\u011funu iddia ederek, 4 Aral\u0131k&#8217;ta su\u00e7 duyurusunda bulundu.<\/p>\n<p><strong>SORU\u015eTURMA BA\u015eLATILDI<\/strong><\/p>\n<p>D.K.&#8217;nin \u015fikayeti sonras\u0131 Ankara Cumhuriyet Ba\u015fsavc\u0131l\u0131\u011f\u0131 soru\u015fturma ba\u015flatt\u0131.<\/p>\n<p>Soru\u015fturma sonunda haz\u0131rlanan iddianamede, Meclis lokantas\u0131nda \u00e7al\u0131\u015fan Halil \u0130.G., Durmu\u015f U., \u0130brahim B., Ramazan \u00c7. ve Recep S.&#8217;ye soru\u015fturma ba\u015flat\u0131ld\u0131.<\/p>\n<p>San\u0131klar hakk\u0131nda, <em><b>&#8216;Sark\u0131nt\u0131l\u0131k yapmak suretiyle \u00e7ocu\u011fun cinsel istismar\u0131&#8217;<\/b><\/em> ve &#8216;<em><b>\u00c7ocu\u011fa kar\u015f\u0131 cinsel taciz&#8217;<\/b><\/em> su\u00e7lar\u0131ndan 16 y\u0131l 6&#8217;\u015far aya kadar hapis cezas\u0131 istendi.<\/p>\n<p><img decoding=\"async\" src=\"https:\/\/bihavadis.com\/wp-content\/uploads\/2026\/02\/tbmmde-stajyerlere-yonelik-taciz-davasinda-tahliye-karari-0-lqQjjuza.jpg\"\/><\/p>\n<p><strong>&#8221;MESAJ ATTI\u011eIMDA STAJYER DE\u011e\u0130LD\u0130&#8221;<\/strong><\/p>\n<p>Ankara 57&#8217;nci Asliye Ceza Mahkemesi\u2019nde g\u00f6r\u00fclen davan\u0131n 2&#8217;nci duru\u015fmas\u0131na tutuklu san\u0131klar Halil \u0130.G., Durmu\u015f U., \u0130brahim B., Recep S. ve tutuksuz san\u0131k Ramazan \u00c7. ile taraf avukatlar\u0131 kat\u0131ld\u0131.<\/p>\n<p>Tutuklu san\u0131k Durmu\u015f U., &#8220;E\u015fim ve \u00e7ocu\u011fum d\u0131\u015far\u0131da ma\u011fdurlar. 2 ayd\u0131r i\u015flemedi\u011fim taciz su\u00e7undan cezaevinde bulunmaktay\u0131m. S\u00f6yleyecek bir \u015feyim yok ba\u015fka&#8221; dedi.<\/p>\n<p>Tutuklu san\u0131k \u0130brahim B. de su\u00e7lamalar\u0131 reddederek, <em><b>&#8220;Cinsel ama\u00e7l\u0131 mesaj atmad\u0131m. Zaten mesaj att\u0131\u011f\u0131mda TBMM&#8217;de stajyer de\u011fildi&#8221;<\/b><\/em> diye konu\u015ftu.<\/p>\n<p><strong>&#8221;NEDEN CEZAEV\u0130NDEY\u0130M, ANLAMIYORUM&#8221;<\/strong><\/p>\n<p>Tutuklu san\u0131k Recep S. ise savunmas\u0131nda 38 y\u0131ld\u0131r Meclis\u2019te g\u00f6rev yapt\u0131\u011f\u0131n\u0131 ifade ederek, <em><b>&#8220;\u00d6\u011frenci yeti\u015ftirerek bug\u00fcnlere geldim. 2 ayd\u0131r neden cezaevindeyim, anlam\u0131yorum. \u00c7ok ma\u011fdurum&#8221;<\/b><\/em> dedi.<\/p>\n<p>Tutuklu san\u0131k Halil \u0130.G. de su\u00e7lamalar\u0131 reddederek, <em><b>&#8220;15 y\u0131ld\u0131r Meclis\u2019te \u00e7al\u0131\u015f\u0131yorum. Bug\u00fcne kadar hi\u00e7 b\u00f6yle bir su\u00e7a kar\u0131\u015fmad\u0131m, bir kez bile ikaz almad\u0131m. Ailem peri\u015fan halde, yuvam da\u011f\u0131lmak \u00fczere&#8221;<\/b><\/em> diye konu\u015ftu.<\/p>\n<p><strong>DURU\u015eMA ERTELEND\u0130<\/strong><\/p>\n<p>Beyanlar\u0131n ard\u0131ndan Cumhuriyet savc\u0131s\u0131, dosyadaki eksik hususlar\u0131n giderilmesini talep ederek, san\u0131klar\u0131n \u00fczerlerine at\u0131l\u0131 su\u00e7lar\u0131n vas\u0131f ve mahiyeti ile mevcut delil durumu dikkate al\u0131nd\u0131.<\/p>\n<p>Tutukluluk hallerinin devam\u0131na karar verilmesini istedi.<\/p>\n<p>Ara karar\u0131n\u0131 a\u00e7\u0131klayan mahkeme, san\u0131klar\u0131n tutuklulukta ge\u00e7irdikleri s\u00fcreyi, dosya kapsam\u0131n\u0131 ve mevcut delil durumunu g\u00f6z \u00f6n\u00fcnde bulundurarak, san\u0131klar\u0131n tamam\u0131n\u0131n tahliyesine karar verdi.<\/p>\n<p>Duru\u015fma 15 May\u0131s\u2019a ertelendi.<\/p>\n","protected":false},"excerpt":{"rendered":"<p>TBMM&#8217;de staj yapan \u00f6\u011frencileri taciz ettikleri iddias\u0131yla 4&#8217;\u00fc tutuklu 5 san\u0131\u011f\u0131n yarg\u0131land\u0131\u011f\u0131 davada mahkeme, tutuklu san\u0131klar\u0131n tahliyesine karar verdi.<\/p>\n","protected":false},"author":1,"featured_media":31487,"comment_status":"open","ping_status":"open","sticky":false,"template":"","format":"standard","meta":{"footnotes":""},"categories":[9,13],"tags":[258,1523,286,1677],"class_list":["post-31486","post","type-post","status-publish","format-standard","has-post-thumbnail","hentry","category-genel","category-son-dakika","tag-ceza","tag-sanik","tag-suc","tag-tutuklu-sanik"],"_links":{"self":[{"href":"https:\/\/bihavadis.com\/index.php\/wp-json\/wp\/v2\/posts\/31486","targetHints":{"allow":["GET"]}}],"collection":[{"href":"https:\/\/bihavadis.com\/index.php\/wp-json\/wp\/v2\/posts"}],"about":[{"href":"https:\/\/bihavadis.com\/index.php\/wp-json\/wp\/v2\/types\/post"}],"author":[{"embeddable":true,"href":"https:\/\/bihavadis.com\/index.php\/wp-json\/wp\/v2\/users\/1"}],"replies":[{"embeddable":true,"href":"https:\/\/bihavadis.com\/index.php\/wp-json\/wp\/v2\/comments?post=31486"}],"version-history":[{"count":1,"href":"https:\/\/bihavadis.com\/index.php\/wp-json\/wp\/v2\/posts\/31486\/revisions"}],"predecessor-version":[{"id":31489,"href":"https:\/\/bihavadis.com\/index.php\/wp-json\/wp\/v2\/posts\/31486\/revisions\/31489"}],"wp:featuredmedia":[{"embeddable":true,"href":"https:\/\/bihavadis.com\/index.php\/wp-json\/wp\/v2\/media\/31487"}],"wp:attachment":[{"href":"https:\/\/bihavadis.com\/index.php\/wp-json\/wp\/v2\/media?parent=31486"}],"wp:term":[{"taxonomy":"category","embeddable":true,"href":"https:\/\/bihavadis.com\/index.php\/wp-json\/wp\/v2\/categories?post=31486"},{"taxonomy":"post_tag","embeddable":true,"href":"https:\/\/bihavadis.com\/index.php\/wp-json\/wp\/v2\/tags?post=31486"}],"curies":[{"name":"wp","href":"https:\/\/api.w.org\/{rel}","templated":true}]}}