{"id":3155,"date":"2026-01-28T09:37:11","date_gmt":"2026-01-28T09:37:11","guid":{"rendered":"https:\/\/bihavadis.com\/?p=3155"},"modified":"2026-01-28T09:37:11","modified_gmt":"2026-01-28T09:37:11","slug":"corumda-lavas-fabrikasinda-yangin","status":"publish","type":"post","link":"https:\/\/bihavadis.com\/index.php\/2026\/01\/28\/corumda-lavas-fabrikasinda-yangin\/","title":{"rendered":"\u00c7orum\u2019da lava\u015f fabrikas\u0131nda yang\u0131n"},"content":{"rendered":"<p>Osmanc\u0131k Organize Sanayi B\u00f6lgesi\u2019nde faaliyet g\u00f6steren bir lava\u015f fabrikas\u0131nda, gece saatlerinde hen\u00fcz bilinmeyen bir nedenle yang\u0131n \u00e7\u0131kt\u0131. Alevlerin k\u0131sa s\u00fcrede b\u00fcy\u00fcmesi \u00fczerine ihbarlar yap\u0131ld\u0131.<\/p>\n<p>\u0130hbar\u0131n ard\u0131ndan b\u00f6lgeye Osmanc\u0131k Belediyesi itfaiye ekipleri ile polis sevk edildi. S\u00f6nd\u00fcrme \u00e7al\u0131\u015fmalar\u0131na Osmanc\u0131k Orman \u0130\u015fletme M\u00fcd\u00fcrl\u00fc\u011f\u00fc ekipleri de destek verdi.<\/p>\n<p><strong>FABR\u0130KA KULLANILAMAZ HALE GELD\u0130<\/strong><\/p>\n<p>Ekiplerin yo\u011fun \u00e7al\u0131\u015fmas\u0131 sonucu yang\u0131n kontrol alt\u0131na al\u0131narak tamamen s\u00f6nd\u00fcr\u00fcld\u00fc. Ancak yang\u0131n nedeniyle fabrikada b\u00fcy\u00fck \u00e7apta hasar olu\u015ftu ve tesis kullan\u0131lamaz duruma geldi.<\/p>\n<p>Yang\u0131n\u0131n \u00e7\u0131k\u0131\u015f sebebinin belirlenmesi i\u00e7in inceleme ba\u015flat\u0131ld\u0131\u011f\u0131 \u00f6\u011frenildi.<\/p>\n<p><img decoding=\"async\" src=\"https:\/\/bihavadis.com\/wp-content\/uploads\/2026\/01\/corumda-lavas-fabrikasinda-yangin-0-sVGwDsVX.jpg\"\/><\/p>\n<p><img decoding=\"async\" src=\"https:\/\/bihavadis.com\/wp-content\/uploads\/2026\/01\/corumda-lavas-fabrikasinda-yangin-1-EEXLKLr8.jpg\"\/><\/p>\n<p><img decoding=\"async\" src=\"https:\/\/bihavadis.com\/wp-content\/uploads\/2026\/01\/corumda-lavas-fabrikasinda-yangin-2-8eGIJkQC.jpg\"\/><\/p>\n<p><img decoding=\"async\" src=\"https:\/\/bihavadis.com\/wp-content\/uploads\/2026\/01\/corumda-lavas-fabrikasinda-yangin-3-vNuzZV7v.jpg\"\/><\/p>\n<p><img decoding=\"async\" src=\"https:\/\/bihavadis.com\/wp-content\/uploads\/2026\/01\/corumda-lavas-fabrikasinda-yangin-4-VV5GvzEz.jpg\"\/><\/p>\n<p><img decoding=\"async\" src=\"https:\/\/bihavadis.com\/wp-content\/uploads\/2026\/01\/corumda-lavas-fabrikasinda-yangin-5-iphmMkst.jpg\"\/><\/p>\n<p><img decoding=\"async\" src=\"https:\/\/bihavadis.com\/wp-content\/uploads\/2026\/01\/corumda-lavas-fabrikasinda-yangin-6-aZGicPTg.jpg\"\/><\/p>\n<p><img decoding=\"async\" src=\"https:\/\/bihavadis.com\/wp-content\/uploads\/2026\/01\/corumda-lavas-fabrikasinda-yangin-7-jMvxJQmG.jpg\"\/><\/p>\n<p><img decoding=\"async\" src=\"https:\/\/bihavadis.com\/wp-content\/uploads\/2026\/01\/corumda-lavas-fabrikasinda-yangin-8-K8VvJdje.jpg\"\/><\/p>\n<p><img decoding=\"async\" src=\"https:\/\/bihavadis.com\/wp-content\/uploads\/2026\/01\/corumda-lavas-fabrikasinda-yangin-9-IBKruJyy.jpg\"\/><\/p>\n<p><img decoding=\"async\" src=\"https:\/\/bihavadis.com\/wp-content\/uploads\/2026\/01\/corumda-lavas-fabrikasinda-yangin-10-15tAkdP8.jpg\"\/><\/p>\n","protected":false},"excerpt":{"rendered":"<p>Osmanc\u0131k il\u00e7esindeki Organize Sanayi B\u00f6lgesi\u2019nde bulunan bir lava\u015f fabrikas\u0131nda gece saatlerinde \u00e7\u0131kan yang\u0131n, ekiplerin m\u00fcdahalesiyle s\u00f6nd\u00fcr\u00fcld\u00fc. Yang\u0131n sonras\u0131 fabrika kullan\u0131lamaz hale geldi.<\/p>\n","protected":false},"author":1,"featured_media":3156,"comment_status":"open","ping_status":"open","sticky":false,"template":"","format":"standard","meta":{"footnotes":""},"categories":[4,13],"tags":[],"class_list":["post-3155","post","type-post","status-publish","format-standard","has-post-thumbnail","hentry","category-gundem","category-son-dakika"],"_links":{"self":[{"href":"https:\/\/bihavadis.com\/index.php\/wp-json\/wp\/v2\/posts\/3155","targetHints":{"allow":["GET"]}}],"collection":[{"href":"https:\/\/bihavadis.com\/index.php\/wp-json\/wp\/v2\/posts"}],"about":[{"href":"https:\/\/bihavadis.com\/index.php\/wp-json\/wp\/v2\/types\/post"}],"author":[{"embeddable":true,"href":"https:\/\/bihavadis.com\/index.php\/wp-json\/wp\/v2\/users\/1"}],"replies":[{"embeddable":true,"href":"https:\/\/bihavadis.com\/index.php\/wp-json\/wp\/v2\/comments?post=3155"}],"version-history":[{"count":1,"href":"https:\/\/bihavadis.com\/index.php\/wp-json\/wp\/v2\/posts\/3155\/revisions"}],"predecessor-version":[{"id":3168,"href":"https:\/\/bihavadis.com\/index.php\/wp-json\/wp\/v2\/posts\/3155\/revisions\/3168"}],"wp:featuredmedia":[{"embeddable":true,"href":"https:\/\/bihavadis.com\/index.php\/wp-json\/wp\/v2\/media\/3156"}],"wp:attachment":[{"href":"https:\/\/bihavadis.com\/index.php\/wp-json\/wp\/v2\/media?parent=3155"}],"wp:term":[{"taxonomy":"category","embeddable":true,"href":"https:\/\/bihavadis.com\/index.php\/wp-json\/wp\/v2\/categories?post=3155"},{"taxonomy":"post_tag","embeddable":true,"href":"https:\/\/bihavadis.com\/index.php\/wp-json\/wp\/v2\/tags?post=3155"}],"curies":[{"name":"wp","href":"https:\/\/api.w.org\/{rel}","templated":true}]}}