{"id":31638,"date":"2026-02-13T15:36:07","date_gmt":"2026-02-13T15:36:07","guid":{"rendered":"https:\/\/bihavadis.com\/?p=31638"},"modified":"2026-02-13T15:36:07","modified_gmt":"2026-02-13T15:36:07","slug":"itfaiye-deprem-ani-ekipmanlarini-sakliyor","status":"publish","type":"post","link":"https:\/\/bihavadis.com\/index.php\/2026\/02\/13\/itfaiye-deprem-ani-ekipmanlarini-sakliyor\/","title":{"rendered":"\u0130tfaiye Deprem An\u0131 Ekipmanlar\u0131n\u0131 Sakl\u0131yor"},"content":{"rendered":"<p> Ni\u011fde Belediyesi \u0130tfaiye M\u00fcd\u00fcrl\u00fc\u011f\u00fc ekipleri, 6 \u015eubat 2023&#8217;te meydana gelen Kahramanmara\u015f merkezli depremlerde kulland\u0131klar\u0131 ekipmanlar\u0131 an\u0131 olarak muhafaza ediyor.<\/p>\n<p>Ekipler, m\u00fcd\u00fcrl\u00fck binas\u0131ndaki depoda enkaz \u00e7al\u0131\u015fmalar\u0131nda kulland\u0131klar\u0131 kazma, k\u00fcrek, baret, g\u00f6zl\u00fck, el feneri, k\u0131yafet, kesici ve delici aletleri sakl\u0131yor.<\/p>\n<p>Y\u00fcr\u00fct\u00fclen arama kurtarma \u00e7al\u0131\u015fmalar\u0131n\u0131n izlerini ta\u015f\u0131yan ekipmanlar, 6 \u015eubat depremlerinin unutulmamas\u0131 amac\u0131yla depoda tutuluyor.<\/p>\n<p>Ni\u011fde Belediyesi \u0130tfaiye M\u00fcd\u00fcr\u00fc H\u00fcseyin Kahraman, AA muhabirine, 6 \u015eubat&#8217;ta deprem haberini ald\u0131\u011f\u0131 ilk anda i\u015f yerine geldi\u011fini s\u00f6yledi.<\/p>\n<p>\u0130\u015f yerindeki arkada\u015flar\u0131yla toplant\u0131 yapt\u0131klar\u0131n\u0131, ard\u0131ndan gruplara ayr\u0131ld\u0131klar\u0131n\u0131 anlatan Kahraman, Ni\u011fde&#8217;deki incelemelerinde y\u0131k\u0131ma rastlamad\u0131klar\u0131n\u0131 belirtti.<\/p>\n<p>Kahraman, daha sonra olu\u015fturduklar\u0131 ekiplerle Osmaniye ve Ad\u0131yaman&#8217;a hareket ettiklerini belirterek, &#8220;Devletimiz oradayd\u0131, devlet ve millet kayna\u015fm\u0131\u015f haldeydi. Jandarma, polis, sivil toplum kurulu\u015flar\u0131 oradayd\u0131. El ele verip vatanda\u015flar\u0131m\u0131za yard\u0131mc\u0131 olmaya \u00e7al\u0131\u015ft\u0131k. Ekipmanlar\u0131 orada kulland\u0131k, enkaz alt\u0131nda kalan vatanda\u015flar\u0131m\u0131za o malzemelerle yard\u0131mc\u0131 olundu. Malzemelerin bir k\u0131sm\u0131n\u0131 orada b\u0131rakt\u0131k, biraz\u0131n\u0131 da buraya getirdik. Depomuzu temizleyip malzemelerimizi koyduk, asr\u0131n felaketini gelecek itfaiyeci arkada\u015flara an\u0131 olarak anlatal\u0131m diye.&#8221; ifadelerini kulland\u0131.<\/p>\n<p>\u0130tfaiye Amiri Mahmut Karsanba da 6 \u015eubat sabah\u0131 \u00e7ocuklar\u0131n\u0131 ailesine b\u0131rakt\u0131ktan sonra sa\u011fl\u0131k \u00e7al\u0131\u015fan\u0131 e\u015fiyle deprem b\u00f6lgesine hareket ettiklerini dile getirdi.<\/p>\n<p>Vatanda\u015flar\u0131n deprem b\u00f6lgesine ak\u0131n etti\u011fini an\u0131msatan Karsanba, &#8220;Yollar tamamen ara\u00e7 seliydi. T\u00fcrkiye oraya ak\u0131n etmi\u015fti. Devlet ve millet olarak bir b\u00fct\u00fcn, bir yumruk haline geldi\u011fimizi orada da g\u00f6rd\u00fck. Bir hafta \u00e7al\u0131\u015ft\u0131k. Bunlar bize emanet, biz bunlar\u0131 birlik beraberli\u011fin ruhunu tetikledi\u011fi i\u00e7in elimizden geldi\u011fince an\u0131 olarak saklayaca\u011f\u0131z. Allah vatan\u0131m\u0131za, milletimize, devletimize bir daha b\u00f6yle b\u00fcy\u00fck ac\u0131lar ya\u015fatmas\u0131n.&#8221; diye konu\u015ftu.<\/p>\n<p>&#8220;O g\u00fcn\u00fcn bir hat\u0131ras\u0131 olarak raflar\u0131m\u0131zda duracak&#8221;<\/p>\n<p>\u0130tfaiye eri Abdullah \u00c7avu\u015f da \u015funlar\u0131 anlatt\u0131: <\/p>\n<p>&#8220;24 saatlik uykusuzlu\u011fun ard\u0131ndan gider gitmez hi\u00e7 istirahat etmeden arama kurtarma \u00e7al\u0131\u015fmalar\u0131m\u0131za ba\u015flad\u0131k. Burada da \u00e7al\u0131\u015ft\u0131\u011f\u0131m\u0131z ekipmanlara bak\u0131nca yine o duygulara giriyoruz. Yine o zorlu g\u00fcnler akl\u0131m\u0131za geliyor. Allah o g\u00fcnlerin tekrar\u0131n\u0131 ya\u015fatmas\u0131n. Ekipmanlar\u0131 saklamaya devam edece\u011fiz. O g\u00fcnleri duygu ve d\u00fc\u015f\u00fcnce olarak tekrar ya\u015famaya devam edece\u011fiz. Memlekette nas\u0131l dayan\u0131\u015fma, birlik ve beraberlik olur, o g\u00fcn\u00fcn bir hat\u0131ras\u0131 olarak raflar\u0131m\u0131zda duracak. Biz bunlara g\u00f6z\u00fcm\u00fcz gibi bakaca\u011f\u0131z.&#8221;<\/p>\n","protected":false},"excerpt":{"rendered":"<p>Ni\u011fde Belediyesi \u0130tfaiye M\u00fcd\u00fcrl\u00fc\u011f\u00fc, depremlerde kulland\u0131klar\u0131 ekipmanlar\u0131 an\u0131 olarak depoluyor.<\/p>\n","protected":false},"author":1,"featured_media":31639,"comment_status":"open","ping_status":"open","sticky":false,"template":"","format":"standard","meta":{"footnotes":""},"categories":[9,4,13],"tags":[60,540,1629],"class_list":["post-31638","post","type-post","status-publish","format-standard","has-post-thumbnail","hentry","category-genel","category-gundem","category-son-dakika","tag-deprem","tag-itfaiye","tag-orada"],"_links":{"self":[{"href":"https:\/\/bihavadis.com\/index.php\/wp-json\/wp\/v2\/posts\/31638","targetHints":{"allow":["GET"]}}],"collection":[{"href":"https:\/\/bihavadis.com\/index.php\/wp-json\/wp\/v2\/posts"}],"about":[{"href":"https:\/\/bihavadis.com\/index.php\/wp-json\/wp\/v2\/types\/post"}],"author":[{"embeddable":true,"href":"https:\/\/bihavadis.com\/index.php\/wp-json\/wp\/v2\/users\/1"}],"replies":[{"embeddable":true,"href":"https:\/\/bihavadis.com\/index.php\/wp-json\/wp\/v2\/comments?post=31638"}],"version-history":[{"count":1,"href":"https:\/\/bihavadis.com\/index.php\/wp-json\/wp\/v2\/posts\/31638\/revisions"}],"predecessor-version":[{"id":31640,"href":"https:\/\/bihavadis.com\/index.php\/wp-json\/wp\/v2\/posts\/31638\/revisions\/31640"}],"wp:featuredmedia":[{"embeddable":true,"href":"https:\/\/bihavadis.com\/index.php\/wp-json\/wp\/v2\/media\/31639"}],"wp:attachment":[{"href":"https:\/\/bihavadis.com\/index.php\/wp-json\/wp\/v2\/media?parent=31638"}],"wp:term":[{"taxonomy":"category","embeddable":true,"href":"https:\/\/bihavadis.com\/index.php\/wp-json\/wp\/v2\/categories?post=31638"},{"taxonomy":"post_tag","embeddable":true,"href":"https:\/\/bihavadis.com\/index.php\/wp-json\/wp\/v2\/tags?post=31638"}],"curies":[{"name":"wp","href":"https:\/\/api.w.org\/{rel}","templated":true}]}}