{"id":31649,"date":"2026-02-13T15:42:06","date_gmt":"2026-02-13T15:42:06","guid":{"rendered":"https:\/\/bihavadis.com\/?p=31649"},"modified":"2026-02-13T15:42:06","modified_gmt":"2026-02-13T15:42:06","slug":"ogrenciler-yariyil-tatilinin-ardindan-egitime-dondu","status":"publish","type":"post","link":"https:\/\/bihavadis.com\/index.php\/2026\/02\/13\/ogrenciler-yariyil-tatilinin-ardindan-egitime-dondu\/","title":{"rendered":"\u00d6\u011frenciler Yar\u0131y\u0131l Tatilinin Ard\u0131ndan E\u011fitime D\u00f6nd\u00fc"},"content":{"rendered":"<p> Edirne ve Tekirda\u011f&#8217;da, yar\u0131y\u0131l tatili sonras\u0131 okullarda ilk ders zili \u00e7ald\u0131.<\/p>\n<p>Edirne&#8217;de 2025-2026 e\u011fitim \u00f6\u011fretim y\u0131l\u0131n\u0131n ikinci d\u00f6neminde 54 bin 852 \u00f6\u011frenci dersba\u015f\u0131 yapt\u0131.<\/p>\n<p>75. Y\u0131l \u0130lkokulu&#8217;ndaki \u00f6\u011frenciler, tatilin ard\u0131ndan ilk derslerine &#8220;Bayrak Sevgisi&#8221; temas\u0131yla ba\u015flad\u0131.<\/p>\n<p>\u0130l Milli E\u011fitim M\u00fcd\u00fcr\u00fc Ali Reiso\u011flu, t\u00f6rende yapt\u0131\u011f\u0131 konu\u015fmada, ikinci d\u00f6nemde t\u00fcm \u00f6\u011frencilere ba\u015far\u0131 diledi.<\/p>\n<p>\u0130lk dersin bayrak temas\u0131yla ba\u015flad\u0131\u011f\u0131n\u0131 belirten Reiso\u011flu, &#8220;Sizler de bayrak gibi k\u0131ymetlisiniz. S\u0131n\u0131flar\u0131n\u0131zda \u00f6\u011fretmenlerinizle \u00f6\u011frenme ser\u00fcvenine devam edeceksiniz. Bu \u00fclke i\u00e7in de\u011ferli, k\u0131ymetli, bilgiyi art\u0131ran, anneniz ve baban\u0131z i\u00e7in hay\u0131rl\u0131 insan olarak e\u011fitiminizi s\u00fcrd\u00fcreceksiniz.&#8221; dedi.<\/p>\n<p>75. Y\u0131l \u0130lkokulu M\u00fcd\u00fcr\u00fc Mustafa Do\u011fan da ikinci d\u00f6nemde t\u00fcm \u00f6\u011frenci ve \u00f6\u011fretmenlere ba\u015far\u0131lar temenni etti.<\/p>\n<p>Tekirda\u011f&#8217;daki okullarda da \u00f6\u011frenciler, yar\u0131y\u0131l tatili sonras\u0131 ilk derslerine &#8220;Bayrak Sevgisi&#8221; temas\u0131yla ba\u015flad\u0131.<\/p>\n","protected":false},"excerpt":{"rendered":"<p>Edirne ve Tekirda\u011f&#8217;da okullar, bayrak sevgisi temas\u0131yla ikinci d\u00f6neme ba\u015flad\u0131.<\/p>\n","protected":false},"author":1,"featured_media":31650,"comment_status":"open","ping_status":"open","sticky":false,"template":"","format":"standard","meta":{"footnotes":""},"categories":[9,4,13],"tags":[1429,973],"class_list":["post-31649","post","type-post","status-publish","format-standard","has-post-thumbnail","hentry","category-genel","category-gundem","category-son-dakika","tag-ders","tag-ogrenci"],"_links":{"self":[{"href":"https:\/\/bihavadis.com\/index.php\/wp-json\/wp\/v2\/posts\/31649","targetHints":{"allow":["GET"]}}],"collection":[{"href":"https:\/\/bihavadis.com\/index.php\/wp-json\/wp\/v2\/posts"}],"about":[{"href":"https:\/\/bihavadis.com\/index.php\/wp-json\/wp\/v2\/types\/post"}],"author":[{"embeddable":true,"href":"https:\/\/bihavadis.com\/index.php\/wp-json\/wp\/v2\/users\/1"}],"replies":[{"embeddable":true,"href":"https:\/\/bihavadis.com\/index.php\/wp-json\/wp\/v2\/comments?post=31649"}],"version-history":[{"count":1,"href":"https:\/\/bihavadis.com\/index.php\/wp-json\/wp\/v2\/posts\/31649\/revisions"}],"predecessor-version":[{"id":31651,"href":"https:\/\/bihavadis.com\/index.php\/wp-json\/wp\/v2\/posts\/31649\/revisions\/31651"}],"wp:featuredmedia":[{"embeddable":true,"href":"https:\/\/bihavadis.com\/index.php\/wp-json\/wp\/v2\/media\/31650"}],"wp:attachment":[{"href":"https:\/\/bihavadis.com\/index.php\/wp-json\/wp\/v2\/media?parent=31649"}],"wp:term":[{"taxonomy":"category","embeddable":true,"href":"https:\/\/bihavadis.com\/index.php\/wp-json\/wp\/v2\/categories?post=31649"},{"taxonomy":"post_tag","embeddable":true,"href":"https:\/\/bihavadis.com\/index.php\/wp-json\/wp\/v2\/tags?post=31649"}],"curies":[{"name":"wp","href":"https:\/\/api.w.org\/{rel}","templated":true}]}}