{"id":31696,"date":"2026-02-13T16:18:06","date_gmt":"2026-02-13T16:18:06","guid":{"rendered":"https:\/\/bihavadis.com\/?p=31696"},"modified":"2026-02-13T16:18:06","modified_gmt":"2026-02-13T16:18:06","slug":"rizede-koy-yolunda-meydana-gelen-heyelan-yurekleri-agizlara-getirdi-o-anlar-kamerada","status":"publish","type":"post","link":"https:\/\/bihavadis.com\/index.php\/2026\/02\/13\/rizede-koy-yolunda-meydana-gelen-heyelan-yurekleri-agizlara-getirdi-o-anlar-kamerada\/","title":{"rendered":"Rize&#8217;de k\u00f6y yolunda meydana gelen heyelan y\u00fcrekleri a\u011f\u0131zlara getirdi: O anlar kamerada"},"content":{"rendered":"<p>Rize&#8217;de \u00c7ayeli il\u00e7esi Kaptanpa\u015fa k\u00f6y\u00fc yolu \u00fczerinde d\u00fcn ak\u015fam heyelan meydana geldi.<\/p>\n<p>Heyelanda yama\u00e7tan kopan kaya par\u00e7alar\u0131 ve toprak nedeniyle k\u00f6y yolu ula\u015f\u0131ma tamamen kapand\u0131.<\/p>\n<p><strong>\u0130HBAR \u00dcZER\u0130NE B\u00d6LGEYE EK\u0130PLER GELD\u0130<\/strong><\/p>\n<p>Afet k\u0131sa s\u00fcreli pani\u011fe yol a\u00e7arken, b\u00f6lgedeki vatanda\u015flar durumu yetkililere bildirdi.<\/p>\n<p>\u0130hbar \u00fczerine olay yerine karayollar\u0131, jandarma, sa\u011fl\u0131k ve AFAD ekipleri sevk edildi.<\/p>\n<p><strong>O ANLAR CEP TELEFONU KAMERASINDA<\/strong><\/p>\n<p>Ekipler, yolu tekrar ula\u015f\u0131ma a\u00e7mak \u00fczere \u00e7evrede g\u00fcvenlik \u00f6nlemi ald\u0131.<\/p>\n<p>Heyelan anlar\u0131 ise vatanda\u015flar taraf\u0131ndan saniye saniye g\u00f6r\u00fcnt\u00fclendi.<\/p>\n<p><img decoding=\"async\" src=\"https:\/\/bihavadis.com\/wp-content\/uploads\/2026\/02\/rizede-koy-yolunda-meydana-gelen-heyelan-yurekleri-agizlara-getirdi-o-anlar-kamerada-0-Ex3s7XhP.jpg\"\/><\/p>\n","protected":false},"excerpt":{"rendered":"<p>\u00c7ayeli il\u00e7esine ba\u011fl\u0131 Kaptanpa\u015fa k\u00f6y\u00fcne giden yol \u00fczerinde d\u00fcn ak\u015fam saatlerinde meydana gelen heyelan, pani\u011fe neden oldu. Afet sonras\u0131 yol ula\u015f\u0131ma kapan\u0131rken, o anlar cep telefonu kameralar\u0131yla kaydedildi.<\/p>\n","protected":false},"author":1,"featured_media":31697,"comment_status":"open","ping_status":"open","sticky":false,"template":"","format":"standard","meta":{"footnotes":""},"categories":[4,13],"tags":[],"class_list":["post-31696","post","type-post","status-publish","format-standard","has-post-thumbnail","hentry","category-gundem","category-son-dakika"],"_links":{"self":[{"href":"https:\/\/bihavadis.com\/index.php\/wp-json\/wp\/v2\/posts\/31696","targetHints":{"allow":["GET"]}}],"collection":[{"href":"https:\/\/bihavadis.com\/index.php\/wp-json\/wp\/v2\/posts"}],"about":[{"href":"https:\/\/bihavadis.com\/index.php\/wp-json\/wp\/v2\/types\/post"}],"author":[{"embeddable":true,"href":"https:\/\/bihavadis.com\/index.php\/wp-json\/wp\/v2\/users\/1"}],"replies":[{"embeddable":true,"href":"https:\/\/bihavadis.com\/index.php\/wp-json\/wp\/v2\/comments?post=31696"}],"version-history":[{"count":1,"href":"https:\/\/bihavadis.com\/index.php\/wp-json\/wp\/v2\/posts\/31696\/revisions"}],"predecessor-version":[{"id":31699,"href":"https:\/\/bihavadis.com\/index.php\/wp-json\/wp\/v2\/posts\/31696\/revisions\/31699"}],"wp:featuredmedia":[{"embeddable":true,"href":"https:\/\/bihavadis.com\/index.php\/wp-json\/wp\/v2\/media\/31697"}],"wp:attachment":[{"href":"https:\/\/bihavadis.com\/index.php\/wp-json\/wp\/v2\/media?parent=31696"}],"wp:term":[{"taxonomy":"category","embeddable":true,"href":"https:\/\/bihavadis.com\/index.php\/wp-json\/wp\/v2\/categories?post=31696"},{"taxonomy":"post_tag","embeddable":true,"href":"https:\/\/bihavadis.com\/index.php\/wp-json\/wp\/v2\/tags?post=31696"}],"curies":[{"name":"wp","href":"https:\/\/api.w.org\/{rel}","templated":true}]}}