{"id":31719,"date":"2026-02-13T16:36:07","date_gmt":"2026-02-13T16:36:07","guid":{"rendered":"https:\/\/bihavadis.com\/?p=31719"},"modified":"2026-02-13T16:36:07","modified_gmt":"2026-02-13T16:36:07","slug":"yilmaz-tunc-somalili-mevkidasi-ile-bir-araya-geldi","status":"publish","type":"post","link":"https:\/\/bihavadis.com\/index.php\/2026\/02\/13\/yilmaz-tunc-somalili-mevkidasi-ile-bir-araya-geldi\/","title":{"rendered":"Y\u0131lmaz Tun\u00e7, Somalili mevkida\u015f\u0131 ile bir araya geldi"},"content":{"rendered":"<p>Adalet Bakan\u0131 Y\u0131lmaz Tun\u00e7 diplomatik temaslar\u0131na devam ediyor.\u00a0<\/p>\n<p>Adalet Bakanl\u0131\u011f\u0131ndan yap\u0131lan a\u00e7\u0131klamaya g\u00f6re, Tun\u00e7, Somali Adalet ve Anayasal \u0130\u015fler Bakan\u0131 Hassan Moallin Muhamoud Sheikhali ve beraberindeki heyetle Bakanl\u0131k&#8217;ta bir araya geldi.<\/p>\n<p>\u00dclkeler aras\u0131ndaki adli i\u015fbirli\u011fi kapsam\u0131nda y\u00fcr\u00fct\u00fclen \u00e7al\u0131\u015fmalar\u0131n de\u011ferlendirildi\u011fi g\u00f6r\u00fc\u015fmede, Tun\u00e7, T\u00fcrk milletinin g\u00f6nl\u00fcnde Somali halk\u0131n\u0131n \u00f6zel bir yere sahip oldu\u011funu belirtti.<\/p>\n<p><strong>&#8220;\u0130L\u0130\u015eK\u0130LER\u0130M\u0130Z\u0130 AKD\u0130 B\u0130R ZEM\u0130NE KAVU\u015eTURDUK&#8221;<\/strong><\/p>\n<p>T\u00fcrkiye ve Somali aras\u0131nda y\u00fcr\u00fct\u00fclen adli i\u015fbirli\u011fine de\u011finen Tun\u00e7, <em><b>&#8220;2024 y\u0131l\u0131 Ocak ay\u0131nda su\u00e7lular\u0131n iadesi anla\u015fmas\u0131 ile bakanl\u0131klar\u0131m\u0131z aras\u0131nda i\u015fbirli\u011fine dair mutabakat zapt\u0131n\u0131, ayn\u0131 y\u0131l\u0131n aral\u0131k ay\u0131nda ise cezai konularda adli yard\u0131mla\u015fma anla\u015fmas\u0131 ve h\u00fck\u00fcml\u00fc nakli anla\u015fmas\u0131n\u0131 birlikte imzalam\u0131\u015ft\u0131k. <\/b><\/em><\/p>\n<p><em><b>Bu anla\u015fmalarla \u00fclkelerimiz aras\u0131ndaki mevcut adli i\u015fbirli\u011fini kurumsal bir yap\u0131ya d\u00f6n\u00fc\u015ft\u00fcrerek bu alandaki ili\u015fkilerimizi akdi bir zemine kavu\u015fturmu\u015f olduk.&#8221; <\/b><\/em>ifadesini kulland\u0131.<\/p>\n<p><img decoding=\"async\" src=\"https:\/\/bihavadis.com\/wp-content\/uploads\/2026\/02\/yilmaz-tunc-somalili-mevkidasi-ile-bir-araya-geldi-0-icVvljn5.jpg\"\/><\/p>\n<p><strong>&#8220;63 KURUMLA 205 FARKLI ENTEGRASYON TAMAMLANDI&#8221;<\/strong><\/p>\n<p>G\u00f6r\u00fc\u015fmede, T\u00fcrkiye&#8217;nin yarg\u0131 alan\u0131nda g\u00f6sterdi\u011fi dijital d\u00f6n\u00fc\u015f\u00fcm ba\u015far\u0131s\u0131n\u0131 anlatan Tun\u00e7, 2007&#8217;de hayata ge\u00e7irilen Ulusal Yarg\u0131 A\u011f\u0131 Projesi&#8217;nin (UYAP) 24&#8217;\u00fc uluslararas\u0131 olmak \u00fczere toplam 49 \u00f6d\u00fcle lay\u0131k g\u00f6r\u00fcld\u00fc\u011f\u00fcn\u00fc bildirdi.<\/p>\n<p>UYAP&#8217;\u0131n, adli i\u015flemlerin elektronik ortamda y\u00fcr\u00fct\u00fclmesini sa\u011flayan bir bili\u015fim sistemi oldu\u011funu aktaran Tun\u00e7, <em><b>&#8220;UYAP, entegrasyon \u00e7al\u0131\u015fmalar\u0131 kapsam\u0131nda 63 kurumla 205 farkl\u0131 entegrasyonu tamamlad\u0131. UYAP sistemi sayesinde avukatlar\u0131m\u0131z, vatanda\u015flar\u0131m\u0131z, hakim savc\u0131lar\u0131m\u0131z, bilirki\u015filerimiz hepsi bu sistem \u00fczerinden dosyalar\u0131 g\u00f6r\u00fcnt\u00fcleyebilmektedirler ve bu sistem \u00fczerinden g\u00f6r\u00fcnt\u00fcl\u00fc duru\u015fmalar ger\u00e7ekle\u015ftirilebilmektedir. UYAP Vatanda\u015f Portal bug\u00fcn itibar\u0131yla 26 milyon 347 bin kullan\u0131c\u0131ya ula\u015fm\u0131\u015ft\u0131r.<\/b><\/em>&#8221; de\u011ferlendirmesinde bulundu.<\/p>\n<p><img decoding=\"async\" src=\"https:\/\/bihavadis.com\/wp-content\/uploads\/2026\/02\/yilmaz-tunc-somalili-mevkidasi-ile-bir-araya-geldi-1-gZrNkiPW.jpg\"\/><\/p>\n<p><strong>SOMAL\u0130 TARAFI DA MEMNUN<\/strong><\/p>\n<p>Somali Adalet ve Anayasal \u0130\u015fler Bakan\u0131 Sheikhali de adli i\u015fbirli\u011fi kapsam\u0131nda T\u00fcrkiye&#8217;nin tecr\u00fcbe payla\u015f\u0131m\u0131ndan b\u00fcy\u00fck mutluluk duyduklar\u0131n\u0131 vurgulad\u0131.<\/p>\n<p><img decoding=\"async\" src=\"https:\/\/bihavadis.com\/wp-content\/uploads\/2026\/02\/yilmaz-tunc-somalili-mevkidasi-ile-bir-araya-geldi-2-4REQvUcY.jpg\"\/><\/p>\n","protected":false},"excerpt":{"rendered":"<p>Adalet Bakan\u0131 Y\u0131lmaz Tun\u00e7, Somali Adalet ve Anayasal \u0130\u015fler Bakan\u0131 Hassan Moallin Muhamoud Sheikhali ve beraberindeki heyetle Bakanl\u0131k&#8217;ta bir g\u00f6r\u00fc\u015fme ger\u00e7ekle\u015ftirdi.<\/p>\n","protected":false},"author":1,"featured_media":31720,"comment_status":"open","ping_status":"open","sticky":false,"template":"","format":"standard","meta":{"footnotes":""},"categories":[9,13],"tags":[1376,2407,849,2204,4842],"class_list":["post-31719","post","type-post","status-publish","format-standard","has-post-thumbnail","hentry","category-genel","category-son-dakika","tag-adli","tag-isbirligi","tag-somali","tag-tunc","tag-uyap"],"_links":{"self":[{"href":"https:\/\/bihavadis.com\/index.php\/wp-json\/wp\/v2\/posts\/31719","targetHints":{"allow":["GET"]}}],"collection":[{"href":"https:\/\/bihavadis.com\/index.php\/wp-json\/wp\/v2\/posts"}],"about":[{"href":"https:\/\/bihavadis.com\/index.php\/wp-json\/wp\/v2\/types\/post"}],"author":[{"embeddable":true,"href":"https:\/\/bihavadis.com\/index.php\/wp-json\/wp\/v2\/users\/1"}],"replies":[{"embeddable":true,"href":"https:\/\/bihavadis.com\/index.php\/wp-json\/wp\/v2\/comments?post=31719"}],"version-history":[{"count":1,"href":"https:\/\/bihavadis.com\/index.php\/wp-json\/wp\/v2\/posts\/31719\/revisions"}],"predecessor-version":[{"id":31724,"href":"https:\/\/bihavadis.com\/index.php\/wp-json\/wp\/v2\/posts\/31719\/revisions\/31724"}],"wp:featuredmedia":[{"embeddable":true,"href":"https:\/\/bihavadis.com\/index.php\/wp-json\/wp\/v2\/media\/31720"}],"wp:attachment":[{"href":"https:\/\/bihavadis.com\/index.php\/wp-json\/wp\/v2\/media?parent=31719"}],"wp:term":[{"taxonomy":"category","embeddable":true,"href":"https:\/\/bihavadis.com\/index.php\/wp-json\/wp\/v2\/categories?post=31719"},{"taxonomy":"post_tag","embeddable":true,"href":"https:\/\/bihavadis.com\/index.php\/wp-json\/wp\/v2\/tags?post=31719"}],"curies":[{"name":"wp","href":"https:\/\/api.w.org\/{rel}","templated":true}]}}