{"id":31759,"date":"2026-02-13T17:03:37","date_gmt":"2026-02-13T17:03:37","guid":{"rendered":"https:\/\/bihavadis.com\/?p=31759"},"modified":"2026-02-13T17:03:37","modified_gmt":"2026-02-13T17:03:37","slug":"sanliurfada-fabrikada-isci-oldu","status":"publish","type":"post","link":"https:\/\/bihavadis.com\/index.php\/2026\/02\/13\/sanliurfada-fabrikada-isci-oldu\/","title":{"rendered":"\u015eanl\u0131urfa&#8217;da Fabrikada \u0130\u015f\u00e7i \u00d6ld\u00fc"},"content":{"rendered":"<p>\n<p>\u015eANLIURFA&#8217;da, \u00e7al\u0131\u015ft\u0131\u011f\u0131 fabrikada m\u0131s\u0131r dolu siloya d\u00fc\u015fen Suriyeli i\u015f\u00e7i N.R. (51) hayat\u0131n\u0131 kaybetti. \u0130\u015f yeri sahibi g\u00f6zalt\u0131na al\u0131nd\u0131.<\/p>\n<p>Olay, d\u00fcn gece, A\u00e7mal\u0131 Mahallesi&#8217;ndeki m\u0131s\u0131r kurutma fabrikas\u0131nda meydana geldi. Fabrikada \u00e7al\u0131\u015fan N.R., dengesini kaybedip yakla\u015f\u0131k 5 metre derinli\u011findeki m\u0131s\u0131r dolu siloya d\u00fc\u015ft\u00fc. \u00c7evredekilerin ihbar\u0131 \u00fczerine b\u00f6lgeye sa\u011fl\u0131k, jandarma ve AFAD ekipleri sevk edildi. Ekiplerin \u00e7al\u0131\u015fmalar\u0131 sonucu i\u015f\u00e7i silodan \u00e7\u0131kar\u0131ld\u0131. Sa\u011fl\u0131k g\u00f6revlilerinin kontrol\u00fcnde, N.R.&#8217;nin ya\u015fam\u0131n\u0131 yitirdi\u011fi belirlendi. N.R.&#8217;nin cenazesi, otopsi yap\u0131lmak \u00fczere \u015eanl\u0131urfa Adli T\u0131p Kurumu morguna g\u00f6t\u00fcr\u00fcld\u00fc. \u0130\u015f yeri sahibi g\u00f6zalt\u0131na al\u0131n\u0131rken, olaya ili\u015fkin soru\u015fturma ba\u015flat\u0131ld\u0131. <\/p>\n","protected":false},"excerpt":{"rendered":"<p>M\u0131s\u0131r dolu siloya d\u00fc\u015fen Suriyeli i\u015f\u00e7i N.R. hayat\u0131n\u0131 kaybetti, i\u015f yeri sahibi g\u00f6zalt\u0131nda.<\/p>\n","protected":false},"author":1,"featured_media":31760,"comment_status":"open","ping_status":"open","sticky":false,"template":"","format":"standard","meta":{"footnotes":""},"categories":[9,4,13],"tags":[],"class_list":["post-31759","post","type-post","status-publish","format-standard","has-post-thumbnail","hentry","category-genel","category-gundem","category-son-dakika"],"_links":{"self":[{"href":"https:\/\/bihavadis.com\/index.php\/wp-json\/wp\/v2\/posts\/31759","targetHints":{"allow":["GET"]}}],"collection":[{"href":"https:\/\/bihavadis.com\/index.php\/wp-json\/wp\/v2\/posts"}],"about":[{"href":"https:\/\/bihavadis.com\/index.php\/wp-json\/wp\/v2\/types\/post"}],"author":[{"embeddable":true,"href":"https:\/\/bihavadis.com\/index.php\/wp-json\/wp\/v2\/users\/1"}],"replies":[{"embeddable":true,"href":"https:\/\/bihavadis.com\/index.php\/wp-json\/wp\/v2\/comments?post=31759"}],"version-history":[{"count":1,"href":"https:\/\/bihavadis.com\/index.php\/wp-json\/wp\/v2\/posts\/31759\/revisions"}],"predecessor-version":[{"id":31761,"href":"https:\/\/bihavadis.com\/index.php\/wp-json\/wp\/v2\/posts\/31759\/revisions\/31761"}],"wp:featuredmedia":[{"embeddable":true,"href":"https:\/\/bihavadis.com\/index.php\/wp-json\/wp\/v2\/media\/31760"}],"wp:attachment":[{"href":"https:\/\/bihavadis.com\/index.php\/wp-json\/wp\/v2\/media?parent=31759"}],"wp:term":[{"taxonomy":"category","embeddable":true,"href":"https:\/\/bihavadis.com\/index.php\/wp-json\/wp\/v2\/categories?post=31759"},{"taxonomy":"post_tag","embeddable":true,"href":"https:\/\/bihavadis.com\/index.php\/wp-json\/wp\/v2\/tags?post=31759"}],"curies":[{"name":"wp","href":"https:\/\/api.w.org\/{rel}","templated":true}]}}