{"id":31846,"date":"2026-02-13T18:09:37","date_gmt":"2026-02-13T18:09:37","guid":{"rendered":"https:\/\/bihavadis.com\/?p=31846"},"modified":"2026-02-13T18:09:37","modified_gmt":"2026-02-13T18:09:37","slug":"bingolde-egitime-kar-engeli","status":"publish","type":"post","link":"https:\/\/bihavadis.com\/index.php\/2026\/02\/13\/bingolde-egitime-kar-engeli\/","title":{"rendered":"Bing\u00f6l&#8217;de E\u011fitime Kar Engeli"},"content":{"rendered":"<p>\n<p>B\u0130NG\u00d6L&#8217;\u00fcn Ki\u011f\u0131 il\u00e7esinde yo\u011fun kar ya\u011f\u0131\u015f\u0131 ve buzlanma riski nedeniyle ta\u015f\u0131mal\u0131 e\u011fitim kapsam\u0131ndaki \u00f6\u011frenciler i\u00e7in e\u011fitime 1 g\u00fcn ara verildi.<\/p>\n<p>Ki\u011f\u0131 Kaymakaml\u0131\u011f\u0131&#8217;ndan yap\u0131lan a\u00e7\u0131klamada, il\u00e7ede devam eden kar ya\u011f\u0131\u015f\u0131 ile birlikte ya\u015fanmas\u0131 muhtemel buzlanman\u0131n ula\u015f\u0131mda risk olu\u015fturabilece\u011fi belirtildi. \u00d6\u011frencilerin g\u00fcvenli\u011fi dikkate al\u0131narak, 2 \u015eubat Pazartesi g\u00fcn\u00fc il\u00e7e genelinde ta\u015f\u0131mal\u0131 e\u011fitim yapan \u00f6\u011frenciler i\u00e7in e\u011fitim-\u00f6\u011fretime ara verildi\u011fi bildirildi. A\u00e7\u0131klamada, okul \u00f6ncesi, ilkokul, ortaokul, lise ve yayg\u0131n e\u011fitim kurumlar\u0131nda ta\u015f\u0131mal\u0131 e\u011fitim uygulamas\u0131n\u0131n 1 g\u00fcn s\u00fcreyle durduruldu\u011fu ifade edildi.<\/p>\n<p>Meteoroloji 13&#8217;\u00fcnc\u00fc B\u00f6lge M\u00fcd\u00fcrl\u00fc\u011f\u00fc de Bing\u00f6l genelinde kuvvetli ya\u011f\u0131\u015f uyar\u0131s\u0131nda bulunarak, pazartesi g\u00fcn\u00fc karla kar\u0131\u015f\u0131k ya\u011fmur ve kar ya\u011f\u0131\u015f\u0131n\u0131n etkili olaca\u011f\u0131n\u0131, y\u00fcksek kesimlerde ise yer yer yo\u011fun kar beklendi\u011fini a\u00e7\u0131klad\u0131. Buzlanma, don, ula\u015f\u0131mda aksamalar, y\u00fcksek kesimlerde \u00e7\u0131\u011f, ya\u011f\u0131\u015f alan b\u00f6lgelerde sel ve su bask\u0131n\u0131 riskine kar\u015f\u0131 vatanda\u015flar\u0131n dikkatli ve tedbirli olmalar\u0131 istendi. <\/p>\n","protected":false},"excerpt":{"rendered":"<p>Ki\u011f\u0131&#8217;da yo\u011fun kar ve buzlanma riski nedeniyle ta\u015f\u0131mal\u0131 e\u011fitime 1 g\u00fcn ara verildi.<\/p>\n","protected":false},"author":1,"featured_media":31847,"comment_status":"open","ping_status":"open","sticky":false,"template":"","format":"standard","meta":{"footnotes":""},"categories":[9,4,13],"tags":[233,297,1165],"class_list":["post-31846","post","type-post","status-publish","format-standard","has-post-thumbnail","hentry","category-genel","category-gundem","category-son-dakika","tag-egitim","tag-kar","tag-yagis"],"_links":{"self":[{"href":"https:\/\/bihavadis.com\/index.php\/wp-json\/wp\/v2\/posts\/31846","targetHints":{"allow":["GET"]}}],"collection":[{"href":"https:\/\/bihavadis.com\/index.php\/wp-json\/wp\/v2\/posts"}],"about":[{"href":"https:\/\/bihavadis.com\/index.php\/wp-json\/wp\/v2\/types\/post"}],"author":[{"embeddable":true,"href":"https:\/\/bihavadis.com\/index.php\/wp-json\/wp\/v2\/users\/1"}],"replies":[{"embeddable":true,"href":"https:\/\/bihavadis.com\/index.php\/wp-json\/wp\/v2\/comments?post=31846"}],"version-history":[{"count":1,"href":"https:\/\/bihavadis.com\/index.php\/wp-json\/wp\/v2\/posts\/31846\/revisions"}],"predecessor-version":[{"id":31848,"href":"https:\/\/bihavadis.com\/index.php\/wp-json\/wp\/v2\/posts\/31846\/revisions\/31848"}],"wp:featuredmedia":[{"embeddable":true,"href":"https:\/\/bihavadis.com\/index.php\/wp-json\/wp\/v2\/media\/31847"}],"wp:attachment":[{"href":"https:\/\/bihavadis.com\/index.php\/wp-json\/wp\/v2\/media?parent=31846"}],"wp:term":[{"taxonomy":"category","embeddable":true,"href":"https:\/\/bihavadis.com\/index.php\/wp-json\/wp\/v2\/categories?post=31846"},{"taxonomy":"post_tag","embeddable":true,"href":"https:\/\/bihavadis.com\/index.php\/wp-json\/wp\/v2\/tags?post=31846"}],"curies":[{"name":"wp","href":"https:\/\/api.w.org\/{rel}","templated":true}]}}