{"id":31866,"date":"2026-02-13T18:24:07","date_gmt":"2026-02-13T18:24:07","guid":{"rendered":"https:\/\/bihavadis.com\/?p=31866"},"modified":"2026-02-13T18:24:07","modified_gmt":"2026-02-13T18:24:07","slug":"adanada-tasan-lagimlar-ve-kotu-koku-mahalleliyi-canindan-bezdirdi","status":"publish","type":"post","link":"https:\/\/bihavadis.com\/index.php\/2026\/02\/13\/adanada-tasan-lagimlar-ve-kotu-koku-mahalleliyi-canindan-bezdirdi\/","title":{"rendered":"Adana&#8217;da ta\u015fan la\u011f\u0131mlar ve k\u00f6t\u00fc koku mahalleliyi can\u0131ndan bezdirdi"},"content":{"rendered":"<p>Adana&#8217;n\u0131n Kozan il\u00e7esine ba\u011fl\u0131\u00a0Cumhuriyet Mahallesi Kumlug\u00fcl Sokak sakinleri, bir s\u00fcredir devam eden ve \u00e7\u00f6z\u00fcme kavu\u015fturulamayan r\u00f6gar ta\u015fmas\u0131na ba\u011fl\u0131 la\u011f\u0131m kokusu nedeniyle tepkili.<\/p>\n<p>Adana B\u00fcy\u00fck\u015fehir Belediyesi ASK\u0130 sorumlulu\u011fundaki r\u00f6garlar\u0131n ta\u015fmas\u0131 nedeniyle sokaklar, la\u011f\u0131m sular\u0131yla doldu.<\/p>\n<p>\u00d6\u011frencilerin okul servislerinden inip evlerine ula\u015fabilmek i\u00e7in la\u011f\u0131m sular\u0131n\u0131n \u00fczerinden atlamak zorunda kald\u0131\u011f\u0131 ifade edildi.<\/p>\n<p><strong>NARENC\u0130YE BAH\u00c7ELER\u0130 DE LA\u011eIM SUYU ALTINDA KALDI<\/strong><\/p>\n<p>Ta\u015fan la\u011f\u0131m sular\u0131n\u0131n mahallede bulunan narenciye bah\u00e7esine akmas\u0131 ise halk sa\u011fl\u0131\u011f\u0131 a\u00e7\u0131s\u0131ndan endi\u015fe olu\u015fturdu.<\/p>\n<p>B\u00f6lgede bulunan g\u00fcnd\u00fcz bak\u0131m evi \u00e7evresinde de la\u011f\u0131m sular\u0131n\u0131n birikmesi dikkat \u00e7ekti. Mahalle sakinleri, Adana B\u00fcy\u00fck\u015fehir Belediyesi yetkilileriyle yapt\u0131klar\u0131 g\u00f6r\u00fc\u015fmelerde, <b><em>&#8220;ara\u00e7 olmad\u0131\u011f\u0131&#8221; <\/em><\/b>gerek\u00e7esiyle sorunun 10 g\u00fcnd\u00fcr \u00e7\u00f6z\u00fclemedi\u011fini \u00f6ne s\u00fcrd\u00fc.<\/p>\n<p><img decoding=\"async\" src=\"https:\/\/bihavadis.com\/wp-content\/uploads\/2026\/02\/adanada-tasan-lagimlar-ve-kotu-koku-mahalleliyi-canindan-bezdirdi-0-ttECQyyu.jpg\"\/><\/p>\n<p><strong>MAHALLEL\u0130 TEPK\u0130L\u0130<\/strong><\/p>\n<p>Mahalle sakinlerinden Ziya Do\u011fan<b><em>, &#8220;\u00c7ok pis kokuyor, evlerde durulmuyor. Belediyenin bir an \u00f6nce gelip bu sorunu \u00e7\u00f6zmesi laz\u0131m. E\u015fimi doktora g\u00f6t\u00fcrmek i\u00e7in \u00e7\u0131kt\u0131m, s\u00fcrekli ayn\u0131 manzarayla kar\u015f\u0131la\u015f\u0131yoruz ama kimse ilgilenmiyor.&#8221; <\/em><\/b>dedi.<\/p>\n<p>Vatanda\u015flardan Halit \u00d6zcan ise, <b><em>&#8220;Burada s\u00fcrekli su ak\u0131yor, a\u011f\u0131r bir la\u011f\u0131m kokusu var. Ya\u011fmurdan sonra durum daha da k\u00f6t\u00fcle\u015fti.&#8221; <\/em><\/b>ifadelerini kulland\u0131.<\/p>\n<p>Mahalle sakinlerinden Hikmet Duran da ya\u015fananlar\u0131n \u00e7ocuklar i\u00e7in b\u00fcy\u00fck risk olu\u015fturdu\u011funu belirterek,<b><em> &#8220;\u00c7ocuklar hasta olacak. Bu memlekette bu pislik nas\u0131l olur? Kozan \u00e7ok g\u00fczel bir il\u00e7e ama &#8216;makine yok&#8217; deniliyor. Koca Kozan&#8217;da nas\u0131l ara\u00e7 olmaz? Pisli\u011fin i\u00e7indeyiz. \u00c7ocuklar d\u0131\u015far\u0131 \u00e7\u0131kam\u0131yor, cam a\u00e7am\u0131yoruz. Bu durumdan dolay\u0131 hayat\u0131m\u0131z durdu.&#8221; <\/em><\/b>diye konu\u015ftu.<\/p>\n<p><img decoding=\"async\" src=\"https:\/\/bihavadis.com\/wp-content\/uploads\/2026\/02\/adanada-tasan-lagimlar-ve-kotu-koku-mahalleliyi-canindan-bezdirdi-1-ESEGyXnj.jpg\"\/><\/p>\n<p><img decoding=\"async\" src=\"https:\/\/bihavadis.com\/wp-content\/uploads\/2026\/02\/adanada-tasan-lagimlar-ve-kotu-koku-mahalleliyi-canindan-bezdirdi-2-OnnGC4XT.jpg\"\/><\/p>\n<p><img decoding=\"async\" src=\"https:\/\/bihavadis.com\/wp-content\/uploads\/2026\/02\/adanada-tasan-lagimlar-ve-kotu-koku-mahalleliyi-canindan-bezdirdi-3-9JBlBDfO.jpg\"\/><\/p>\n","protected":false},"excerpt":{"rendered":"<p>Kozan il\u00e7esinde yakla\u015f\u0131k 10 g\u00fcnd\u00fcr ta\u015fan r\u00f6garlar, \u00e7evrede hem k\u00f6t\u00fc kokuya hem de sa\u011fl\u0131k endi\u015fesine yol a\u00e7\u0131yor. Her g\u00fcn okuluna gitmek i\u00e7in evinden \u00e7\u0131kan \u00e7ocuklar la\u011f\u0131m sular\u0131n\u0131n i\u00e7inden ge\u00e7mek zorunda kal\u0131yor.<\/p>\n","protected":false},"author":1,"featured_media":31867,"comment_status":"open","ping_status":"open","sticky":false,"template":"","format":"standard","meta":{"footnotes":""},"categories":[9,13],"tags":[4855,1018],"class_list":["post-31866","post","type-post","status-publish","format-standard","has-post-thumbnail","hentry","category-genel","category-son-dakika","tag-lagim","tag-mahalle"],"_links":{"self":[{"href":"https:\/\/bihavadis.com\/index.php\/wp-json\/wp\/v2\/posts\/31866","targetHints":{"allow":["GET"]}}],"collection":[{"href":"https:\/\/bihavadis.com\/index.php\/wp-json\/wp\/v2\/posts"}],"about":[{"href":"https:\/\/bihavadis.com\/index.php\/wp-json\/wp\/v2\/types\/post"}],"author":[{"embeddable":true,"href":"https:\/\/bihavadis.com\/index.php\/wp-json\/wp\/v2\/users\/1"}],"replies":[{"embeddable":true,"href":"https:\/\/bihavadis.com\/index.php\/wp-json\/wp\/v2\/comments?post=31866"}],"version-history":[{"count":1,"href":"https:\/\/bihavadis.com\/index.php\/wp-json\/wp\/v2\/posts\/31866\/revisions"}],"predecessor-version":[{"id":31872,"href":"https:\/\/bihavadis.com\/index.php\/wp-json\/wp\/v2\/posts\/31866\/revisions\/31872"}],"wp:featuredmedia":[{"embeddable":true,"href":"https:\/\/bihavadis.com\/index.php\/wp-json\/wp\/v2\/media\/31867"}],"wp:attachment":[{"href":"https:\/\/bihavadis.com\/index.php\/wp-json\/wp\/v2\/media?parent=31866"}],"wp:term":[{"taxonomy":"category","embeddable":true,"href":"https:\/\/bihavadis.com\/index.php\/wp-json\/wp\/v2\/categories?post=31866"},{"taxonomy":"post_tag","embeddable":true,"href":"https:\/\/bihavadis.com\/index.php\/wp-json\/wp\/v2\/tags?post=31866"}],"curies":[{"name":"wp","href":"https:\/\/api.w.org\/{rel}","templated":true}]}}