{"id":31935,"date":"2026-02-13T19:21:07","date_gmt":"2026-02-13T19:21:07","guid":{"rendered":"https:\/\/bihavadis.com\/?p=31935"},"modified":"2026-02-13T19:21:07","modified_gmt":"2026-02-13T19:21:07","slug":"suriye-petrol-sirketinden-hasekedeki-petrol-sahalarina-inceleme","status":"publish","type":"post","link":"https:\/\/bihavadis.com\/index.php\/2026\/02\/13\/suriye-petrol-sirketinden-hasekedeki-petrol-sahalarina-inceleme\/","title":{"rendered":"Suriye Petrol \u015eirketi\u2019nden Haseke\u2019deki petrol sahalar\u0131na inceleme"},"content":{"rendered":"<p>Suriye h\u00fck\u00fcmeti ile ter\u00f6r \u00f6rg\u00fct\u00fc YPG aras\u0131nda imzalanan ve Haseke ilindeki R\u00fcmeylan ile S\u00fcveydiyye petrol sahalar\u0131n\u0131n teslimini \u00f6ng\u00f6ren mutabakat do\u011frultusunda Suriye Petrol \u015eirketi \u00fcst d\u00fczey yetkilileri, b\u00f6lgede saha incelemesi ger\u00e7ekle\u015ftirdi.<\/p>\n<p>Heyette, Suriye Petrol \u015eirketi M\u00fcd\u00fcr Yard\u0131mc\u0131s\u0131 Velid el-Yusuf ile Kurumsal \u0130leti\u015fim M\u00fcd\u00fcr\u00fc Safvan \u015eeyh Ahmed\u2019in yan\u0131 s\u0131ra \u00e7ok say\u0131da teknik ve idari yetkilinin yer ald\u0131\u011f\u0131 bildirildi.<\/p>\n<p><strong>&#8220;RAF\u0130NER\u0130LER B\u00dcY\u00dcK \u00d6L\u00c7\u00dcDE SA\u011eLAM&#8221;<\/strong><\/p>\n<p>\u0130ncelemelerin ard\u0131ndan d\u00fczenlenen bas\u0131n toplant\u0131s\u0131nda konu\u015fan M\u00fcd\u00fcr Yard\u0131mc\u0131s\u0131 Velid el-Yusuf, R\u00fcmeylan ve S\u00fcveydiyye b\u00f6lgelerindeki rafinerilerin b\u00fcy\u00fck b\u00f6l\u00fcm\u00fcn\u00fcn faal durumda oldu\u011funu belirterek, sava\u015f s\u00fcrecinde ciddi bir altyap\u0131 hasar\u0131 ya\u015fanmad\u0131\u011f\u0131n\u0131 s\u00f6yledi.<\/p>\n<p>Suriye petrol\u00fcn\u00fcn t\u00fcm halka ait oldu\u011funun alt\u0131n\u0131 \u00e7izen Yusuf, sahalarda g\u00f6rev yapan personelin \u00e7al\u0131\u015fmalar\u0131n\u0131 s\u00fcrd\u00fcrece\u011fini, maa\u015flarda ise gerekli d\u00fczenlemelerin yap\u0131laca\u011f\u0131n\u0131 ifade etti.<\/p>\n<p><img decoding=\"async\" src=\"https:\/\/bihavadis.com\/wp-content\/uploads\/2026\/02\/suriye-petrol-sirketinden-hasekedeki-petrol-sahalarina-inceleme-0-PhYfr1Is.jpg\"\/><\/p>\n<p><strong>ULUSLARARASI \u015e\u0130RKETLERLE ANLA\u015eMALAR<\/strong><\/p>\n<p>Suriye Petrol \u015eirketi\u2019ni b\u00f6lgesel \u00f6l\u00e7ekte \u00f6nc\u00fc bir konuma ta\u015f\u0131may\u0131 hedeflediklerini dile getiren Yusuf, bu kapsamda bir\u00e7ok k\u00fcresel enerji firmas\u0131yla i\u015f birli\u011fi anla\u015fmalar\u0131 imzaland\u0131\u011f\u0131n\u0131 a\u00e7\u0131klad\u0131.<\/p>\n<p>Chevron, Conoco ve ADES gibi \u015firketlerle petrol sahalar\u0131n\u0131n onar\u0131m\u0131 ve geli\u015ftirilmesine y\u00f6nelik anla\u015fmalar yap\u0131ld\u0131\u011f\u0131n\u0131 belirten Yusuf, sava\u015fta zarar g\u00f6ren alanlarda onar\u0131m \u00e7al\u0131\u015fmalar\u0131n\u0131n \u00f6n\u00fcm\u00fczdeki haftadan itibaren ba\u015flayaca\u011f\u0131n\u0131 kaydetti.<\/p>\n<p><strong>\u00dcRET\u0130MDE KADEMEL\u0130 ARTI\u015e VE YAKIT \u0130ND\u0130R\u0130M\u0130 MESAJI<\/strong><\/p>\n<p>Petrol ve do\u011falgaz \u00fcretiminde a\u015famal\u0131 bir art\u0131\u015f planland\u0131\u011f\u0131n\u0131 aktaran Yusuf, ta\u015f\u0131ma boru hatlar\u0131 ve altyap\u0131 iyile\u015ftirmeleriyle birlikte yak\u0131t fiyatlar\u0131nda da indirime gidilece\u011fini ifade etti.<\/p>\n<p>Devrik rejim d\u00f6neminde Deyrizor, Haseke ve Rakka\u2019n\u0131n <b><em>\u201ckalk\u0131nan \u015fehirler\u201d<\/em><\/b> olarak s\u0131n\u0131fland\u0131r\u0131lmas\u0131na ra\u011fmen somut projeler y\u00fcr\u00fct\u00fclmedi\u011fini dile getiren Yusuf, yeni d\u00f6nemde t\u00fcm toplumsal kesimleri kapsayan kalk\u0131nma projelerinin hayata ge\u00e7irilece\u011fini s\u00f6yledi.<\/p>\n<p><img decoding=\"async\" src=\"https:\/\/bihavadis.com\/wp-content\/uploads\/2026\/02\/suriye-petrol-sirketinden-hasekedeki-petrol-sahalarina-inceleme-1-rX7Mb5OI.jpg\"\/><\/p>\n<p><strong>&#8220;GEL\u0130R DEVLET B\u00dcT\u00c7ES\u0130NE AKTARILACAK&#8221;<\/strong><\/p>\n<p>Kurumsal \u0130leti\u015fim M\u00fcd\u00fcr\u00fc Safvan \u015eeyh Ahmed ise yabanc\u0131 \u015firketler arac\u0131l\u0131\u011f\u0131yla ayl\u0131k yakla\u015f\u0131k 2,5 milyon varil petrol ithal edildi\u011fini belirterek Haseke\u2019de yeniden devlet kontrol\u00fcne ge\u00e7en kuyulardan elde edilecek gelirlerin, do\u011frudan devlet b\u00fct\u00e7esine aktar\u0131laca\u011f\u0131n\u0131 a\u00e7\u0131klad\u0131.<\/p>\n<p>\u015eeyh Ahmed, gelir da\u011f\u0131l\u0131m\u0131nda e\u015fitlik ilkesinin g\u00f6zetilece\u011fini vurgulayarak, b\u00f6lge halk\u0131n\u0131n sahalarda ve ilgili kurumlarda istihdam edilmeye devam edece\u011fini kaydetti.<\/p>\n<p><strong>PERSONEL \u0130\u00c7\u0130N YURT DI\u015eI E\u011e\u0130T\u0130M PLANI<\/strong><\/p>\n<p>\u00c7al\u0131\u015fanlar\u0131n mesleki yeterliliklerini art\u0131rmay\u0131 hedeflediklerini belirten \u015eeyh Ahmed, personelin deneyim kazanmas\u0131 amac\u0131yla yurt d\u0131\u015f\u0131nda e\u011fitim programlar\u0131na g\u00f6nderilece\u011fini s\u00f6zlerine ekledi.<\/p>\n<p><img decoding=\"async\" src=\"https:\/\/bihavadis.com\/wp-content\/uploads\/2026\/02\/suriye-petrol-sirketinden-hasekedeki-petrol-sahalarina-inceleme-2-LHOw2MGH.jpg\"\/><\/p>\n","protected":false},"excerpt":{"rendered":"<p>Suriye Petrol \u015eirketi yetkilileri, h\u00fck\u00fcmet ile YPG aras\u0131nda imzalanan mutabakat kapsam\u0131nda Haseke\u2019de bulunan R\u00fcmeylan ve S\u00fcveydiyye petrol sahalar\u0131nda incelemelerde bulundu.<\/p>\n","protected":false},"author":1,"featured_media":31936,"comment_status":"open","ping_status":"open","sticky":false,"template":"","format":"standard","meta":{"footnotes":""},"categories":[8],"tags":[391,2395,361,3953],"class_list":["post-31935","post","type-post","status-publish","format-standard","has-post-thumbnail","hentry","category-ekonomi","tag-petrol","tag-saha","tag-suriye","tag-yusuf"],"_links":{"self":[{"href":"https:\/\/bihavadis.com\/index.php\/wp-json\/wp\/v2\/posts\/31935","targetHints":{"allow":["GET"]}}],"collection":[{"href":"https:\/\/bihavadis.com\/index.php\/wp-json\/wp\/v2\/posts"}],"about":[{"href":"https:\/\/bihavadis.com\/index.php\/wp-json\/wp\/v2\/types\/post"}],"author":[{"embeddable":true,"href":"https:\/\/bihavadis.com\/index.php\/wp-json\/wp\/v2\/users\/1"}],"replies":[{"embeddable":true,"href":"https:\/\/bihavadis.com\/index.php\/wp-json\/wp\/v2\/comments?post=31935"}],"version-history":[{"count":1,"href":"https:\/\/bihavadis.com\/index.php\/wp-json\/wp\/v2\/posts\/31935\/revisions"}],"predecessor-version":[{"id":31940,"href":"https:\/\/bihavadis.com\/index.php\/wp-json\/wp\/v2\/posts\/31935\/revisions\/31940"}],"wp:featuredmedia":[{"embeddable":true,"href":"https:\/\/bihavadis.com\/index.php\/wp-json\/wp\/v2\/media\/31936"}],"wp:attachment":[{"href":"https:\/\/bihavadis.com\/index.php\/wp-json\/wp\/v2\/media?parent=31935"}],"wp:term":[{"taxonomy":"category","embeddable":true,"href":"https:\/\/bihavadis.com\/index.php\/wp-json\/wp\/v2\/categories?post=31935"},{"taxonomy":"post_tag","embeddable":true,"href":"https:\/\/bihavadis.com\/index.php\/wp-json\/wp\/v2\/tags?post=31935"}],"curies":[{"name":"wp","href":"https:\/\/api.w.org\/{rel}","templated":true}]}}