{"id":31947,"date":"2026-02-13T19:30:06","date_gmt":"2026-02-13T19:30:06","guid":{"rendered":"https:\/\/bihavadis.com\/?p=31947"},"modified":"2026-02-13T19:30:06","modified_gmt":"2026-02-13T19:30:06","slug":"fransa-merkez-bankasinin-baskani-villeroy-gorevinden-ayriliyor","status":"publish","type":"post","link":"https:\/\/bihavadis.com\/index.php\/2026\/02\/13\/fransa-merkez-bankasinin-baskani-villeroy-gorevinden-ayriliyor\/","title":{"rendered":"Fransa Merkez Bankas\u0131&#8217;n\u0131n Ba\u015fkan\u0131 Villeroy g\u00f6revinden ayr\u0131l\u0131yor"},"content":{"rendered":"<p>Fransa Merkez Bankas\u0131 (Banque de France) Ba\u015fkan\u0131 Francois Villeroy de Galhau, g\u00f6rev s\u00fcresinin dolmas\u0131na bir y\u0131ldan fazla s\u00fcre kala, haziran ay\u0131 ba\u015f\u0131nda g\u00f6revinden ayr\u0131lma karar\u0131 ald\u0131\u011f\u0131n\u0131 duyurdu.<\/p>\n<p><strong>G\u00d6REV S\u00dcRES\u0130N\u0130N B\u0130TMES\u0130NE B\u0130R YILI A\u015eKIN S\u00dcRE KALMI\u015eTI<\/strong><\/p>\n<p>Fransa Merkez Bankas\u0131&#8217;ndan yap\u0131lan a\u00e7\u0131klamada, 66 ya\u015f\u0131ndaki Villeroy\u2019un g\u00f6rev s\u00fcresinin normal \u015fartlarda tamamlanmas\u0131na bir y\u0131l\u0131 a\u015fk\u0131n bir s\u00fcre kala haziran ay\u0131 ba\u015f\u0131nda g\u00f6revinden ayr\u0131lma karar\u0131 ald\u0131\u011f\u0131 belirtildi.<\/p>\n<p><strong>VAKFIN BA\u015eINA GE\u00c7ECEK<\/strong><\/p>\n<p>Villeroy\u2019un, dezavantajl\u0131 gen\u00e7ler ve aileler yarar\u0131na faaliyet g\u00f6steren Katolik Apprentis d&#8217;Auteuil Vakf\u0131n\u0131n ba\u015f\u0131na ge\u00e7ece\u011fi ifade edildi.<\/p>\n<p>Villeroy\u2019un bu s\u00fcrpriz istifa karar\u0131, Fransa Cumhurba\u015fkan\u0131 Emmanuel Macron\u2019a yeni bir atama yapma f\u0131rsat\u0131 sundu.<\/p>\n<p>Macron taraf\u0131ndan belirlenecek halef isminin, g\u00f6reve ba\u015flayabilmesi i\u00e7in Ulusal Meclis Maliye Komisyonu taraf\u0131ndan onaylanmas\u0131 gerekiyor.<\/p>\n<p><strong>LAGARDE MESAJ YAYIMLADI<\/strong><\/p>\n<p>Avrupa Merkez Bankas\u0131 (ECB) Ba\u015fkan\u0131 Christine Lagarde, Avrupa para politikas\u0131nda a\u011f\u0131rl\u0131\u011f\u0131 olan Villeroy&#8217;un istifa karar\u0131n\u0131n ard\u0131ndan yay\u0131mlad\u0131\u011f\u0131 mesajda, Frans\u0131z mevkida\u015f\u0131n\u0131n 11 y\u0131ll\u0131k &#8220;sad\u0131k ve \u00f6zverili&#8221; hizmetine vurgu yapt\u0131.<\/p>\n<p><strong>ECB DOSTU<\/strong><\/p>\n<p>Lagarde, <b><em>&#8220;Y\u00f6netim Konseyi, Fran\u00e7ois&#8217;n\u0131n masaya getirdi\u011fi ger\u00e7ek\u00e7ilikten ve g\u00fc\u00e7l\u00fc Avrupa vizyonundan b\u00fcy\u00fck \u00f6l\u00e7\u00fcde yararland\u0131. Kendisi her zaman ECB&#8217;nin bir dostu olarak kalacakt\u0131r.&#8221;<\/em><\/b> ifadelerini kulland\u0131.<\/p>\n<p><img decoding=\"async\" src=\"https:\/\/bihavadis.com\/wp-content\/uploads\/2026\/02\/fransa-merkez-bankasinin-baskani-villeroy-gorevinden-ayriliyor-0-2Sj9zPTu.jpg\"\/><\/p>\n","protected":false},"excerpt":{"rendered":"<p>Fransa Merkez Bankas\u0131 Ba\u015fkan\u0131 Francois Villeroy de Galhau, beklenmedik bir kararla g\u00f6revinden erken ayr\u0131laca\u011f\u0131n\u0131 duyurdu.<\/p>\n","protected":false},"author":1,"featured_media":31948,"comment_status":"open","ping_status":"open","sticky":false,"template":"","format":"standard","meta":{"footnotes":""},"categories":[8],"tags":[1159,544,934],"class_list":["post-31947","post","type-post","status-publish","format-standard","has-post-thumbnail","hentry","category-ekonomi","tag-gorev","tag-sure","tag-villeroy"],"_links":{"self":[{"href":"https:\/\/bihavadis.com\/index.php\/wp-json\/wp\/v2\/posts\/31947","targetHints":{"allow":["GET"]}}],"collection":[{"href":"https:\/\/bihavadis.com\/index.php\/wp-json\/wp\/v2\/posts"}],"about":[{"href":"https:\/\/bihavadis.com\/index.php\/wp-json\/wp\/v2\/types\/post"}],"author":[{"embeddable":true,"href":"https:\/\/bihavadis.com\/index.php\/wp-json\/wp\/v2\/users\/1"}],"replies":[{"embeddable":true,"href":"https:\/\/bihavadis.com\/index.php\/wp-json\/wp\/v2\/comments?post=31947"}],"version-history":[{"count":1,"href":"https:\/\/bihavadis.com\/index.php\/wp-json\/wp\/v2\/posts\/31947\/revisions"}],"predecessor-version":[{"id":31950,"href":"https:\/\/bihavadis.com\/index.php\/wp-json\/wp\/v2\/posts\/31947\/revisions\/31950"}],"wp:featuredmedia":[{"embeddable":true,"href":"https:\/\/bihavadis.com\/index.php\/wp-json\/wp\/v2\/media\/31948"}],"wp:attachment":[{"href":"https:\/\/bihavadis.com\/index.php\/wp-json\/wp\/v2\/media?parent=31947"}],"wp:term":[{"taxonomy":"category","embeddable":true,"href":"https:\/\/bihavadis.com\/index.php\/wp-json\/wp\/v2\/categories?post=31947"},{"taxonomy":"post_tag","embeddable":true,"href":"https:\/\/bihavadis.com\/index.php\/wp-json\/wp\/v2\/tags?post=31947"}],"curies":[{"name":"wp","href":"https:\/\/api.w.org\/{rel}","templated":true}]}}