{"id":31965,"date":"2026-02-13T19:45:09","date_gmt":"2026-02-13T19:45:09","guid":{"rendered":"https:\/\/bihavadis.com\/?p=31965"},"modified":"2026-02-13T19:45:09","modified_gmt":"2026-02-13T19:45:09","slug":"engel-tanimayan-saglik-seferberligi","status":"publish","type":"post","link":"https:\/\/bihavadis.com\/index.php\/2026\/02\/13\/engel-tanimayan-saglik-seferberligi\/","title":{"rendered":"Engel tan\u0131mayan sa\u011fl\u0131k seferberli\u011fi"},"content":{"rendered":"<p>\u0130zmir B\u00fcy\u00fck\u015fehir Belediyesi\u2019nin sa\u011f\u0131r ve i\u015fitme engelli kad\u0131nlara y\u00f6nelik ba\u015flatt\u0131\u011f\u0131 \u201cKad\u0131n Sa\u011fl\u0131\u011f\u0131 At\u00f6lyeleri\u201d T\u00fcrkiye\u2019ye yay\u0131ld\u0131. Bal\u0131kesir\u2019de d\u00fczenlenen bulu\u015fmada kad\u0131nlar kendi dillerinde bilgiye ula\u015ft\u0131, dayan\u0131\u015fmayla g\u00fc\u00e7lendi.<\/p>\n<p>\u0130zmir B\u00fcy\u00fck\u015fehir Belediyesi Engelli \u00c7al\u0131\u015fmalar\u0131 \u015eube M\u00fcd\u00fcrl\u00fc\u011f\u00fc\u2019n\u00fcn sa\u011f\u0131r ve i\u015fitme engelli kad\u0131nlara y\u00f6nelik olarak ba\u015flatt\u0131\u011f\u0131 \u201cYarat\u0131c\u0131 Drama Y\u00f6ntemi ile Kad\u0131n Sa\u011fl\u0131\u011f\u0131 At\u00f6lyeleri\u201d \u0130zmir\u2019in ard\u0131ndan \u00fclke geneline yay\u0131ld\u0131. T\u00fcrkiye Sa\u011f\u0131rlar Milli Federasyonu ve T\u00fcrkiye Aile Planlamas\u0131 Vakf\u0131 i\u015f birli\u011fiyle y\u00fcr\u00fct\u00fclen projede t\u00fcm sa\u011f\u0131r ve i\u015fitme engelli kad\u0131nlara ula\u015fmay\u0131 hedefleyen \u0130zmir B\u00fcy\u00fck\u015fehir Belediyesi Engelli \u00c7al\u0131\u015fmalar\u0131 \u015eube M\u00fcd\u00fcrl\u00fc\u011f\u00fc uzmanlar\u0131 Hatay, Batman ve Gaziantep\u2019in ard\u0131ndan Bal\u0131kesir\u2019de de bir at\u00f6lye d\u00fczenledi.<\/p>\n<p><strong>Payla\u015farak g\u00fc\u00e7leniyorlar<\/strong><br \/>Salih Tozan K\u00fclt\u00fcr ve Sanat Merkezi\u2019nde d\u00fczenlenen at\u00f6lyede, \u0130zmir B\u00fcy\u00fck\u015fehir Belediyesi Engelli \u00c7al\u0131\u015fmalar\u0131 \u015eube M\u00fcd\u00fcrl\u00fc\u011f\u00fc\u2019nde g\u00f6revli yarat\u0131c\u0131 drama ve kad\u0131n sa\u011fl\u0131\u011f\u0131 e\u011fitmeni Emel Pektezel yarat\u0131c\u0131 drama y\u00f6ntemiyle e\u011fitimi y\u00fcr\u00fct\u00fcrken, Melek Uslular s\u00fcreci T\u00fcrk \u0130\u015faret Diline \u00e7evirerek kat\u0131l\u0131mc\u0131lar\u0131n i\u00e7eri\u011fe do\u011frudan eri\u015fimini sa\u011flad\u0131. T\u00fcm g\u00fcn s\u00fcren at\u00f6lye \u00e7al\u0131\u015fmalar\u0131na kat\u0131lan kad\u0131nlara toplumsal cinsiyet e\u015fitli\u011fi temelinde kendi bedenini tan\u0131ma, cinsel sa\u011fl\u0131k, \u00fcreme sa\u011fl\u0131\u011f\u0131, gebeli\u011fi koruyucu ve \u00f6nleyici y\u00f6ntemler, g\u00fcvenli annelik, temizlik, beslenme ve menopoz ba\u015fl\u0131klar\u0131nda e\u011fitim verildi. T\u00fcrkiye\u2019de kendi alan\u0131nda \u00f6nc\u00fc bir uygulama niteli\u011fi ta\u015f\u0131yan bu at\u00f6lyelerde sa\u011f\u0131r ve i\u015fitme engelli kad\u0131nlar, kendi dilinde bilgiye ula\u015fma f\u0131rsat\u0131 bulurken ayn\u0131 zamanda deneyim payla\u015f\u0131m\u0131, dayan\u0131\u015fma ve g\u00fc\u00e7lenme ortam\u0131 da ya\u015f\u0131yor.<\/p>\n<p>Proje, 2025 y\u0131l\u0131nda T\u00fclay Akta\u015f G\u00f6n\u00fcll\u00fc Kurulu\u015flar Birli\u011fi Kar\u015f\u0131l\u0131ks\u0131z Hizmet \u00d6d\u00fclleri\u2019nde birincili\u011fe lay\u0131k g\u00f6r\u00fclm\u00fc\u015ft\u00fc.<\/p>\n<p>\u00a0<\/p>\n<p>\u00a0<\/p>\n<p>Kaynak: (BYZHA) Beyaz Haber Ajans\u0131<\/p>\n","protected":false},"excerpt":{"rendered":"<p>\u0130zmir B\u00fcy\u00fck\u015fehir Belediyesi\u2019nin sa\u011f\u0131r ve i\u015fitme engelli kad\u0131nlara y\u00f6nelik ba\u015flatt\u0131\u011f\u0131 \u201cKad\u0131n Sa\u011fl\u0131\u011f\u0131 At\u00f6lyeleri\u201d T\u00fcrkiye\u2019ye yay\u0131ld\u0131.<\/p>\n","protected":false},"author":1,"featured_media":31966,"comment_status":"open","ping_status":"open","sticky":false,"template":"","format":"standard","meta":{"footnotes":""},"categories":[11],"tags":[438,648,395,1614,517],"class_list":["post-31965","post","type-post","status-publish","format-standard","has-post-thumbnail","hentry","category-saglik","tag-atolye","tag-engelli","tag-is","tag-kadinlar","tag-turk"],"_links":{"self":[{"href":"https:\/\/bihavadis.com\/index.php\/wp-json\/wp\/v2\/posts\/31965","targetHints":{"allow":["GET"]}}],"collection":[{"href":"https:\/\/bihavadis.com\/index.php\/wp-json\/wp\/v2\/posts"}],"about":[{"href":"https:\/\/bihavadis.com\/index.php\/wp-json\/wp\/v2\/types\/post"}],"author":[{"embeddable":true,"href":"https:\/\/bihavadis.com\/index.php\/wp-json\/wp\/v2\/users\/1"}],"replies":[{"embeddable":true,"href":"https:\/\/bihavadis.com\/index.php\/wp-json\/wp\/v2\/comments?post=31965"}],"version-history":[{"count":1,"href":"https:\/\/bihavadis.com\/index.php\/wp-json\/wp\/v2\/posts\/31965\/revisions"}],"predecessor-version":[{"id":31967,"href":"https:\/\/bihavadis.com\/index.php\/wp-json\/wp\/v2\/posts\/31965\/revisions\/31967"}],"wp:featuredmedia":[{"embeddable":true,"href":"https:\/\/bihavadis.com\/index.php\/wp-json\/wp\/v2\/media\/31966"}],"wp:attachment":[{"href":"https:\/\/bihavadis.com\/index.php\/wp-json\/wp\/v2\/media?parent=31965"}],"wp:term":[{"taxonomy":"category","embeddable":true,"href":"https:\/\/bihavadis.com\/index.php\/wp-json\/wp\/v2\/categories?post=31965"},{"taxonomy":"post_tag","embeddable":true,"href":"https:\/\/bihavadis.com\/index.php\/wp-json\/wp\/v2\/tags?post=31965"}],"curies":[{"name":"wp","href":"https:\/\/api.w.org\/{rel}","templated":true}]}}