{"id":31981,"date":"2026-02-13T20:00:06","date_gmt":"2026-02-13T20:00:06","guid":{"rendered":"https:\/\/bihavadis.com\/?p=31981"},"modified":"2026-02-13T20:00:06","modified_gmt":"2026-02-13T20:00:06","slug":"baskan-ulken-misirda-aydini-temsil-etti","status":"publish","type":"post","link":"https:\/\/bihavadis.com\/index.php\/2026\/02\/13\/baskan-ulken-misirda-aydini-temsil-etti\/","title":{"rendered":"Ba\u015fkan \u00dclken, M\u0131s\u0131r&#8217;da Ayd\u0131n&#8217;\u0131 temsil etti"},"content":{"rendered":"<p> Ayd\u0131n Ticaret Odas\u0131 (AYTO) Ba\u015fkan\u0131 ve TOBB Y\u00f6netim Kurulu \u00dcyesi Hakan \u00dclken, T\u00fcrkiye ile M\u0131s\u0131r aras\u0131ndaki ekonomik i\u015f birli\u011finin g\u00fc\u00e7lendirilmesinin hedeflendi\u011fi T\u00fcrkiye-M\u0131s\u0131r Oda ve Borsalar \u0130\u015f Birli\u011fi Forumu&#8217;na kat\u0131larak Ayd\u0131n&#8217;\u0131n yat\u0131r\u0131m potansiyelini uluslararas\u0131 platformda tan\u0131tt\u0131.<\/p>\n<p>Cumhurba\u015fkan\u0131 Recep Tayyip Erdo\u011fan&#8217;\u0131n M\u0131s\u0131r&#8217;a ger\u00e7ekle\u015ftirece\u011fi resmi ziyaret \u00f6ncesinde, M\u0131s\u0131r Ticaret ve Sanayi Odalar\u0131 Federasyonu&#8217;nun ev sahipli\u011finde ve TOBB Ba\u015fkan\u0131 M. Rifat Hisarc\u0131kl\u0131o\u011flu&#8217;nun kat\u0131l\u0131m\u0131yla d\u00fczenlenen T\u00fcrkiye-M\u0131s\u0131r Oda ve Borsalar \u0130\u015f Birli\u011fi Forumu M\u0131s\u0131r&#8217;da ger\u00e7ekle\u015ftirildi. Foruma, TOBB Y\u00f6netim Kurulu \u00dcyesi ve Ayd\u0131n Ticaret Odas\u0131 Ba\u015fkan\u0131 Hakan \u00dclken de kat\u0131l\u0131m sa\u011flad\u0131. M\u0131s\u0131r Maliye Bakan\u0131 Ahmed Kouchouk&#8217;un \u00e7evrim i\u00e7i olarak kat\u0131ld\u0131\u011f\u0131 toplant\u0131da, T\u00fcrkiye Cumhuriyeti Kahire B\u00fcy\u00fckel\u00e7isi Salih Mutlu \u015een, M\u0131s\u0131r Ticaret ve Sanayi Odalar\u0131 Federasyonu Ba\u015fkan\u0131 Ahmet Al Wakil ile iki \u00fclkenin i\u015f d\u00fcnyas\u0131ndan temsilciler yer ald\u0131. Toplant\u0131da, T\u00fcrkiye-M\u0131s\u0131r ticari ve iktisadi ili\u015fkileri ile yeni yat\u0131r\u0131m ve i\u015f birli\u011fi f\u0131rsatlar\u0131 ele al\u0131nd\u0131. Forum kapsam\u0131nda, iki \u00fclke aras\u0131ndaki ticaretin lojistik altyap\u0131s\u0131n\u0131n g\u00fc\u00e7lendirilmesine y\u00f6nelik Mersin-\u0130skenderiye ve \u0130skenderun-Dimyat Ro-Ro seferleri g\u00fcndeme geldi.<\/p>\n<p>AYTO, uluslararas\u0131 i\u015f birli\u011fin anla\u015fmalar\u0131nda yer ald\u0131<\/p>\n<p>Etkinlikte, TOBB ile M\u0131s\u0131r Ticaret ve Sanayi Odalar\u0131 Federasyonu aras\u0131nda, sanayi, ticaret, tar\u0131m, bal\u0131k\u00e7\u0131l\u0131k, turizm, lojistik ve in\u015faat sekt\u00f6rlerini kapsayan i\u015f birli\u011fi anla\u015fmalar\u0131 imzaland\u0131. S\u00f6z konusu anla\u015fmalar\u0131n, Ayd\u0131n i\u015f d\u00fcnyas\u0131 ba\u015fta olmak \u00fczere T\u00fcrk ve M\u0131s\u0131rl\u0131 yat\u0131r\u0131mc\u0131lar aras\u0131ndaki ticari ili\u015fkileri g\u00fc\u00e7lendirmesi hedefleniyor.<\/p>\n<p>&#8220;Ayd\u0131n&#8217;\u0131n yat\u0131r\u0131m potansiyelini anlat\u0131yoruz&#8221;<\/p>\n<p>Forum de\u011ferlendirmesinde bulunan AYTO Ba\u015fkan\u0131 Hakan \u00dclken, Ayd\u0131n ve b\u00f6lgenin sahip oldu\u011fu yat\u0131r\u0131m imkanlar\u0131n\u0131 M\u0131s\u0131rl\u0131 i\u015f insanlar\u0131na aktararak kar\u015f\u0131l\u0131kl\u0131 yat\u0131r\u0131m ve ekonomik i\u015f birli\u011fi \u00e7a\u011fr\u0131s\u0131nda bulunacaklar\u0131n\u0131 belirtti. \u00dclken, forum s\u00fcresince ger\u00e7ekle\u015ftirilen t\u00fcm oturumlara aktif \u015fekilde kat\u0131larak temaslar\u0131n\u0131 s\u00fcrd\u00fcrece\u011fini ifade etti. &#8211; AYDIN<\/p>\n","protected":false},"excerpt":{"rendered":"<p>Ayd\u0131n Ticaret Odas\u0131 (AYTO) Ba\u015fkan\u0131 ve TOBB Y\u00f6netim Kurulu \u00dcyesi Hakan \u00dclken, T\u00fcrkiye ile M\u0131s\u0131r aras\u0131ndaki ekonomik i\u015f birli\u011finin g\u00fc\u00e7lendirilmesinin hedeflendi\u011fi T\u00fcrkiye-M\u0131s\u0131r Oda ve Borsalar \u0130\u015f Birli\u011fi Forumu&#8217;na kat\u0131larak Ayd\u0131n&#8217;\u0131n yat\u0131r\u0131m potansiyelini uluslararas\u0131 platformda tan\u0131tt\u0131.<\/p>\n","protected":false},"author":1,"featured_media":31982,"comment_status":"open","ping_status":"open","sticky":false,"template":"","format":"standard","meta":{"footnotes":""},"categories":[8],"tags":[562,1662,899,3529,406],"class_list":["post-31981","post","type-post","status-publish","format-standard","has-post-thumbnail","hentry","category-ekonomi","tag-aydin","tag-is-birligi","tag-misir","tag-oda","tag-ticaret"],"_links":{"self":[{"href":"https:\/\/bihavadis.com\/index.php\/wp-json\/wp\/v2\/posts\/31981","targetHints":{"allow":["GET"]}}],"collection":[{"href":"https:\/\/bihavadis.com\/index.php\/wp-json\/wp\/v2\/posts"}],"about":[{"href":"https:\/\/bihavadis.com\/index.php\/wp-json\/wp\/v2\/types\/post"}],"author":[{"embeddable":true,"href":"https:\/\/bihavadis.com\/index.php\/wp-json\/wp\/v2\/users\/1"}],"replies":[{"embeddable":true,"href":"https:\/\/bihavadis.com\/index.php\/wp-json\/wp\/v2\/comments?post=31981"}],"version-history":[{"count":1,"href":"https:\/\/bihavadis.com\/index.php\/wp-json\/wp\/v2\/posts\/31981\/revisions"}],"predecessor-version":[{"id":31983,"href":"https:\/\/bihavadis.com\/index.php\/wp-json\/wp\/v2\/posts\/31981\/revisions\/31983"}],"wp:featuredmedia":[{"embeddable":true,"href":"https:\/\/bihavadis.com\/index.php\/wp-json\/wp\/v2\/media\/31982"}],"wp:attachment":[{"href":"https:\/\/bihavadis.com\/index.php\/wp-json\/wp\/v2\/media?parent=31981"}],"wp:term":[{"taxonomy":"category","embeddable":true,"href":"https:\/\/bihavadis.com\/index.php\/wp-json\/wp\/v2\/categories?post=31981"},{"taxonomy":"post_tag","embeddable":true,"href":"https:\/\/bihavadis.com\/index.php\/wp-json\/wp\/v2\/tags?post=31981"}],"curies":[{"name":"wp","href":"https:\/\/api.w.org\/{rel}","templated":true}]}}