{"id":31987,"date":"2026-02-13T20:06:05","date_gmt":"2026-02-13T20:06:05","guid":{"rendered":"https:\/\/bihavadis.com\/?p=31987"},"modified":"2026-02-13T20:06:05","modified_gmt":"2026-02-13T20:06:05","slug":"furkan-akar-milano-cortina-2026da-gozunu-madalyaya-dikti","status":"publish","type":"post","link":"https:\/\/bihavadis.com\/index.php\/2026\/02\/13\/furkan-akar-milano-cortina-2026da-gozunu-madalyaya-dikti\/","title":{"rendered":"Furkan Akar, Milano-Cortina 2026&#8217;da g\u00f6z\u00fcn\u00fc madalyaya dikti"},"content":{"rendered":"<p>2026 Milano-Cortina K\u0131\u015f Olimpiyatlar\u0131&#8217;nda T\u00fcrkiye&#8217;yi k\u0131sa kulvar s\u00fcrat pateninde temsil edecek milli sporcu Furkan Akar, m\u00fcsabakalar \u00f6ncesi kendisini haz\u0131r hissetti\u011fini ve k\u00fcrs\u00fcde yer almay\u0131 hedefledi\u011fini s\u00f6yledi.<\/p>\n<p>Furkan Akar, \u0130talya&#8217;n\u0131n Milano kentindeki olimpiyat k\u00f6y\u00fcnde AA muhabirine yapt\u0131\u011f\u0131 a\u00e7\u0131klamada, haz\u0131rl\u0131k s\u00fcreci ve hedeflerine dair de\u011ferlendirmede bulundu.<\/p>\n<p><strong>&#8220;KEND\u0130M\u0130 \u00c7OK HAZIR H\u0130SSED\u0130YORUM&#8221;<\/strong><\/p>\n<p>Daha \u00f6nce Pekin 2022&#8217;de 6&#8217;nc\u0131l\u0131k ve 2023 Avrupa \u015eampiyonas\u0131&#8217;nda \u00fc\u00e7\u00fcnc\u00fcl\u00fck elde eden gen\u00e7 sporcu, <em><b>&#8220;Alt\u0131nc\u0131l\u0131k ve bronz madalyayla tecr\u00fcbe kazand\u0131m. Onun ard\u0131ndan bir\u00e7ok yar\u0131\u015f\u0131m oldu. Oralarda da tecr\u00fcbe kazand\u0131m. Tecr\u00fcbeliyim, ikinci olimpiyat\u0131m. Kendimi \u00e7ok haz\u0131r hissediyorum ve \u00e7ok istekliyim. \u0130n\u015fallah k\u00fcrs\u00fcde yer alaca\u011f\u0131m.&#8221;<\/b><\/em> ifadelerini kulland\u0131.<\/p>\n<p><img decoding=\"async\" src=\"https:\/\/bihavadis.com\/wp-content\/uploads\/2026\/02\/furkan-akar-milano-cortina-2026da-gozunu-madalyaya-dikti-0-6nkQVHR7.jpg\"\/><\/p>\n<p><strong>&#8220;T\u00dcRK BAYRA\u011eINI TA\u015eIMAK \u00c7OK HEYECAN VER\u0130C\u0130YD\u0130&#8221;<\/strong><\/p>\n<p>Milano&#8217;daki a\u00e7\u0131l\u0131\u015f seremonisinde T\u00fcrk bayra\u011f\u0131n\u0131 ta\u015f\u0131yan Furkan Akar, m\u00fcsabakay\u0131 b\u00fcy\u00fck heyecanla bekledi\u011fini ifade etti.<\/p>\n<p>\u00c7in&#8217;deki olimpiyata g\u00f6re Milano&#8217;daki atmosferin farkl\u0131 oldu\u011funu aktaran Furkan, <em><b>&#8220;A\u00e7\u0131l\u0131\u015fta 80 bin ki\u015fi i\u00e7inde T\u00fcrk bayra\u011f\u0131n\u0131 ta\u015f\u0131mak \u00e7ok heyecan vericiydi. Ger\u00e7ekten \u00e7ok heyecanl\u0131yd\u0131m. \u00c7ok kalabal\u0131kt\u0131, \u00e7ok aksiyonluydu. Antrenmanlar\u0131m\u0131z devam ediyor. Ay\u0131n 16&#8217;s\u0131na kadar sabah ak\u015fam fitness, buz antrenmanlar\u0131m\u0131z\u0131 yap\u0131yoruz. Heyecan dorukta.&#8221;<\/b><\/em> yorumunu yapt\u0131.<\/p>\n<p><strong>&#8220;PEK RAK\u0130B\u0130M YOK D\u0130YE D\u00dc\u015e\u00dcN\u00dcYORUM&#8221;<\/strong><\/p>\n<p>Kanadal\u0131 sporcular\u0131n 500 metrede iyi performans g\u00f6sterdi\u011fini hat\u0131rlatan milli sporcu, <em><b>&#8220;Onun d\u0131\u015f\u0131nda pek rakibim yok diye d\u00fc\u015f\u00fcn\u00fcyorum. Elimden gelenin fazlas\u0131n\u0131 yap\u0131p \u00fclkemi en iyi \u015fekilde temsil edece\u011fim.&#8221; <\/b><\/em>diye konu\u015ftu.<\/p>\n<p><strong>&#8220;DUYGULARIM \u00c7OK FARKLI&#8221;<\/strong><\/p>\n<p>Olimpiyatlarda \u00e7ok farkl\u0131 bir atmosfer oldu\u011funu vurgulayan Furkan Akar,<em><b> &#8220;Duygular\u0131m \u00e7ok farkl\u0131. T\u00fcm d\u00fcnyan\u0131n en iyi ve elit sporcular\u0131yla ayn\u0131 ortamda bulunmak, yar\u0131\u015fmak \u00e7ok farkl\u0131 bir duygu. Bunun i\u00e7in \u00e7ok \u00e7al\u0131\u015ft\u0131m ve emek verdim. \u015eu an bunun kar\u015f\u0131l\u0131\u011f\u0131n\u0131 al\u0131yorum. \u00d6ncelikle t\u00fcm T\u00fcrkiye&#8217;ye, federasyonumuza, Gen\u00e7lik ve Spor Bakanl\u0131\u011f\u0131na, arkamda duran, destek veren herkese te\u015fekk\u00fcr ederim. \u015eu anda t\u00fcm T\u00fcrkiye&#8217;den \u00e7ok mesaj al\u0131yorum, desteklerinden dolay\u0131 te\u015fekk\u00fcr ediyorum.&#8221; <\/b><\/em>de\u011ferlendirmesinde bulundu.<\/p>\n<p><strong>DEN\u0130S&#8217;\u0130N D\u00dc\u015e\u00dcNCELER\u0130<\/strong><\/p>\n<p>K\u0131sa kulvar s\u00fcrat pateninde T\u00fcrkiye&#8217;yi temsil edecek bir di\u011fer milli sporcu Denis \u00d6rs ise m\u00fcsabaka \u00f6ncesi kendisini iyi hissetti\u011fini dile getirerek antrenmanlar\u0131n s\u00fcrd\u00fc\u011f\u00fcn\u00fc ve yar\u0131\u015fta en iyi performans\u0131n\u0131 g\u00f6stermeye \u00e7al\u0131\u015faca\u011f\u0131n\u0131 belirtti.<\/p>\n<p><img decoding=\"async\" src=\"https:\/\/bihavadis.com\/wp-content\/uploads\/2026\/02\/furkan-akar-milano-cortina-2026da-gozunu-madalyaya-dikti-1-cVLl9BAw.jpg\"\/><\/p>\n<p><strong>16 \u015eUBAT&#8217;TA M\u00dcCADELE EDECEKLER<\/strong><\/p>\n<p>Furkan Akar ve Denis \u00d6rs, 16 \u015eubat Pazartesi g\u00fcn\u00fc TS\u0130 13.17&#8217;de k\u0131sa kulvar s\u00fcrat pateni erkekler 500 metre elemelerinde m\u00fccadele edecek.<\/p>\n","protected":false},"excerpt":{"rendered":"<p>Milli s\u00fcrat patenci Furkan Akar, &#8220;Kendimi \u00e7ok haz\u0131r hissediyorum ve \u00e7ok istekliyim. \u0130n\u015fallah k\u00fcrs\u00fcde yer alaca\u011f\u0131m&#8221; ifadelerini kulland\u0131.<\/p>\n","protected":false},"author":1,"featured_media":31988,"comment_status":"open","ping_status":"open","sticky":false,"template":"","format":"standard","meta":{"footnotes":""},"categories":[14],"tags":[2563,4866,501,1288,517],"class_list":["post-31987","post","type-post","status-publish","format-standard","has-post-thumbnail","hentry","category-spor","tag-farkli","tag-heyecan","tag-olimpiyat","tag-sporcu","tag-turk"],"_links":{"self":[{"href":"https:\/\/bihavadis.com\/index.php\/wp-json\/wp\/v2\/posts\/31987","targetHints":{"allow":["GET"]}}],"collection":[{"href":"https:\/\/bihavadis.com\/index.php\/wp-json\/wp\/v2\/posts"}],"about":[{"href":"https:\/\/bihavadis.com\/index.php\/wp-json\/wp\/v2\/types\/post"}],"author":[{"embeddable":true,"href":"https:\/\/bihavadis.com\/index.php\/wp-json\/wp\/v2\/users\/1"}],"replies":[{"embeddable":true,"href":"https:\/\/bihavadis.com\/index.php\/wp-json\/wp\/v2\/comments?post=31987"}],"version-history":[{"count":1,"href":"https:\/\/bihavadis.com\/index.php\/wp-json\/wp\/v2\/posts\/31987\/revisions"}],"predecessor-version":[{"id":31991,"href":"https:\/\/bihavadis.com\/index.php\/wp-json\/wp\/v2\/posts\/31987\/revisions\/31991"}],"wp:featuredmedia":[{"embeddable":true,"href":"https:\/\/bihavadis.com\/index.php\/wp-json\/wp\/v2\/media\/31988"}],"wp:attachment":[{"href":"https:\/\/bihavadis.com\/index.php\/wp-json\/wp\/v2\/media?parent=31987"}],"wp:term":[{"taxonomy":"category","embeddable":true,"href":"https:\/\/bihavadis.com\/index.php\/wp-json\/wp\/v2\/categories?post=31987"},{"taxonomy":"post_tag","embeddable":true,"href":"https:\/\/bihavadis.com\/index.php\/wp-json\/wp\/v2\/tags?post=31987"}],"curies":[{"name":"wp","href":"https:\/\/api.w.org\/{rel}","templated":true}]}}