{"id":31998,"date":"2026-02-13T20:15:06","date_gmt":"2026-02-13T20:15:06","guid":{"rendered":"https:\/\/bihavadis.com\/?p=31998"},"modified":"2026-02-13T20:15:06","modified_gmt":"2026-02-13T20:15:06","slug":"gures-milli-takimlari-hazirliklarini-surduruyor","status":"publish","type":"post","link":"https:\/\/bihavadis.com\/index.php\/2026\/02\/13\/gures-milli-takimlari-hazirliklarini-surduruyor\/","title":{"rendered":"G\u00fcre\u015f milli tak\u0131mlar\u0131, haz\u0131rl\u0131klar\u0131n\u0131 s\u00fcrd\u00fcr\u00fcyor"},"content":{"rendered":"<p>Serbest G\u00fcre\u015f A Milli Tak\u0131m ve 23 Ya\u015f Alt\u0131 G\u00fcre\u015f Milli Tak\u0131m\u0131, mart ve nisan ay\u0131nda ger\u00e7ekle\u015fecek Avrupa \u015fampiyonas\u0131na haz\u0131rl\u0131klar\u0131n\u0131 Kastamonu Kamp E\u011fitim Merkezi&#8217;nde s\u00fcrd\u00fcr\u00fcyor.<\/p>\n<p>Serbest G\u00fcre\u015f A Milli Tak\u0131m\u0131 Teknik Direkt\u00f6r\u00fc Soner Demirta\u015f, AA muhabirine, yakla\u015f\u0131k 1,5 ay \u00f6nce g\u00fcre\u015fi b\u0131rakt\u0131\u011f\u0131n\u0131 s\u00f6yledi.<\/p>\n<p><img decoding=\"async\" src=\"https:\/\/bihavadis.com\/wp-content\/uploads\/2026\/02\/gures-milli-takimlari-hazirliklarini-surduruyor-0-7zxGbFX1.jpg\"\/><\/p>\n<p><strong>&#8220;YOLUMUZA DEVAM EDECE\u011e\u0130Z&#8221;<\/strong><\/p>\n<p>G\u00fcre\u015f Federasyonu Ba\u015fkan\u0131 Taha Akg\u00fcl ile isti\u015fare ederek, teknik direkt\u00f6rl\u00fck g\u00f6revine getirildi\u011fini belirten Demirta\u015f,<em><b> &#8220;Serbest G\u00fcre\u015f A Milli Tak\u0131m\u0131 ve 23 Ya\u015f Alt\u0131 G\u00fcre\u015f Milli Tak\u0131m\u0131 birlikte kamp yap\u0131yor. Gen\u00e7 tak\u0131m\u0131m\u0131z\u0131n mart ay\u0131nda, A milli tak\u0131m\u0131m\u0131z\u0131n ise nisan ay\u0131nda Avrupa \u015fampiyonas\u0131 var. \u0130lk hedefimiz mart ay\u0131. 23 ya\u015f alt\u0131 tak\u0131m\u0131m\u0131z\u0131n \u015fampiyona kadrosunu b\u00fcy\u00fck oranda belirledik. Onlar\u0131n \u015fampiyonas\u0131 bittikten sonra b\u00fcy\u00fcklerin Avrupa \u015fampiyonas\u0131 kadrosunu belirleyece\u011fiz ve yolumuza devam edece\u011fiz.&#8221;<\/b><\/em> dedi.<\/p>\n<p><strong>&#8220;B\u00dcY\u00dcKLERDE 4 KAMPIMIZ DAHA OLACAK&#8221;<\/strong><\/p>\n<p>Demirta\u015f, 23 Ya\u015f Alt\u0131 G\u00fcre\u015f Milli Tak\u0131m\u0131&#8217;n\u0131n g\u00fcre\u015fin gelece\u011fi a\u00e7\u0131s\u0131ndan \u00f6nemli oldu\u011funu vurgulayarak, \u015f\u00f6yle devam etti:<\/p>\n<p>Gen\u00e7 tak\u0131m\u0131m\u0131zdan b\u00fcy\u00fckler tak\u0131m\u0131na giren sporcular\u0131m\u0131z da var. Onlar 23 ya\u015f alt\u0131 \u015fampiyonada yar\u0131\u015ft\u0131ktan sonra b\u00fcy\u00fckler tak\u0131m\u0131na se\u00e7ilirse orada da g\u00fcre\u015fecek. B\u00fcy\u00fcklerde bizi temsil edecek olimpiyatlara kat\u0131lacak bir\u00e7ok sporcu \u015fu an 23 ya\u015f alt\u0131 tak\u0131m\u0131m\u0131zda yer al\u0131yor. O y\u00fczden bu tak\u0131m bizim i\u00e7in \u00f6nemli. Bizi b\u00fcy\u00fcklerde daha ileriye ta\u015f\u0131yacak. Olimpiyatta bize madalya, kota alacak sporcular\u0131n bir\u00e7o\u011fu \u015fu anda 23 ya\u015f alt\u0131 tak\u0131mda. O y\u00fczde \u015fu an kamp\u0131m\u0131zda 23 ya\u015f alt\u0131na a\u011f\u0131rl\u0131k veriyoruz. \u015eampiyonaya kadar 23 ya\u015f alt\u0131nda \u00fc\u00e7, b\u00fcy\u00fcklerde de 4 kamp\u0131m\u0131z daha olacak. Bu kamplarda a\u011f\u0131rl\u0131k, teknik ve taktik antrenmanlar\u0131 olacak. O \u015fekilde Avrupa \u015fampiyonalar\u0131na haz\u0131rlanaca\u011f\u0131z.<\/p>\n<p><img decoding=\"async\" src=\"https:\/\/bihavadis.com\/wp-content\/uploads\/2026\/02\/gures-milli-takimlari-hazirliklarini-surduruyor-1-Tqs6zlEi.jpg\"\/><\/p>\n<p><strong>&#8220;HEDEFLER\u0130M\u0130Z B\u0130Z\u0130M OL\u0130MP\u0130YATA Y\u00d6NEL\u0130K&#8221;<\/strong><\/p>\n<p>Hedeflerinin olimpiyatlar oldu\u011funun alt\u0131n\u0131 \u00e7izen Demirta\u015f, <em><b>&#8220;Hedeflerimiz bizim olimpiyata y\u00f6nelik. Olimpiyata 3 sene gibi bir zaman var. Bu i\u015fin nirvanas\u0131 olimpiyatlar. Olimpiyatlara kat\u0131lmak ayr\u0131cal\u0131kt\u0131r. Madalya almak ola\u011fan\u00fcst\u00fc bir ayr\u0131cal\u0131kt\u0131r. Biz \u00f6ncelikle 6 sporcu ile olimpiyatlara gidip orada madalyalar almay\u0131 hedefliyoruz. Ona y\u00f6nelik uzun vadeli \u00e7al\u0131\u015fmalar\u0131m\u0131z var.&#8221; <\/b><\/em>ifadelerini kulland\u0131.<\/p>\n<p><strong>&#8220;B\u0130Z\u0130M HEDEF\u0130M\u0130Z OL\u0130MP\u0130YAT&#8221;<\/strong><\/p>\n<p>Teknik direkt\u00f6r Soner Demirta\u015f, hedeflerinin her zaman olimpiyat oldu\u011funun alt\u0131n\u0131 \u00e7izerek, \u015funlar\u0131 kaydetti:<\/p>\n<p>Tabii ki burada Avrupa ve d\u00fcnya \u015fampiyonalar\u0131 var. Buralar bizim i\u00e7in bir basamak olacak. Avrupa \u015fampiyonas\u0131nda, d\u00fcnya \u015fampiyonas\u0131nda yar\u0131\u015fan sporcular\u0131n b\u00fcy\u00fck \u00e7o\u011funlu\u011fu olimpiyatlara gidecek. Bu \u015fampiyonalarda kendilerini g\u00f6recekler, rakiplerini g\u00f6recekler. Neyin eksik, neyin fazla oldu\u011funu g\u00f6recekler. O sporcular\u0131 yenip yenemeyeceklerine bakacaklar. Kendilerini test edecekler. Zor bir s\u00fcre\u00e7 ama bizim hedefimiz olimpiyat.<\/p>\n","protected":false},"excerpt":{"rendered":"<p>Serbest G\u00fcre\u015f A Milli Tak\u0131m ve 23 Ya\u015f Alt\u0131 G\u00fcre\u015f Milli Tak\u0131m\u0131&#8217;n\u0131n nihai hedefi olimpiyatlar.<\/p>\n","protected":false},"author":1,"featured_media":31999,"comment_status":"open","ping_status":"open","sticky":false,"template":"","format":"standard","meta":{"footnotes":""},"categories":[14],"tags":[4867,1321,500,501,366],"class_list":["post-31998","post","type-post","status-publish","format-standard","has-post-thumbnail","hentry","category-spor","tag-23-yas-alti","tag-bizi","tag-gures","tag-olimpiyat","tag-takim"],"_links":{"self":[{"href":"https:\/\/bihavadis.com\/index.php\/wp-json\/wp\/v2\/posts\/31998","targetHints":{"allow":["GET"]}}],"collection":[{"href":"https:\/\/bihavadis.com\/index.php\/wp-json\/wp\/v2\/posts"}],"about":[{"href":"https:\/\/bihavadis.com\/index.php\/wp-json\/wp\/v2\/types\/post"}],"author":[{"embeddable":true,"href":"https:\/\/bihavadis.com\/index.php\/wp-json\/wp\/v2\/users\/1"}],"replies":[{"embeddable":true,"href":"https:\/\/bihavadis.com\/index.php\/wp-json\/wp\/v2\/comments?post=31998"}],"version-history":[{"count":1,"href":"https:\/\/bihavadis.com\/index.php\/wp-json\/wp\/v2\/posts\/31998\/revisions"}],"predecessor-version":[{"id":32002,"href":"https:\/\/bihavadis.com\/index.php\/wp-json\/wp\/v2\/posts\/31998\/revisions\/32002"}],"wp:featuredmedia":[{"embeddable":true,"href":"https:\/\/bihavadis.com\/index.php\/wp-json\/wp\/v2\/media\/31999"}],"wp:attachment":[{"href":"https:\/\/bihavadis.com\/index.php\/wp-json\/wp\/v2\/media?parent=31998"}],"wp:term":[{"taxonomy":"category","embeddable":true,"href":"https:\/\/bihavadis.com\/index.php\/wp-json\/wp\/v2\/categories?post=31998"},{"taxonomy":"post_tag","embeddable":true,"href":"https:\/\/bihavadis.com\/index.php\/wp-json\/wp\/v2\/tags?post=31998"}],"curies":[{"name":"wp","href":"https:\/\/api.w.org\/{rel}","templated":true}]}}