{"id":32028,"date":"2026-02-13T21:03:05","date_gmt":"2026-02-13T21:03:05","guid":{"rendered":"https:\/\/bihavadis.com\/?p=32028"},"modified":"2026-02-13T21:03:05","modified_gmt":"2026-02-13T21:03:05","slug":"domenico-tedesco-aanin-yilin-kareleri-oylamasina-katildi","status":"publish","type":"post","link":"https:\/\/bihavadis.com\/index.php\/2026\/02\/13\/domenico-tedesco-aanin-yilin-kareleri-oylamasina-katildi\/","title":{"rendered":"Domenico Tedesco, AA&#8217;n\u0131n &#8220;Y\u0131l\u0131n Kareleri&#8221; oylamas\u0131na kat\u0131ld\u0131"},"content":{"rendered":"<p>Fenerbah\u00e7e Teknik Direkt\u00f6r\u00fc Domenico Tedesco, Anadolu Ajans\u0131&#8217;n\u0131n (AA) g\u00f6z\u00fcnden 2025&#8217;e damga vuran olaylara ait foto\u011fraflar\u0131n yer ald\u0131\u011f\u0131 AA&#8217;n\u0131n<em><b> &#8220;Y\u0131l\u0131n Kareleri&#8221;<\/b><\/em> oylamas\u0131na kat\u0131ld\u0131.<\/p>\n<p>\u0130talyan \u00e7al\u0131\u015ft\u0131r\u0131c\u0131, d\u00fczenlenen yar\u0131\u015fmada, AA foto muhabirleri ve muhabirlerinin 2025&#8217;te T\u00fcrkiye ile d\u00fcnya g\u00fcndeminde yank\u0131 bulan 6 kategorideki 112 foto\u011fraf\u0131n\u0131 inceledi.<\/p>\n<p><img decoding=\"async\" src=\"https:\/\/bihavadis.com\/wp-content\/uploads\/2026\/02\/domenico-tedesco-aanin-yilin-kareleri-oylamasina-katildi-0-6Q1lGZCa.jpg\"\/><\/p>\n<p><strong>SE\u00c7\u0130MLER\u0130<\/strong><\/p>\n<p>Gen\u00e7 teknik adam, <em><b>&#8220;Spor&#8221; <\/b><\/em>kategorisinde \u00d6mer Taha \u00c7etin&#8217;in<em><b> &#8220;Kupa Sevinci&#8221;<\/b><\/em> isimli foto\u011fraf\u0131n\u0131 oylad\u0131.<\/p>\n<p>40 ya\u015f\u0131ndaki teknik direkt\u00f6r, <em><b>&#8220;Do\u011fal Ya\u015fam ve \u00c7evre&#8221;<\/b><\/em> kategorisinde ise Lokman Vural Elibol&#8217;un<em><b> &#8220;Kar yaran&#8221;<\/b><\/em> foto\u011fraf\u0131na oy verdi.<\/p>\n<p><img decoding=\"async\" src=\"https:\/\/bihavadis.com\/wp-content\/uploads\/2026\/02\/domenico-tedesco-aanin-yilin-kareleri-oylamasina-katildi-1-x1rpkuxl.jpg\"\/><\/p>\n<p><strong>OYLAMA 15 \u015eUBAT&#8217;A KADAR DEVAM EDECEK<\/strong><\/p>\n<p>AA&#8217;n\u0131n 2012&#8217;den bu yana d\u00fczenledi\u011fi yar\u0131\u015fmada, bu y\u0131l <em><b>&#8220;Haber&#8221;<\/b><\/em>, <em><b>&#8220;Do\u011fal Ya\u015fam ve \u00c7evre&#8221;<\/b><\/em>, <em><b>&#8220;Spor&#8221;<\/b><\/em> ve <em><b>&#8220;G\u00fcnl\u00fck Hayat&#8221;<\/b><\/em> olmak \u00fczere 4 ana kategorinin yan\u0131 s\u0131ra <em><b>&#8220;Gazze: A\u00e7l\u0131k&#8221;<\/b><\/em> ve <em><b>&#8220;Portre&#8221; <\/b><\/em>ba\u015fl\u0131kl\u0131 2 \u00f6zel kategori yer al\u0131yor.<\/p>\n<p>T\u00fcrk\u00e7e ve \u0130ngilizce alt yaz\u0131yla d\u00fcnya genelinde yap\u0131lan oylamaya kat\u0131lanlar, istedikleri say\u0131da foto\u011frafa oy verebiliyor.<\/p>\n<p>Oylama <em><b>&#8220;yilinkareleri.aa.com.tr&#8221; <\/b><\/em>internet sitesinden 15 \u015eubat Pazar saat 17.00&#8217;ye kadar devam edecek.<\/p>\n","protected":false},"excerpt":{"rendered":"<p>Fenerbah\u00e7e Teknik Direkt\u00f6r\u00fc Domenico Tedesco, AA foto muhabirleri ve muhabirlerinin 2025&#8217;te T\u00fcrkiye ile d\u00fcnya g\u00fcndeminde yank\u0131 bulan 6 kategorideki 112 foto\u011fraf\u0131n\u0131 inceledi.<\/p>\n","protected":false},"author":1,"featured_media":32029,"comment_status":"open","ping_status":"open","sticky":false,"template":"","format":"standard","meta":{"footnotes":""},"categories":[14],"tags":[311,552],"class_list":["post-32028","post","type-post","status-publish","format-standard","has-post-thumbnail","hentry","category-spor","tag-foto","tag-kategori"],"_links":{"self":[{"href":"https:\/\/bihavadis.com\/index.php\/wp-json\/wp\/v2\/posts\/32028","targetHints":{"allow":["GET"]}}],"collection":[{"href":"https:\/\/bihavadis.com\/index.php\/wp-json\/wp\/v2\/posts"}],"about":[{"href":"https:\/\/bihavadis.com\/index.php\/wp-json\/wp\/v2\/types\/post"}],"author":[{"embeddable":true,"href":"https:\/\/bihavadis.com\/index.php\/wp-json\/wp\/v2\/users\/1"}],"replies":[{"embeddable":true,"href":"https:\/\/bihavadis.com\/index.php\/wp-json\/wp\/v2\/comments?post=32028"}],"version-history":[{"count":1,"href":"https:\/\/bihavadis.com\/index.php\/wp-json\/wp\/v2\/posts\/32028\/revisions"}],"predecessor-version":[{"id":32032,"href":"https:\/\/bihavadis.com\/index.php\/wp-json\/wp\/v2\/posts\/32028\/revisions\/32032"}],"wp:featuredmedia":[{"embeddable":true,"href":"https:\/\/bihavadis.com\/index.php\/wp-json\/wp\/v2\/media\/32029"}],"wp:attachment":[{"href":"https:\/\/bihavadis.com\/index.php\/wp-json\/wp\/v2\/media?parent=32028"}],"wp:term":[{"taxonomy":"category","embeddable":true,"href":"https:\/\/bihavadis.com\/index.php\/wp-json\/wp\/v2\/categories?post=32028"},{"taxonomy":"post_tag","embeddable":true,"href":"https:\/\/bihavadis.com\/index.php\/wp-json\/wp\/v2\/tags?post=32028"}],"curies":[{"name":"wp","href":"https:\/\/api.w.org\/{rel}","templated":true}]}}