{"id":3206,"date":"2026-01-28T09:40:13","date_gmt":"2026-01-28T09:40:13","guid":{"rendered":"https:\/\/bihavadis.com\/?p=3206"},"modified":"2026-01-28T09:40:13","modified_gmt":"2026-01-28T09:40:13","slug":"vali-yilmazdan-vefa-ziyareti","status":"publish","type":"post","link":"https:\/\/bihavadis.com\/index.php\/2026\/01\/28\/vali-yilmazdan-vefa-ziyareti\/","title":{"rendered":"Vali Y\u0131lmaz&#8217;dan vefa ziyareti"},"content":{"rendered":"<p> <strong>Eski\u015fehir<\/strong> Valisi Dr. Erdin\u00e7 Y\u0131lmaz, 78 ya\u015f\u0131ndaki Hicran \u015eent\u00fcrk&#8217;\u00fc tek ba\u015f\u0131na ya\u015fad\u0131\u011f\u0131 evinde ziyaret ederek hay\u0131r duas\u0131n\u0131 ald\u0131.<\/p>\n<p> <strong>Eski\u015fehir<\/strong> Valisi Dr. Erdin\u00e7 Y\u0131lmaz, mahalle ziyaretleri ve hane bulu\u015fmalar\u0131 \u00e7er\u00e7evesinde Kurtulu\u015f Mahallesi sakinlerinden 78 ya\u015f\u0131ndaki Hicran \u015eent\u00fcrk&#8217;\u00fcn konu\u011fu oldu. Ziyarette Vali Y\u0131lmaz&#8217;a; Eski\u015fehir Sosyal Yard\u0131mla\u015fma ve Dayan\u0131\u015fma Vakf\u0131 M\u00fcd\u00fcr\u00fc Soner Co\u015fkun ile \u00c7al\u0131\u015fma ve Sosyal G\u00fcvenlik Bakanl\u0131\u011f\u0131 Eski\u015fehir \u00c7al\u0131\u015fma ve \u0130\u015f Kurumu \u0130l M\u00fcd\u00fcr\u00fc Fatih Acar e\u015flik etti. \u015eent\u00fcrk ile yak\u0131ndan ilgilenen ve bir s\u00fcre sohbet eden Vali Y\u0131lmaz, ya\u015fl\u0131lar\u0131n toplumun rehberi oldu\u011funu vurgulad\u0131.<\/p>\n<p>&#8220;Bug\u00fcn k\u0131ymetli bir b\u00fcy\u00fc\u011f\u00fcm\u00fcz ile bulu\u015ftuk&#8221;<\/p>\n<p>Ziyaret esnas\u0131nda a\u00e7\u0131klamalarda bulunan Vali Dr. Erdin\u00e7 Y\u0131lmaz, &#8220;Eski\u015fehirimizde g\u00f6reve ba\u015flad\u0131k. Bug\u00fcn k\u0131ymetli bir b\u00fcy\u00fc\u011f\u00fcm\u00fcz\u00fc ziyarette bulunduk. Hep s\u00f6yledi\u011fimiz gibi k\u0131ymetli hem\u015fehrilerimizin yan\u0131nda olaca\u011f\u0131z. B\u00f6yle evlere ziyaretlerimiz olacak. Bize ihtiya\u00e7 duyabilece\u011fini d\u00fc\u015f\u00fcnd\u00fc\u011f\u00fcm\u00fcz hem\u015fehirlilerimize ula\u015fmaya \u00e7al\u0131\u015faca\u011f\u0131z. Her f\u0131rsatta ziyarette bulunaca\u011f\u0131z. Bizim ge\u00e7mi\u015fimizi ve gelece\u011fimizi ayd\u0131nlatan b\u00fcy\u00fcklerimizin sevgisini ve duas\u0131n\u0131 almak \u00e7ok k\u0131ymetli. \u0130n\u015fallah k\u0131ymetli b\u00fcy\u00fcklerimizin sevgisini ve duas\u0131n\u0131 almak i\u00e7in bu t\u00fcr ziyaretlerimiz olacak. Size de \u00e7ok te\u015fekk\u00fcr ediyorum&#8221; dedi.<\/p>\n<p>Ziyaretten duydu\u011fu memnuniyeti dile getiren Hicran \u015eent\u00fcrk, Vali Y\u0131lmaz ve beraberindeki heyete te\u015fekk\u00fcr ederek \u00e7al\u0131\u015fmalar\u0131nda ba\u015far\u0131lar diledi. &#8211; ESK\u0130\u015eEH\u0130R<\/p>\n<div>Kaynak: \u0130hlas Haber Ajans\u0131 \/  Yerel <\/div>\n","protected":false},"excerpt":{"rendered":"<p>Eski\u015fehir Valisi Dr. Erdin\u00e7 Y\u0131lmaz, mahalle ziyaretleri kapsam\u0131nda 78 ya\u015f\u0131ndaki Hicran \u015eent\u00fcrk&#8217;\u00fc evinde ziyaret ederek hay\u0131r duas\u0131n\u0131 ald\u0131. Vali Y\u0131lmaz, ya\u015fl\u0131lar\u0131n toplum i\u00e7in \u00f6nemli oldu\u011funu vurgulad\u0131.<\/p>\n","protected":false},"author":1,"featured_media":3207,"comment_status":"open","ping_status":"open","sticky":false,"template":"","format":"standard","meta":{"footnotes":""},"categories":[1],"tags":[322,323,321,320,319],"class_list":["post-3206","post","type-post","status-publish","format-standard","has-post-thumbnail","hentry","category-uncategorized","tag-eskisehir","tag-kiymetli","tag-vali","tag-yilmaz","tag-ziyaret"],"_links":{"self":[{"href":"https:\/\/bihavadis.com\/index.php\/wp-json\/wp\/v2\/posts\/3206","targetHints":{"allow":["GET"]}}],"collection":[{"href":"https:\/\/bihavadis.com\/index.php\/wp-json\/wp\/v2\/posts"}],"about":[{"href":"https:\/\/bihavadis.com\/index.php\/wp-json\/wp\/v2\/types\/post"}],"author":[{"embeddable":true,"href":"https:\/\/bihavadis.com\/index.php\/wp-json\/wp\/v2\/users\/1"}],"replies":[{"embeddable":true,"href":"https:\/\/bihavadis.com\/index.php\/wp-json\/wp\/v2\/comments?post=3206"}],"version-history":[{"count":1,"href":"https:\/\/bihavadis.com\/index.php\/wp-json\/wp\/v2\/posts\/3206\/revisions"}],"predecessor-version":[{"id":3208,"href":"https:\/\/bihavadis.com\/index.php\/wp-json\/wp\/v2\/posts\/3206\/revisions\/3208"}],"wp:featuredmedia":[{"embeddable":true,"href":"https:\/\/bihavadis.com\/index.php\/wp-json\/wp\/v2\/media\/3207"}],"wp:attachment":[{"href":"https:\/\/bihavadis.com\/index.php\/wp-json\/wp\/v2\/media?parent=3206"}],"wp:term":[{"taxonomy":"category","embeddable":true,"href":"https:\/\/bihavadis.com\/index.php\/wp-json\/wp\/v2\/categories?post=3206"},{"taxonomy":"post_tag","embeddable":true,"href":"https:\/\/bihavadis.com\/index.php\/wp-json\/wp\/v2\/tags?post=3206"}],"curies":[{"name":"wp","href":"https:\/\/api.w.org\/{rel}","templated":true}]}}