{"id":32079,"date":"2026-02-13T21:39:04","date_gmt":"2026-02-13T21:39:04","guid":{"rendered":"https:\/\/bihavadis.com\/?p=32079"},"modified":"2026-02-13T21:39:04","modified_gmt":"2026-02-13T21:39:04","slug":"470-golcuk-belediyespor-taekwondo-sporcusu-kusak-atladi","status":"publish","type":"post","link":"https:\/\/bihavadis.com\/index.php\/2026\/02\/13\/470-golcuk-belediyespor-taekwondo-sporcusu-kusak-atladi\/","title":{"rendered":"470 G\u00f6lc\u00fck Belediyespor Taekwondo Sporcusu Ku\u015fak Atlad\u0131"},"content":{"rendered":"<p>G\u00f6lc\u00fck Belediyespor b\u00fcnyesindeki Taekwondo bran\u015f\u0131nda bulunan 470 sporcu, d\u00fczenlenen t\u00f6renle ku\u015fak atlad\u0131.<\/p>\n<p>G\u00f6lc\u00fck Belediyesi, gelece\u011fin y\u0131ld\u0131z sporcu adaylar\u0131n\u0131 b\u00fcnyesinde yeti\u015ftirmeye devam ediyor. Bu kapsamda G\u00f6lc\u00fck Belediyespor b\u00fcnyesinde bulunan 470 Taekwondo sporcusu, ku\u015fak s\u0131nav\u0131n\u0131 ba\u015far\u0131 ile tamamlayarak bir \u00fcst kemere ge\u00e7i\u015f yapt\u0131lar. 17 A\u011fustos Spor Salonunda d\u00fczenlenen Taekwondo Ku\u015fak t\u00f6rende sporcular taraf\u0131ndan yap\u0131lan g\u00f6steriler, salonu dolduran ailelerinden alk\u0131\u015f ald\u0131. T\u00f6rene kat\u0131lan G\u00f6lc\u00fck Belediye Ba\u015fkan\u0131 Ali Y\u0131ld\u0131r\u0131m Sezer, g\u00f6sterilerin ard\u0131ndan ku\u015fak atlayan sporculara yeni kemerlerini takdim etti. Ba\u015fkan Yard\u0131mc\u0131s\u0131 K\u00fcr\u015fat \u00c7ak\u0131ro\u011flu\u2019nun da kat\u0131ld\u0131\u011f\u0131 t\u00f6ren ile sporcular; yeni ku\u015faklar\u0131n\u0131 alarak bir \u00fcst kemere ge\u00e7i\u015f yapt\u0131lar.<\/p>\n<p><b>Ba\u015fkan Sezer Sporcular\u0131 Tebrik Etti<\/b><\/p>\n<p>T\u00f6rende sporcular\u0131 tebrik eden G\u00f6lc\u00fck Belediye Ba\u015fkan\u0131 Ali Y\u0131ld\u0131r\u0131m Sezer, \u201cG\u00f6lc\u00fck Belediyespor b\u00fcnyesindeki 470 sporcumuzun bir \u00fcst ku\u015faklara ge\u00e7tikleri Taekwondo Ku\u015fak S\u0131nav\u0131&#8217;n\u0131, aileleri ile birlikte izledik. V\u00fccut geli\u015fimi yan\u0131nda, gen\u00e7lerimizin \u00f6zg\u00fcvenlerini de artt\u0131ran spora \u00e7ocuklar\u0131n\u0131 y\u00f6nlendiren aileleri ve ku\u015fak s\u0131nav\u0131nda ba\u015far\u0131 sa\u011flayan gen\u00e7lerimizi can-\u0131 g\u00f6n\u00fclden tebrik ediyorum. Zabit Pustu Hocam\u0131za ku\u015fak t\u00f6renine de yans\u0131yan disiplinli e\u011fitimleri i\u00e7in \u00e7ok te\u015fekk\u00fcr ediyorum\u201d dedi.<\/p>\n<p>\u00a0<\/p>\n<p>\u00a0<\/p>\n<p>Kaynak: (BYZHA) Beyaz Haber Ajans\u0131<\/p>\n","protected":false},"excerpt":{"rendered":"<p>G\u00f6lc\u00fck Belediyespor b\u00fcnyesindeki Taekwondo bran\u015f\u0131nda bulunan 470 sporcu, d\u00fczenlenen t\u00f6renle ku\u015fak atlad\u0131.<\/p>\n","protected":false},"author":1,"featured_media":32080,"comment_status":"open","ping_status":"open","sticky":false,"template":"","format":"standard","meta":{"footnotes":""},"categories":[14],"tags":[4063,1288,2168],"class_list":["post-32079","post","type-post","status-publish","format-standard","has-post-thumbnail","hentry","category-spor","tag-kusak","tag-sporcu","tag-toren"],"_links":{"self":[{"href":"https:\/\/bihavadis.com\/index.php\/wp-json\/wp\/v2\/posts\/32079","targetHints":{"allow":["GET"]}}],"collection":[{"href":"https:\/\/bihavadis.com\/index.php\/wp-json\/wp\/v2\/posts"}],"about":[{"href":"https:\/\/bihavadis.com\/index.php\/wp-json\/wp\/v2\/types\/post"}],"author":[{"embeddable":true,"href":"https:\/\/bihavadis.com\/index.php\/wp-json\/wp\/v2\/users\/1"}],"replies":[{"embeddable":true,"href":"https:\/\/bihavadis.com\/index.php\/wp-json\/wp\/v2\/comments?post=32079"}],"version-history":[{"count":1,"href":"https:\/\/bihavadis.com\/index.php\/wp-json\/wp\/v2\/posts\/32079\/revisions"}],"predecessor-version":[{"id":32081,"href":"https:\/\/bihavadis.com\/index.php\/wp-json\/wp\/v2\/posts\/32079\/revisions\/32081"}],"wp:featuredmedia":[{"embeddable":true,"href":"https:\/\/bihavadis.com\/index.php\/wp-json\/wp\/v2\/media\/32080"}],"wp:attachment":[{"href":"https:\/\/bihavadis.com\/index.php\/wp-json\/wp\/v2\/media?parent=32079"}],"wp:term":[{"taxonomy":"category","embeddable":true,"href":"https:\/\/bihavadis.com\/index.php\/wp-json\/wp\/v2\/categories?post=32079"},{"taxonomy":"post_tag","embeddable":true,"href":"https:\/\/bihavadis.com\/index.php\/wp-json\/wp\/v2\/tags?post=32079"}],"curies":[{"name":"wp","href":"https:\/\/api.w.org\/{rel}","templated":true}]}}