{"id":32100,"date":"2026-02-13T21:57:05","date_gmt":"2026-02-13T21:57:05","guid":{"rendered":"https:\/\/bihavadis.com\/?p=32100"},"modified":"2026-02-13T21:57:05","modified_gmt":"2026-02-13T21:57:05","slug":"cigli-belediyesinin-kalite-yolculugu-tse-onayiyla-bir-kez-daha-taclandi","status":"publish","type":"post","link":"https:\/\/bihavadis.com\/index.php\/2026\/02\/13\/cigli-belediyesinin-kalite-yolculugu-tse-onayiyla-bir-kez-daha-taclandi\/","title":{"rendered":"\u00c7i\u011fli Belediyesi&#8217;nin Kalite Yolculu\u011fu TSE Onay\u0131yla Bir Kez Daha Ta\u00e7land\u0131"},"content":{"rendered":"<p>\u00c7i\u011fli Belediyesi, 21\u201323 Ocak tarihleri aras\u0131nda T\u00fcrk Standardlar\u0131 Enstit\u00fcs\u00fc (TSE) \u0130zmir B\u00f6lge M\u00fcd\u00fcrl\u00fc\u011f\u00fc taraf\u0131ndan ger\u00e7ekle\u015ftirilen yeniden belgelendirme tetkikini ba\u015far\u0131yla tamamlad\u0131.<\/p>\n<p>Yap\u0131lan kapsaml\u0131 de\u011ferlendirmeler sonucunda \u00c7i\u011fli Belediyesi\u2019nin ilgili standartlar do\u011frultusunda y\u00fcr\u00fctt\u00fc\u011f\u00fc \u00e7al\u0131\u015fmalar\u0131n uygunlu\u011fu tescillendi ve belgeyi kullanma hakk\u0131 3 y\u0131l s\u00fcreyle yenilendi.<\/p>\n<p><b>S\u00fcre\u00e7ler ve Hizmet Kalitesi Detayl\u0131 \u0130ncelendi<\/b><\/p>\n<p>Tetkik s\u00fcreci kapsam\u0131nda belediyenin kurumsal i\u015fleyi\u015fi, hizmet sunum kalitesi, mevzuata uyum d\u00fczeyi ve s\u00fcrekli iyile\u015ftirme faaliyetleri ayr\u0131nt\u0131l\u0131 \u015fekilde de\u011ferlendirildi. Yap\u0131lan incelemelerde, uygulamalar\u0131n standartlara uygunlu\u011fu teyit edilerek kalite y\u00f6netim sisteminin etkin bi\u00e7imde s\u00fcrd\u00fcr\u00fcld\u00fc\u011f\u00fc belirlendi. Ger\u00e7ekle\u015ftirilen denetim; kurumsal planlamadan vatanda\u015f odakl\u0131 hizmet s\u00fcre\u00e7lerine, i\u00e7 kontrol mekanizmalar\u0131ndan performans izleme uygulamalar\u0131na kadar geni\u015f bir alan\u0131 kapsad\u0131.<\/p>\n<p><b>Ba\u015fkan Y\u0131ld\u0131z: \u201cKaliteyi Esas Alan Y\u00f6netim Anlay\u0131\u015f\u0131m\u0131z\u0131n Tescilidir\u201d<\/b><\/p>\n<p>\u00c7i\u011fli Belediye Ba\u015fkan\u0131 Onur Emrah Y\u0131ld\u0131z, yapt\u0131\u011f\u0131 a\u00e7\u0131klamada elde edilen ba\u015far\u0131n\u0131n t\u00fcm birimlerin \u00f6zverili \u00e7al\u0131\u015fmas\u0131n\u0131n bir sonucu oldu\u011fumu vurguland\u0131. Y\u0131ld\u0131z, \u201cKalite odakl\u0131 y\u00f6netim anlay\u0131\u015f\u0131m\u0131z, sistemli ve \u015feffaf \u00e7al\u0131\u015fma k\u00fclt\u00fcr\u00fcm\u00fcz ile vatanda\u015flar\u0131m\u0131za sundu\u011fumuz hizmetlerde s\u00fcrd\u00fcr\u00fclebilirli\u011fi esas alan yakla\u015f\u0131m\u0131m\u0131z, TSE taraf\u0131ndan bir kez daha onaylanm\u0131\u015ft\u0131r. Bu ba\u015far\u0131da eme\u011fi bulunan t\u00fcm \u00e7al\u0131\u015fma arkada\u015flar\u0131m\u0131za te\u015fekk\u00fcr ediyorum.\u201d<\/p>\n<p><b>\u201cKalite Standartlar\u0131 Geli\u015ftirilmeye Devam Edilecek\u201d<\/b><\/p>\n<p>Ba\u015fkan Y\u0131ld\u0131z, \u00f6n\u00fcm\u00fczdeki d\u00f6nemde de kalite standartlar\u0131n\u0131 daha ileri seviyeye ta\u015f\u0131may\u0131, hizmet s\u00fcre\u00e7lerini s\u00fcrekli iyile\u015ftirmeyi ve kurumsal kapasiteyi g\u00fc\u00e7lendirmeyi hedeflediklerinin alt\u0131n\u0131 \u00e7izdi. Y\u0131ld\u0131z, \u201cVatanda\u015f memnuniyetini temel alan y\u00f6netim anlay\u0131\u015f\u0131 do\u011frultusunda \u00e7al\u0131\u015fmalar\u0131m\u0131z\u0131 kararl\u0131l\u0131kla s\u00fcrd\u00fcrece\u011fiz\u201d dedi.<\/p>\n<p>\u00a0<\/p>\n<p>\u00a0<\/p>\n<p>Kaynak: (BYZHA) Beyaz Haber Ajans\u0131<\/p>\n","protected":false},"excerpt":{"rendered":"<p>\u00c7i\u011fli Belediyesi, 21\u201323 Ocak tarihleri aras\u0131nda T\u00fcrk Standardlar\u0131 Enstit\u00fcs\u00fc (TSE) \u0130zmir B\u00f6lge M\u00fcd\u00fcrl\u00fc\u011f\u00fc taraf\u0131ndan ger\u00e7ekle\u015ftirilen yeniden belgelendirme tetkikini ba\u015far\u0131yla tamamlad\u0131.<\/p>\n","protected":false},"author":1,"featured_media":32101,"comment_status":"open","ping_status":"open","sticky":false,"template":"","format":"standard","meta":{"footnotes":""},"categories":[4],"tags":[378,315,1619],"class_list":["post-32100","post","type-post","status-publish","format-standard","has-post-thumbnail","hentry","category-gundem","tag-calisma","tag-hizmet","tag-kalite"],"_links":{"self":[{"href":"https:\/\/bihavadis.com\/index.php\/wp-json\/wp\/v2\/posts\/32100","targetHints":{"allow":["GET"]}}],"collection":[{"href":"https:\/\/bihavadis.com\/index.php\/wp-json\/wp\/v2\/posts"}],"about":[{"href":"https:\/\/bihavadis.com\/index.php\/wp-json\/wp\/v2\/types\/post"}],"author":[{"embeddable":true,"href":"https:\/\/bihavadis.com\/index.php\/wp-json\/wp\/v2\/users\/1"}],"replies":[{"embeddable":true,"href":"https:\/\/bihavadis.com\/index.php\/wp-json\/wp\/v2\/comments?post=32100"}],"version-history":[{"count":1,"href":"https:\/\/bihavadis.com\/index.php\/wp-json\/wp\/v2\/posts\/32100\/revisions"}],"predecessor-version":[{"id":32102,"href":"https:\/\/bihavadis.com\/index.php\/wp-json\/wp\/v2\/posts\/32100\/revisions\/32102"}],"wp:featuredmedia":[{"embeddable":true,"href":"https:\/\/bihavadis.com\/index.php\/wp-json\/wp\/v2\/media\/32101"}],"wp:attachment":[{"href":"https:\/\/bihavadis.com\/index.php\/wp-json\/wp\/v2\/media?parent=32100"}],"wp:term":[{"taxonomy":"category","embeddable":true,"href":"https:\/\/bihavadis.com\/index.php\/wp-json\/wp\/v2\/categories?post=32100"},{"taxonomy":"post_tag","embeddable":true,"href":"https:\/\/bihavadis.com\/index.php\/wp-json\/wp\/v2\/tags?post=32100"}],"curies":[{"name":"wp","href":"https:\/\/api.w.org\/{rel}","templated":true}]}}