{"id":32103,"date":"2026-02-13T22:00:09","date_gmt":"2026-02-13T22:00:09","guid":{"rendered":"https:\/\/bihavadis.com\/?p=32103"},"modified":"2026-02-13T22:00:09","modified_gmt":"2026-02-13T22:00:09","slug":"istanbulda-husumetlisini-sokakta-vurarak-olduren-sahis-yakalandi","status":"publish","type":"post","link":"https:\/\/bihavadis.com\/index.php\/2026\/02\/13\/istanbulda-husumetlisini-sokakta-vurarak-olduren-sahis-yakalandi\/","title":{"rendered":"\u0130stanbul&#8217;da husumetlisini sokakta vurarak \u00f6ld\u00fcren \u015fah\u0131s yakaland\u0131"},"content":{"rendered":"<p>\u0130stanbul&#8217;un Esenyurt il\u00e7esinde kan donduran cinayet&#8230;<\/p>\n<p>C.A. isimli \u015fah\u0131s, aralar\u0131nda daha \u00f6nceden husumet bulunan A.A.\u2019ya sokakta silahl\u0131 sald\u0131r\u0131 d\u00fczenledi.<\/p>\n<p>4 el ate\u015f ettikten sonra sald\u0131rgan olay yerinden ko\u015farak ka\u00e7arken, A.A. kanlar i\u00e7inde yere y\u0131\u011f\u0131ld\u0131.<\/p>\n<p><strong>HASTANEYE KALDIRILDI<\/strong><\/p>\n<p>Silah sesini duyan \u00e7evredeki vatanda\u015flar yard\u0131ma ko\u015farken, ihbar \u00fczerine olay yerine polis ve sa\u011fl\u0131k ekibi sevk edildi.<\/p>\n<p>Olay yerindeki ilk m\u00fcdahalenin ard\u0131ndan a\u011f\u0131r yaral\u0131 adam hastaneye kald\u0131r\u0131ld\u0131.<\/p>\n<p><img decoding=\"async\" src=\"https:\/\/bihavadis.com\/wp-content\/uploads\/2026\/02\/istanbulda-husumetlisini-sokakta-vurarak-olduren-sahis-yakalandi-0-fhbBXE4p.jpg\"\/><\/p>\n<p><strong>\u015e\u00dcPHEL\u0130 YAKALANDI<\/strong><\/p>\n<p>Polis ekipleri olay yerinden ka\u00e7an sald\u0131rgan\u0131 k\u0131sa s\u00fcrede yakalayarak g\u00f6zalt\u0131na al\u0131nd\u0131.<\/p>\n<p><img decoding=\"async\" src=\"https:\/\/bihavadis.com\/wp-content\/uploads\/2026\/02\/istanbulda-husumetlisini-sokakta-vurarak-olduren-sahis-yakalandi-1-K661DS8Y.jpg\"\/><\/p>\n<p><strong>HAYATINI KAYBETT\u0130<\/strong><\/p>\n<p>A.A.&#8217;n\u0131n kald\u0131r\u0131ld\u0131\u011f\u0131 hastanede hayat\u0131n\u0131 kaybetti\u011fi \u00f6\u011frenildi.<\/p>\n<p>Olayla ilgili ba\u015flat\u0131lan incelemeler s\u00fcr\u00fcyor.<\/p>\n","protected":false},"excerpt":{"rendered":"<p>Esenyurt\u2019ta bir \u015fah\u0131s, sokak ortas\u0131nda husumetlisini silahla 4 el ate\u015f ederek vurdu. A\u011f\u0131r yaral\u0131 olarak hastaneye kald\u0131r\u0131lan \u015fah\u0131s hayat\u0131n\u0131 kaybederken, olay yerinden ka\u00e7an sald\u0131rgan k\u0131sa s\u00fcrede yakalanarak g\u00f6zalt\u0131na al\u0131nd\u0131.<\/p>\n","protected":false},"author":1,"featured_media":32104,"comment_status":"open","ping_status":"open","sticky":false,"template":"","format":"standard","meta":{"footnotes":""},"categories":[4,13],"tags":[256],"class_list":["post-32103","post","type-post","status-publish","format-standard","has-post-thumbnail","hentry","category-gundem","category-son-dakika","tag-olay"],"_links":{"self":[{"href":"https:\/\/bihavadis.com\/index.php\/wp-json\/wp\/v2\/posts\/32103","targetHints":{"allow":["GET"]}}],"collection":[{"href":"https:\/\/bihavadis.com\/index.php\/wp-json\/wp\/v2\/posts"}],"about":[{"href":"https:\/\/bihavadis.com\/index.php\/wp-json\/wp\/v2\/types\/post"}],"author":[{"embeddable":true,"href":"https:\/\/bihavadis.com\/index.php\/wp-json\/wp\/v2\/users\/1"}],"replies":[{"embeddable":true,"href":"https:\/\/bihavadis.com\/index.php\/wp-json\/wp\/v2\/comments?post=32103"}],"version-history":[{"count":1,"href":"https:\/\/bihavadis.com\/index.php\/wp-json\/wp\/v2\/posts\/32103\/revisions"}],"predecessor-version":[{"id":32107,"href":"https:\/\/bihavadis.com\/index.php\/wp-json\/wp\/v2\/posts\/32103\/revisions\/32107"}],"wp:featuredmedia":[{"embeddable":true,"href":"https:\/\/bihavadis.com\/index.php\/wp-json\/wp\/v2\/media\/32104"}],"wp:attachment":[{"href":"https:\/\/bihavadis.com\/index.php\/wp-json\/wp\/v2\/media?parent=32103"}],"wp:term":[{"taxonomy":"category","embeddable":true,"href":"https:\/\/bihavadis.com\/index.php\/wp-json\/wp\/v2\/categories?post=32103"},{"taxonomy":"post_tag","embeddable":true,"href":"https:\/\/bihavadis.com\/index.php\/wp-json\/wp\/v2\/tags?post=32103"}],"curies":[{"name":"wp","href":"https:\/\/api.w.org\/{rel}","templated":true}]}}