{"id":32167,"date":"2026-02-13T22:45:05","date_gmt":"2026-02-13T22:45:05","guid":{"rendered":"https:\/\/bihavadis.com\/?p=32167"},"modified":"2026-02-13T22:45:05","modified_gmt":"2026-02-13T22:45:05","slug":"tekirdagda-tartistigi-arkadasini-bicaklayarak-oldurdu","status":"publish","type":"post","link":"https:\/\/bihavadis.com\/index.php\/2026\/02\/13\/tekirdagda-tartistigi-arkadasini-bicaklayarak-oldurdu\/","title":{"rendered":"Tekirda\u011f&#8217;da tart\u0131\u015ft\u0131\u011f\u0131 arkada\u015f\u0131n\u0131 b\u0131\u00e7aklayarak \u00f6ld\u00fcrd\u00fc"},"content":{"rendered":"<p>Tekirda\u011f&#8217;da arkada\u015f kavgas\u0131nda kan akt\u0131.<\/p>\n<p>\u00c7erkezk\u00f6y&#8217;de uzun y\u0131llard\u0131r yak\u0131n arkada\u015f olan Vahap \u00d6den ile Nevzat Algan aras\u0131nda <b><em>&#8216;\u015fantaj&#8217;<\/em><\/b> iddias\u0131yla tart\u0131\u015fma ya\u015fand\u0131.<\/p>\n<p>Algan, \u00d6den&#8217;e bir kad\u0131nla uygunsuz g\u00f6r\u00fcnt\u00fclerini kaydetti\u011fini belirterek, \u015fantaj yapmak istedi. Bunun \u00fczerine s\u00f6zle\u015fen Algan ile \u00d6den, bug\u00fcn \u00f6\u011fle saatlerinde Atat\u00fcrk Mahallesi&#8217;ndeki mezarl\u0131k mevkisinde bulu\u015ftu.<\/p>\n<p><strong>ARKADA\u015eINI BI\u00c7AKLADI<\/strong><\/p>\n<p>Bulu\u015fmada ikili aras\u0131nda \u00e7\u0131kan tart\u0131\u015fmada Vahap \u00d6den, Nevzat Algan&#8217;\u0131 b\u0131\u00e7aklad\u0131. Algan, v\u00fccuduna ald\u0131\u011f\u0131 b\u0131\u00e7ak darbesiyle a\u011f\u0131r yaraland\u0131. Olay\u0131 g\u00f6renlerin ihbar\u0131 \u00fczerine b\u00f6lgeye jandarma ve sa\u011fl\u0131k ekipleri sevk edildi.<\/p>\n<p><strong>HAYATINI KAYBETT\u0130<\/strong><\/p>\n<p>\u00c7erkezk\u00f6y Devlet Hastanesi&#8217;ne kald\u0131r\u0131lan ve v\u00fccudunda 7 b\u0131\u00e7ak darbesi bulunan Algan, yap\u0131lan m\u00fcdahaleye ra\u011fmen kurtar\u0131lamad\u0131.<\/p>\n<p>Jandarma Vahap \u00d6den&#8217;i g\u00f6zalt\u0131na alarak, olayla ilgili soru\u015fturma ba\u015flatt\u0131.<\/p>\n","protected":false},"excerpt":{"rendered":"<p>\u00c7erkezk\u00f6y il\u00e7esinde Nevzat Algan (38), tart\u0131\u015ft\u0131\u011f\u0131 arkada\u015f\u0131 Vahap \u00d6den (35) taraf\u0131ndan 7 b\u0131\u00e7ak darbesiyle \u00f6ld\u00fcr\u00fcld\u00fc.<\/p>\n","protected":false},"author":1,"featured_media":32168,"comment_status":"open","ping_status":"open","sticky":false,"template":"","format":"standard","meta":{"footnotes":""},"categories":[4,13],"tags":[3501,4883],"class_list":["post-32167","post","type-post","status-publish","format-standard","has-post-thumbnail","hentry","category-gundem","category-son-dakika","tag-algan","tag-oden"],"_links":{"self":[{"href":"https:\/\/bihavadis.com\/index.php\/wp-json\/wp\/v2\/posts\/32167","targetHints":{"allow":["GET"]}}],"collection":[{"href":"https:\/\/bihavadis.com\/index.php\/wp-json\/wp\/v2\/posts"}],"about":[{"href":"https:\/\/bihavadis.com\/index.php\/wp-json\/wp\/v2\/types\/post"}],"author":[{"embeddable":true,"href":"https:\/\/bihavadis.com\/index.php\/wp-json\/wp\/v2\/users\/1"}],"replies":[{"embeddable":true,"href":"https:\/\/bihavadis.com\/index.php\/wp-json\/wp\/v2\/comments?post=32167"}],"version-history":[{"count":1,"href":"https:\/\/bihavadis.com\/index.php\/wp-json\/wp\/v2\/posts\/32167\/revisions"}],"predecessor-version":[{"id":32169,"href":"https:\/\/bihavadis.com\/index.php\/wp-json\/wp\/v2\/posts\/32167\/revisions\/32169"}],"wp:featuredmedia":[{"embeddable":true,"href":"https:\/\/bihavadis.com\/index.php\/wp-json\/wp\/v2\/media\/32168"}],"wp:attachment":[{"href":"https:\/\/bihavadis.com\/index.php\/wp-json\/wp\/v2\/media?parent=32167"}],"wp:term":[{"taxonomy":"category","embeddable":true,"href":"https:\/\/bihavadis.com\/index.php\/wp-json\/wp\/v2\/categories?post=32167"},{"taxonomy":"post_tag","embeddable":true,"href":"https:\/\/bihavadis.com\/index.php\/wp-json\/wp\/v2\/tags?post=32167"}],"curies":[{"name":"wp","href":"https:\/\/api.w.org\/{rel}","templated":true}]}}