{"id":32198,"date":"2026-02-13T23:12:35","date_gmt":"2026-02-13T23:12:35","guid":{"rendered":"https:\/\/bihavadis.com\/?p=32198"},"modified":"2026-02-13T23:12:35","modified_gmt":"2026-02-13T23:12:35","slug":"beytussebapta-cig-riski-3-koy-yolu-kapandi","status":"publish","type":"post","link":"https:\/\/bihavadis.com\/index.php\/2026\/02\/13\/beytussebapta-cig-riski-3-koy-yolu-kapandi\/","title":{"rendered":"Beyt\u00fc\u015f\u015febap&#8217;ta \u00c7\u0131\u011f Riski: 3 K\u00f6y Yolu Kapand\u0131"},"content":{"rendered":"<p>\n<p>\u015eIRNAK&#8217;\u0131n Beyt\u00fc\u015f\u015febap il\u00e7esinde etkili olan yo\u011fun kar ya\u011f\u0131\u015f\u0131 sonras\u0131 d\u00fc\u015fen \u00e7\u0131\u011flar nedeniyle 3 k\u00f6y yolu ula\u015f\u0131ma kapand\u0131.<\/p>\n<p>Beyt\u00fc\u015f\u015febap il\u00e7esinde aral\u0131klarla devam eden kar ya\u011f\u0131\u015f\u0131 hayat\u0131 olumsuz etkilemeyi s\u00fcrd\u00fcr\u00fcyor. \u0130l\u00e7e merkezinde kar kal\u0131nl\u0131\u011f\u0131 1 metreyi bulurken, y\u00fcksek kesimlerde ise 2 metreyi a\u015ft\u0131. Y\u00fcksek kesimlerde biriken kar k\u00fctleleri zaman zaman \u00e7\u0131\u011fa d\u00f6n\u00fc\u015ferek k\u00f6y yollar\u0131n\u0131 ula\u015f\u0131ma kapat\u0131yor. \u0130l\u00e7eye ba\u011fl\u0131 Be\u015fa\u011fa\u00e7, B\u00f6l\u00fccek ve G\u00fcneyyaka k\u00f6y yollar\u0131 d\u00fc\u015fen \u00e7\u0131\u011flar nedeniyle ula\u015f\u0131ma kapand\u0131. Yollar\u0131n a\u00e7\u0131lmas\u0131 i\u00e7in Beyt\u00fc\u015f\u015febap Kaymakaml\u0131\u011f\u0131&#8217;na ba\u011fl\u0131 \u0130l\u00e7e \u00d6zel \u0130daresi karla m\u00fccadele ekipleri, b\u00f6lgede \u00e7al\u0131\u015fma ba\u015flatt\u0131. Zorlu hava ve arazi \u015fartlar\u0131na ra\u011fmen i\u015f makineleriyle aral\u0131ks\u0131z s\u00fcrd\u00fcr\u00fclen \u00e7al\u0131\u015fmalarda, yo\u011fun \u00e7\u0131\u011f riski nedeniyle operat\u00f6rlerin zaman zaman tehlike atlatt\u0131\u011f\u0131 belirtildi. Yetkililer, vatanda\u015flar\u0131 \u00e7\u0131\u011f riskine kar\u015f\u0131 dikkatli olmalar\u0131 konusunda uyard\u0131. <\/p>\n","protected":false},"excerpt":{"rendered":"<p>\u015e\u0131rnak&#8217;\u0131n Beyt\u00fc\u015f\u015febap il\u00e7esinde kar ya\u011f\u0131\u015f\u0131 sonras\u0131 d\u00fc\u015fen \u00e7\u0131\u011flar, 3 k\u00f6y yolunu ula\u015f\u0131ma kapad\u0131.<\/p>\n","protected":false},"author":1,"featured_media":32199,"comment_status":"open","ping_status":"open","sticky":false,"template":"","format":"standard","meta":{"footnotes":""},"categories":[9,4,13],"tags":[338,297],"class_list":["post-32198","post","type-post","status-publish","format-standard","has-post-thumbnail","hentry","category-genel","category-gundem","category-son-dakika","tag-cig","tag-kar"],"_links":{"self":[{"href":"https:\/\/bihavadis.com\/index.php\/wp-json\/wp\/v2\/posts\/32198","targetHints":{"allow":["GET"]}}],"collection":[{"href":"https:\/\/bihavadis.com\/index.php\/wp-json\/wp\/v2\/posts"}],"about":[{"href":"https:\/\/bihavadis.com\/index.php\/wp-json\/wp\/v2\/types\/post"}],"author":[{"embeddable":true,"href":"https:\/\/bihavadis.com\/index.php\/wp-json\/wp\/v2\/users\/1"}],"replies":[{"embeddable":true,"href":"https:\/\/bihavadis.com\/index.php\/wp-json\/wp\/v2\/comments?post=32198"}],"version-history":[{"count":1,"href":"https:\/\/bihavadis.com\/index.php\/wp-json\/wp\/v2\/posts\/32198\/revisions"}],"predecessor-version":[{"id":32200,"href":"https:\/\/bihavadis.com\/index.php\/wp-json\/wp\/v2\/posts\/32198\/revisions\/32200"}],"wp:featuredmedia":[{"embeddable":true,"href":"https:\/\/bihavadis.com\/index.php\/wp-json\/wp\/v2\/media\/32199"}],"wp:attachment":[{"href":"https:\/\/bihavadis.com\/index.php\/wp-json\/wp\/v2\/media?parent=32198"}],"wp:term":[{"taxonomy":"category","embeddable":true,"href":"https:\/\/bihavadis.com\/index.php\/wp-json\/wp\/v2\/categories?post=32198"},{"taxonomy":"post_tag","embeddable":true,"href":"https:\/\/bihavadis.com\/index.php\/wp-json\/wp\/v2\/tags?post=32198"}],"curies":[{"name":"wp","href":"https:\/\/api.w.org\/{rel}","templated":true}]}}