{"id":3220,"date":"2026-01-28T09:41:05","date_gmt":"2026-01-28T09:41:05","guid":{"rendered":"https:\/\/bihavadis.com\/?p=3220"},"modified":"2026-01-28T09:41:05","modified_gmt":"2026-01-28T09:41:05","slug":"tarkanin-hayraniyla-bana-teyze-de-diyalogu-gulumsetti-son-hareketi-olaya-damga-vurdu","status":"publish","type":"post","link":"https:\/\/bihavadis.com\/index.php\/2026\/01\/28\/tarkanin-hayraniyla-bana-teyze-de-diyalogu-gulumsetti-son-hareketi-olaya-damga-vurdu\/","title":{"rendered":"Tarkan&#8217;\u0131n hayran\u0131yla &#8220;Bana teyze de&#8221; diyalo\u011fu g\u00fcl\u00fcmsetti! Son hareketi olaya damga vurdu"},"content":{"rendered":"<p>Uzun y\u0131llar sonra \u0130stanbul&#8217;da sahne alan  <strong>Tarkan<\/strong>&#8216;\u0131n konserleri b\u00fcy\u00fck ilgi g\u00f6rmeye devam ediyor. Sahneden sonra hayranlar\u0131yla bulu\u015fan megastar\u0131n ya\u015fl\u0131 bir hayran\u0131yla aras\u0131nda ge\u00e7en esprili diyalog sosyal medyada g\u00fcndem oldu. <\/p>\n<p><b>&#8220;BANA TEYZE DE&#8221;<\/b><\/p>\n<p> <strong>Tarkan<\/strong>, bir hayran\u0131n\u0131n &#8220;Bana teyze de  <strong>Tarkan<\/strong>&#8221; iste\u011fine, &#8220;Yok ben abla diyeyim&#8221; \u015feklinde yan\u0131t verdi. Ya\u015fl\u0131 kad\u0131n, &#8220;Olur mu ben 70 ya\u015f\u0131nday\u0131m. Annenin arkada\u015f\u0131m&#8221; ifadesi \u00fczerine Tarkan &#8220;Olsun yine de abla diyeyim&#8221; demesi dikkat \u00e7ekti. O anlara ait g\u00f6r\u00fcnt\u00fcler sosyal medyada h\u0131zla viral oldu. <\/p>\n<p><b>TARKAN&#8217;IN FOTO\u011eRAF HASSAS\u0130YET\u0130<\/b><\/p>\n<p>O anlar\u0131n ard\u0131ndan Tarkan&#8217;\u0131n hayran\u0131yla foto\u011fraf \u00e7ektirdi\u011fi s\u0131rada sergiledi\u011fi tav\u0131r da dikkatlerden ka\u00e7mad\u0131. \u00dcnl\u00fc sanat\u00e7\u0131n\u0131n, telefonu geri vermeden \u00f6nce galeriye girerek foto\u011fraf\u0131n iyi \u00e7\u0131k\u0131p \u00e7\u0131kmad\u0131\u011f\u0131n\u0131 kontrol etti\u011fi g\u00f6r\u00fcld\u00fc. Bu detay, Tarkan&#8217;\u0131n kendine ve hayranlar\u0131na g\u00f6sterdi\u011fi \u00f6zeni bir kez daha g\u00f6zler \u00f6n\u00fcne serdi.<\/p>\n<div>\n<div>\n<div><img decoding=\"async\" src=\"https:\/\/bihavadis.com\/wp-content\/uploads\/2026\/01\/tarkanin-hayraniyla-bana-teyze-de-diyalogu-gulumsetti-son-hareketi-olaya-damga-vurdu-0-NZmGzXgY.jpg\"><\/div>\n<div>\n<div><span> \u00c7a\u011fla Ta\u015fc\u0131 <\/span><\/div>\n<div><span>Haberler.com &#8211;  Magazin <\/span><\/div>\n<\/div>\n<\/div>\n<\/div>\n","protected":false},"excerpt":{"rendered":"<p>\u0130stanbul&#8217;da sahne alan megastar Tarkan konser sonras\u0131 hayranlar\u0131yla bir araya geldi. Megastar\u0131n ya\u015fl\u0131 bir hayran\u0131n\u0131n &#8220;Bana teyze de&#8221; iste\u011fine &#8220;Abla diyeyim&#8221; \u015feklinde yan\u0131t verdi\u011fi diyalog \u00e7evredekileri g\u00fcl\u00fcmsetti. \u00d6te yandan Tarkan&#8217;\u0131n foto\u011fraf \u00e7ektirdikten sonra telefonu geri vermeyen \u00f6nce galeriye girip iyi \u00e7\u0131k\u0131p \u00e7\u0131kmad\u0131\u011f\u0131n\u0131 kontrol etmesi de dikkatlerden ka\u00e7mad\u0131.<\/p>\n","protected":false},"author":1,"featured_media":3221,"comment_status":"open","ping_status":"open","sticky":false,"template":"","format":"standard","meta":{"footnotes":""},"categories":[1],"tags":[335],"class_list":["post-3220","post","type-post","status-publish","format-standard","has-post-thumbnail","hentry","category-uncategorized","tag-tarkan"],"_links":{"self":[{"href":"https:\/\/bihavadis.com\/index.php\/wp-json\/wp\/v2\/posts\/3220","targetHints":{"allow":["GET"]}}],"collection":[{"href":"https:\/\/bihavadis.com\/index.php\/wp-json\/wp\/v2\/posts"}],"about":[{"href":"https:\/\/bihavadis.com\/index.php\/wp-json\/wp\/v2\/types\/post"}],"author":[{"embeddable":true,"href":"https:\/\/bihavadis.com\/index.php\/wp-json\/wp\/v2\/users\/1"}],"replies":[{"embeddable":true,"href":"https:\/\/bihavadis.com\/index.php\/wp-json\/wp\/v2\/comments?post=3220"}],"version-history":[{"count":1,"href":"https:\/\/bihavadis.com\/index.php\/wp-json\/wp\/v2\/posts\/3220\/revisions"}],"predecessor-version":[{"id":3223,"href":"https:\/\/bihavadis.com\/index.php\/wp-json\/wp\/v2\/posts\/3220\/revisions\/3223"}],"wp:featuredmedia":[{"embeddable":true,"href":"https:\/\/bihavadis.com\/index.php\/wp-json\/wp\/v2\/media\/3221"}],"wp:attachment":[{"href":"https:\/\/bihavadis.com\/index.php\/wp-json\/wp\/v2\/media?parent=3220"}],"wp:term":[{"taxonomy":"category","embeddable":true,"href":"https:\/\/bihavadis.com\/index.php\/wp-json\/wp\/v2\/categories?post=3220"},{"taxonomy":"post_tag","embeddable":true,"href":"https:\/\/bihavadis.com\/index.php\/wp-json\/wp\/v2\/tags?post=3220"}],"curies":[{"name":"wp","href":"https:\/\/api.w.org\/{rel}","templated":true}]}}