{"id":32205,"date":"2026-02-13T23:18:36","date_gmt":"2026-02-13T23:18:36","guid":{"rendered":"https:\/\/bihavadis.com\/?p=32205"},"modified":"2026-02-13T23:18:36","modified_gmt":"2026-02-13T23:18:36","slug":"ak-parti-bati-karadeniz-bolge-toplantisi-karabukte-tamamlandi","status":"publish","type":"post","link":"https:\/\/bihavadis.com\/index.php\/2026\/02\/13\/ak-parti-bati-karadeniz-bolge-toplantisi-karabukte-tamamlandi\/","title":{"rendered":"AK Parti Bat\u0131 Karadeniz B\u00f6lge Toplant\u0131s\u0131 Karab\u00fck&#8217;te tamamland\u0131"},"content":{"rendered":"<p>AK Parti Genel Merkez Te\u015fkilat Ba\u015fkanl\u0131\u011f\u0131 taraf\u0131ndan d\u00fczenlenen Bat\u0131 Karadeniz B\u00f6lge Strateji Toplant\u0131s\u0131, \u00e7ok say\u0131da \u00fcst d\u00fczey ismin kat\u0131l\u0131m\u0131yla Karab\u00fck&#8217;te \u00fc\u00e7 g\u00fcn s\u00fcren program\u0131n ard\u0131ndan tamamland\u0131.<\/p>\n<p>Program kapsam\u0131nda Te\u015fkilat Ba\u015fkan Yard\u0131mc\u0131s\u0131 ve Bat\u0131 Karadeniz B\u00f6lge Ba\u015fkan\u0131 M\u00fccahit Y\u0131lmaz &#8220;AK Parti Te\u015fkilat ve Siyaset Anlay\u0131\u015f\u0131&#8221;, Te\u015fkilat Ba\u015fkan Yard\u0131mc\u0131s\u0131 Haydar Ali Y\u0131ld\u0131z &#8220;Lider, Fikir ve Te\u015fkilat E\u011fitimi&#8221;, Te\u015fkilat Ba\u015fkan Yard\u0131mc\u0131s\u0131 Selman \u00d6zboyac\u0131 ise &#8220;Siyasal \u0130leti\u015fim&#8221; ba\u015fl\u0131kl\u0131 sunumlar ger\u00e7ekle\u015ftirdi.<\/p>\n<p>Toplant\u0131ya ev sahipli\u011fi yapan AK Parti Karab\u00fck \u0130l Ba\u015fkanl\u0131\u011f\u0131, organizasyonu ba\u015far\u0131yla y\u00fcr\u00fctt\u00fc. \u0130l Ba\u015fkan\u0131 Ferhat Salt, toplant\u0131n\u0131n Karab\u00fck&#8217;te yap\u0131lmas\u0131n\u0131n \u00f6nemine dikkat \u00e7ekerek, Karab\u00fck&#8217;\u00fcn Bat\u0131 Karadeniz&#8217;in merkezinde yer alan bir \u015fehir olarak bu \u00f6nemli bulu\u015fmaya ev sahipli\u011fi yapmas\u0131ndan duyduklar\u0131 memnuniyeti dile getirdi.<\/p>\n<p>Program\u0131n ilk etab\u0131nda konu\u015fan Adalet Bakan\u0131 Y\u0131lmaz Tun\u00e7, te\u015fkilatlar\u0131n \u00f6nemine vurgu yaparak AK Parti&#8217;nin siyaset anlay\u0131\u015f\u0131n\u0131n milletle i\u00e7 i\u00e7e oldu\u011funu ifade etti.<\/p>\n<p>Toplant\u0131n\u0131n son etab\u0131nda konu\u015fan AK Parti Genel Ba\u015fkan Yard\u0131mc\u0131s\u0131 Ahmet B\u00fcy\u00fckg\u00fcm\u00fc\u015f ise b\u00f6lge toplant\u0131s\u0131n\u0131n Bat\u0131 Karadeniz illerindeki te\u015fkilat \u00e7al\u0131\u015fmalar\u0131na yeni bir ivme kazand\u0131raca\u011f\u0131n\u0131 belirtti.<\/p>\n<p>\u00dc\u00e7 g\u00fcn s\u00fcren Bat\u0131 Karadeniz B\u00f6lge Strateji Toplant\u0131s\u0131, yap\u0131lan de\u011ferlendirmelerin ard\u0131ndan tamamlan\u0131rken, Karab\u00fck siyaset g\u00fcndeminin kalbinin att\u0131\u011f\u0131 \u015fehir olarak toplant\u0131ya ev sahipli\u011fi yapt\u0131.<\/p>\n<p>Toplant\u0131ya Adalet Bakan\u0131 Y\u0131lmaz Tun\u00e7, AK Parti Genel Ba\u015fkan Yard\u0131mc\u0131s\u0131 ve Te\u015fkilat Ba\u015fkan\u0131 Ahmet B\u00fcy\u00fckg\u00fcm\u00fc\u015f, AK Parti Karab\u00fck Milletvekilleri Cem \u015eahin ve Durmu\u015f Ali Keskink\u0131l\u0131\u00e7, AK Parti Zonguldak Milletvekili Ahmet \u00c7olako\u011flu, AK Parti Konya Milletvekili Selman \u00d6zboyac\u0131, AK Parti Te\u015fkilat Ba\u015fkan Yard\u0131mc\u0131s\u0131 M\u00fccahit Y\u0131lmaz, Karab\u00fck Belediye Ba\u015fkan\u0131 \u00d6zkan \u00c7etinkaya ile Bat\u0131 Karadeniz b\u00f6lgesindeki 10 ilden il ve il\u00e7e ba\u015fkanlar\u0131 kat\u0131ld\u0131. &#8211; KARAB\u00dcK<\/p>\n","protected":false},"excerpt":{"rendered":"<p>AK Parti Genel Merkez Te\u015fkilat Ba\u015fkanl\u0131\u011f\u0131 taraf\u0131ndan d\u00fczenlenen Bat\u0131 Karadeniz B\u00f6lge Strateji Toplant\u0131s\u0131, Karab\u00fck&#8217;te \u00fc\u00e7 g\u00fcn s\u00fcren programla tamamland\u0131. Toplant\u0131da siyaset anlay\u0131\u015f\u0131 ve te\u015fkilat \u00e7al\u0131\u015fmalar\u0131 de\u011ferlendirildi.<\/p>\n","protected":false},"author":1,"featured_media":32206,"comment_status":"open","ping_status":"open","sticky":false,"template":"","format":"standard","meta":{"footnotes":""},"categories":[12],"tags":[1389,516,4888,2200,4887],"class_list":["post-32205","post","type-post","status-publish","format-standard","has-post-thumbnail","hentry","category-siyaset","tag-ak-parti","tag-baskan","tag-bati-karadeniz","tag-karabuk","tag-yardimcisi"],"_links":{"self":[{"href":"https:\/\/bihavadis.com\/index.php\/wp-json\/wp\/v2\/posts\/32205","targetHints":{"allow":["GET"]}}],"collection":[{"href":"https:\/\/bihavadis.com\/index.php\/wp-json\/wp\/v2\/posts"}],"about":[{"href":"https:\/\/bihavadis.com\/index.php\/wp-json\/wp\/v2\/types\/post"}],"author":[{"embeddable":true,"href":"https:\/\/bihavadis.com\/index.php\/wp-json\/wp\/v2\/users\/1"}],"replies":[{"embeddable":true,"href":"https:\/\/bihavadis.com\/index.php\/wp-json\/wp\/v2\/comments?post=32205"}],"version-history":[{"count":1,"href":"https:\/\/bihavadis.com\/index.php\/wp-json\/wp\/v2\/posts\/32205\/revisions"}],"predecessor-version":[{"id":32207,"href":"https:\/\/bihavadis.com\/index.php\/wp-json\/wp\/v2\/posts\/32205\/revisions\/32207"}],"wp:featuredmedia":[{"embeddable":true,"href":"https:\/\/bihavadis.com\/index.php\/wp-json\/wp\/v2\/media\/32206"}],"wp:attachment":[{"href":"https:\/\/bihavadis.com\/index.php\/wp-json\/wp\/v2\/media?parent=32205"}],"wp:term":[{"taxonomy":"category","embeddable":true,"href":"https:\/\/bihavadis.com\/index.php\/wp-json\/wp\/v2\/categories?post=32205"},{"taxonomy":"post_tag","embeddable":true,"href":"https:\/\/bihavadis.com\/index.php\/wp-json\/wp\/v2\/tags?post=32205"}],"curies":[{"name":"wp","href":"https:\/\/api.w.org\/{rel}","templated":true}]}}