{"id":32239,"date":"2026-02-13T23:45:07","date_gmt":"2026-02-13T23:45:07","guid":{"rendered":"https:\/\/bihavadis.com\/?p=32239"},"modified":"2026-02-13T23:45:07","modified_gmt":"2026-02-13T23:45:07","slug":"hak-isin-turkiye-kadin-bulusmalari-programi-vanda-duzenlendi","status":"publish","type":"post","link":"https:\/\/bihavadis.com\/index.php\/2026\/02\/13\/hak-isin-turkiye-kadin-bulusmalari-programi-vanda-duzenlendi\/","title":{"rendered":"HAK-\u0130\u015e&#8217;in &#8220;T\u00fcrkiye kad\u0131n bulu\u015fmalar\u0131&#8221; program\u0131 Van&#8217;da d\u00fczenlendi"},"content":{"rendered":"<p>HAK-\u0130\u015e Konfederasyonu&#8217;nun 50. kurulu\u015f y\u0131l\u0131 etkinlikleri kapsam\u0131nda d\u00fczenlenen &#8220;T\u00fcrkiye Kad\u0131n Bulu\u015fmalar\u0131&#8221; program\u0131n\u0131n ikincisi Van&#8217;da ger\u00e7ekle\u015ftirildi.<\/p>\n<p>Kentte bir otelde d\u00fczenlenen programa sendika temsilcileri ve davetliler kat\u0131ld\u0131. Programda konu\u015fan HAK-\u0130\u015e Genel Ba\u015fkan Yard\u0131mc\u0131s\u0131 Yunus De\u011firmenci, HAK-\u0130\u015e&#8217;in g\u00fcc\u00fcn\u00fcn yaln\u0131zca \u00fcye say\u0131s\u0131yla \u00f6l\u00e7\u00fclemeyece\u011fini belirterek, konfederasyonun \u00e7al\u0131\u015fma hayat\u0131nda ortaya koydu\u011fu kararl\u0131 duru\u015f ve \u00e7\u00f6z\u00fcm odakl\u0131 yakla\u015f\u0131m\u0131yla \u00f6nemli bir yere sahip oldu\u011funu s\u00f6yledi. HAK-\u0130\u015e Konfederasyonu Genel Ba\u015fkan Yard\u0131mc\u0131s\u0131 De\u011firmenci, k\u0131dem tazminat\u0131ndan kay\u0131t d\u0131\u015f\u0131 \u00e7al\u0131\u015fmalara ve vergi adaletsizli\u011fine, i\u015f sa\u011fl\u0131\u011f\u0131 ve g\u00fcvenli\u011finden \u00e7al\u0131\u015fan kad\u0131n sorunlar\u0131na kadar HAK-\u0130\u015e, emek\u00e7ileri yak\u0131ndan ilgilendiren konularda, her masada oldu\u011funu belirtti. Genel Ba\u015fkan Yard\u0131mc\u0131s\u0131 De\u011firmenci, &#8220;HAK-\u0130\u015e bug\u00fcn sadece bir konfederasyon de\u011fil, ayn\u0131 zamanda bir d\u00fc\u015f\u00fcnce, fikir hareketidir. Kimi zaman emek\u00e7iler i\u00e7in, kimi zaman ma\u011fdur ve mazlumlar i\u00e7in HAK-\u0130\u015e her zaman tetiktedir, haz\u0131rd\u0131r, g\u00f6revinin ba\u015f\u0131ndad\u0131r. HAK-\u0130\u015e, kimi zaman Van&#8217;da bir belediye i\u015f\u00e7isinin veya memleketin bir ba\u015fka k\u00f6\u015fesindeki ev i\u015f\u00e7isinin y\u00fcre\u011finde, kimi zaman hastanede hasta bak\u0131c\u0131n\u0131n, kimi zaman bir metal i\u015f\u00e7isinin yan\u0131ndad\u0131r. HAK-\u0130\u015e, kimi zaman M\u00fcsl\u00fcman co\u011frafyas\u0131ndaki bir yetimin g\u00f6nl\u00fcnde, kimi zaman da \u00e7aresizlikler i\u00e7inde k\u0131vranan bir ma\u011fdurun, g\u00f6n\u00fcl taht\u0131n\u0131n en ba\u015f k\u00f6\u015fesindedir. Nerede \u00e7\u00f6z\u00fclmeyi bekleyen bir sorun varsa, \u00e7\u00f6z\u00fcm merkezi olarak HAK-\u0130\u015e oradad\u0131r&#8221; dedi.<\/p>\n<p>&#8220;Dijitalle\u015fme h\u0131zla etraf\u0131m\u0131z\u0131 sar\u0131yor&#8221;<\/p>\n<p>Dijitalle\u015fmenin h\u0131zla yay\u0131ld\u0131\u011f\u0131na dikkat \u00e7eken De\u011firmenci, &#8220;Yapay zeka uygulamalar\u0131, adeta \u0131\u015f\u0131k h\u0131z\u0131nda yayg\u0131nla\u015f\u0131yor. Fabrikalar\u0131n, i\u015fyerlerinin tabir-i caizse, ak\u0131ll\u0131 fabrikalara-i\u015fyerlerine d\u00f6n\u00fc\u015ft\u00fc\u011f\u00fc bir s\u00fcrece hep birlikte \u015fahitlik ediyoruz. Geli\u015fen teknoloji, i\u015f ya\u015fam\u0131ndan sosyal hayata kadar bir\u00e7ok alan\u0131 d\u00f6n\u00fc\u015ft\u00fcr\u00fcyor. Teknolojik geli\u015fmeler, bir\u00e7ok sekt\u00f6rdeki geleneksel uygulamalar\u0131 taht\u0131ndan indirmeye ba\u015flad\u0131. Dijitalle\u015fme, bir\u00e7ok \u00fcretim sahas\u0131nda, k\u00f6kl\u00fc de\u011fi\u015fikliklere neden olmaktad\u0131r. Dijitalle\u015fmeyle birlikte, \u00e7al\u0131\u015fma hayat\u0131n\u0131 derinden etkileyen geli\u015fmeler ya\u015fanmakta ve ya\u015fanmas\u0131 \u00f6ng\u00f6r\u00fclmektedir. Teknolojiyle birlikte her \u015fey d\u00f6n\u00fc\u015fmekte, de\u011fi\u015fmekte ve yenilenmektedir&#8221; diye konu\u015ftu.<\/p>\n<p>&#8220;K\u00fcresel istihdam\u0131n yakla\u015f\u0131k y\u00fczde 25&#8217;i yapay zekadan etkilenecektir&#8221;<\/p>\n<p>HAK-\u0130\u015e Genel Sekreter Yard\u0131mc\u0131s\u0131 ve HAK-\u0130\u015e Kad\u0131n Komitesi Ba\u015fkan\u0131 Fatma Zengin ise D\u00fcnya Ekonomik Forumu raporlar\u0131na g\u00f6re, 2030 y\u0131l\u0131na kadar dijital teknolojiler sayesinde yakla\u015f\u0131k 170 milyon yeni i\u015f imkan\u0131 olu\u015fmas\u0131n\u0131n beklendi\u011fini dile getirdi. Zengin, &#8220;Burada \u00f6nemli olan yaln\u0131zca baz\u0131 mesleklerin ortadan kalkmas\u0131 de\u011fil, neredeyse t\u00fcm mesleklerin yap\u0131l\u0131\u015f bi\u00e7iminin de\u011fi\u015fmesidir. Uluslararas\u0131 \u00c7al\u0131\u015fma \u00d6rg\u00fct\u00fc ile Polonya Ulusal Ara\u015ft\u0131rma Enstit\u00fcs\u00fc&#8217;n\u00fcn ortak raporuna g\u00f6re, k\u00fcresel istihdam\u0131n yakla\u015f\u0131k y\u00fczde 25&#8217;i yapay zekadan etkilenecektir. Geli\u015fmi\u015f \u00fclkelerde bu oran y\u00fczde 35&#8217;lere kadar \u00e7\u0131kabilecektir. \u00d6zellikle ofis ve b\u00fcro i\u015fleri, medya, yaz\u0131l\u0131m ve finans sekt\u00f6rlerinin daha fazla etkilenmesi beklenmektedir. Dijitalle\u015fmeyle birlikte uzaktan \u00e7al\u0131\u015fma, k\u0131smi s\u00fcreli \u00e7al\u0131\u015fma ve platform \u00e7al\u0131\u015fmas\u0131 gibi yeni nesil \u00e7al\u0131\u015fma modelleri yayg\u0131nla\u015fmaktad\u0131r. Bu d\u00f6n\u00fc\u015f\u00fcm s\u00fcreci, \u015f\u00fcphesiz kad\u0131nlar ba\u015fta olmak \u00fczere dezavantajl\u0131 kesimleri daha derinden etkilemektedir. B\u00f6ylesi kapsaml\u0131 bir d\u00f6n\u00fc\u015f\u00fcm\u00fcn, kimseyi geride b\u0131rakmayan, \u00f6zellikle kad\u0131nlar\u0131, gen\u00e7leri ve k\u0131r\u0131lgan gruplar\u0131 g\u00f6zeten adil bir ge\u00e7i\u015f anlay\u0131\u015f\u0131yla y\u00f6netilmesi b\u00fcy\u00fck \u00f6nem ta\u015f\u0131maktad\u0131r. Ayr\u0131ca yeni \u00e7al\u0131\u015fma modellerin, kad\u0131n-erkek f\u0131rsat e\u015fitli\u011fi ve i\u015f-aile-sosyal ya\u015fam dengesi ile birlikte ele al\u0131nmas\u0131 son derece \u00f6nemli oldu\u011funu belirtmek istiyorum&#8221; \u015feklinde konu\u015ftu.<\/p>\n<p>HAK-\u0130\u015e Van \u015eube Ba\u015fkan\u0131 Fatih Akdeniz de sendikal m\u00fccadeleyi sadece hak aray\u0131\u015f\u0131 olarak de\u011fil; insan onurunu, eme\u011fi ve adaleti merkeze alan bir dava olarak g\u00f6rd\u00fcklerini belirterek, &#8220;Bu davan\u0131n en g\u00fc\u00e7l\u00fc ta\u015f\u0131y\u0131c\u0131lar\u0131ndan biri ba\u015fta Genel Ba\u015fkan\u0131m\u0131z Mahmut Aslan ve kad\u0131n eme\u011fidir. Kad\u0131nlar, \u00e7al\u0131\u015fma hayat\u0131nda oldu\u011fu kadar sendikal yap\u0131m\u0131z\u0131n da vicdan\u0131 ve g\u00fcc\u00fcd\u00fcr. Kad\u0131n komitelerimiz; sahada emek veren, sorunlar\u0131 dile getiren, \u00e7\u00f6z\u00fcm\u00fcn bir par\u00e7as\u0131 olan ve sendikal bilinci g\u00fc\u00e7lendiren \u00e7ok \u00f6nemli bir g\u00f6rev \u00fcstlenmektedir&#8221; dedi. &#8211; VAN<\/p>\n","protected":false},"excerpt":{"rendered":"<p>HAK-\u0130\u015e Konfederasyonu&#8217;nun 50. y\u0131l etkinlikleri kapsam\u0131nda d\u00fczenlenen &#8216;T\u00fcrkiye Kad\u0131n Bulu\u015fmalar\u0131&#8217; program\u0131n\u0131n ikincisi Van&#8217;da yap\u0131ld\u0131. HAK-\u0130\u015e Genel Ba\u015fkan Yard\u0131mc\u0131s\u0131 Yunus De\u011firmenci, dijitalle\u015fmenin i\u015f ya\u015fam\u0131n\u0131 ve sosyal alanlar\u0131 d\u00f6n\u00fc\u015ft\u00fcrd\u00fc\u011f\u00fcn\u00fc vurgulad\u0131, kad\u0131nlar\u0131n \u00e7al\u0131\u015fma hayat\u0131nda ve sendikal m\u00fccadeledeki \u00f6nemine dikkat \u00e7ekti.<\/p>\n","protected":false},"author":1,"featured_media":32240,"comment_status":"open","ping_status":"open","sticky":false,"template":"","format":"standard","meta":{"footnotes":""},"categories":[8],"tags":[378,1046,4892,395,380],"class_list":["post-32239","post","type-post","status-publish","format-standard","has-post-thumbnail","hentry","category-ekonomi","tag-calisma","tag-dijital","tag-hak-is","tag-is","tag-kadin"],"_links":{"self":[{"href":"https:\/\/bihavadis.com\/index.php\/wp-json\/wp\/v2\/posts\/32239","targetHints":{"allow":["GET"]}}],"collection":[{"href":"https:\/\/bihavadis.com\/index.php\/wp-json\/wp\/v2\/posts"}],"about":[{"href":"https:\/\/bihavadis.com\/index.php\/wp-json\/wp\/v2\/types\/post"}],"author":[{"embeddable":true,"href":"https:\/\/bihavadis.com\/index.php\/wp-json\/wp\/v2\/users\/1"}],"replies":[{"embeddable":true,"href":"https:\/\/bihavadis.com\/index.php\/wp-json\/wp\/v2\/comments?post=32239"}],"version-history":[{"count":1,"href":"https:\/\/bihavadis.com\/index.php\/wp-json\/wp\/v2\/posts\/32239\/revisions"}],"predecessor-version":[{"id":32241,"href":"https:\/\/bihavadis.com\/index.php\/wp-json\/wp\/v2\/posts\/32239\/revisions\/32241"}],"wp:featuredmedia":[{"embeddable":true,"href":"https:\/\/bihavadis.com\/index.php\/wp-json\/wp\/v2\/media\/32240"}],"wp:attachment":[{"href":"https:\/\/bihavadis.com\/index.php\/wp-json\/wp\/v2\/media?parent=32239"}],"wp:term":[{"taxonomy":"category","embeddable":true,"href":"https:\/\/bihavadis.com\/index.php\/wp-json\/wp\/v2\/categories?post=32239"},{"taxonomy":"post_tag","embeddable":true,"href":"https:\/\/bihavadis.com\/index.php\/wp-json\/wp\/v2\/tags?post=32239"}],"curies":[{"name":"wp","href":"https:\/\/api.w.org\/{rel}","templated":true}]}}