{"id":3228,"date":"2026-01-28T09:42:05","date_gmt":"2026-01-28T09:42:05","guid":{"rendered":"https:\/\/bihavadis.com\/?p=3228"},"modified":"2026-01-28T09:42:05","modified_gmt":"2026-01-28T09:42:05","slug":"cumhurbaskani-yardimcisi-yilmaz-onumuzdeki-on-yil-dinamik-ve-genc-nufus-yapimizin-korunmasi-yonunde-kalici-adimlarin-atilacagi-kritik-bir-donem-olacaktir","status":"publish","type":"post","link":"https:\/\/bihavadis.com\/index.php\/2026\/01\/28\/cumhurbaskani-yardimcisi-yilmaz-onumuzdeki-on-yil-dinamik-ve-genc-nufus-yapimizin-korunmasi-yonunde-kalici-adimlarin-atilacagi-kritik-bir-donem-olacaktir\/","title":{"rendered":"Cumhurba\u015fkan\u0131 Yard\u0131mc\u0131s\u0131 Y\u0131lmaz: &#8220;\u00d6n\u00fcm\u00fczdeki on y\u0131l dinamik ve gen\u00e7 n\u00fcfus yap\u0131m\u0131z\u0131n korunmas\u0131 y\u00f6n\u00fcnde kal\u0131c\u0131 ad\u0131mlar\u0131n at\u0131laca\u011f\u0131 kritik bir d\u00f6nem olacakt\u0131r&#8221;"},"content":{"rendered":"<p> <strong>Cumhurba\u015fkan\u0131 Yard\u0131mc\u0131s\u0131<\/strong> Cevdet Y\u0131lmaz, &#8220;\u00d6n\u00fcm\u00fczdeki on y\u0131l, toplumun temeli olan aile kurumunun daha da g\u00fc\u00e7lendirilmesi, dinamik ve gen\u00e7 n\u00fcfus yap\u0131m\u0131z\u0131n korunmas\u0131 y\u00f6n\u00fcnde kal\u0131c\u0131 ad\u0131mlar\u0131n at\u0131laca\u011f\u0131 kritik bir d\u00f6nem olacakt\u0131r&#8221; dedi.<\/p>\n<p>Cumhurba\u015fkan\u0131 Yard\u0131mc\u0131s\u0131 Y\u0131lmaz, Cumhurba\u015fkanl\u0131\u011f\u0131 K\u00fclliyesi&#8217;nde d\u00fczenlenen N\u00fcfus Politikalar\u0131 Kurulu Toplant\u0131s\u0131&#8217;n\u0131n a\u00e7\u0131l\u0131\u015f\u0131nda konu\u015ftu. Y\u0131lmaz, toplant\u0131da aile ve n\u00fcfus yap\u0131s\u0131na ili\u015fkin g\u00fcncel verilerden demografik d\u00f6n\u00fc\u015f\u00fcm ba\u015fl\u0131klar\u0131na uzanan geni\u015f bir \u00e7er\u00e7evede de\u011ferlendirmeler yap\u0131larak, eylem plan\u0131na y\u00f6n verecek ortak bir zemin olu\u015fturmay\u0131 hedeflediklerini s\u00f6yledi. Kurul \u00fcyesi bakanl\u0131klar\u0131n ve ilgili t\u00fcm kurumlar\u0131n i\u015f birli\u011fi ve yo\u011fun gayretleriyle n\u00fcfus yap\u0131s\u0131n\u0131n korunmas\u0131na y\u00f6nelik somut bir\u00e7ok ad\u0131m at\u0131ld\u0131\u011f\u0131n\u0131 hat\u0131rlatan Y\u0131lmaz, &#8220;Gen\u00e7lerimizin aile kurmalar\u0131n\u0131 kolayla\u015ft\u0131rmak amac\u0131yla hayata ge\u00e7irilen projemiz \u00fclke geneline yayg\u0131nla\u015ft\u0131r\u0131ld\u0131 ve destek tutarlar\u0131 art\u0131r\u0131ld\u0131. 2026 y\u0131l\u0131 Ocak ay\u0131 itibar\u0131yla 18-25 ya\u015f aral\u0131\u011f\u0131ndaki gen\u00e7lerimiz i\u00e7in 250 bin lira, 26-29 ya\u015f aral\u0131\u011f\u0131nda olan gen\u00e7lerimiz i\u00e7in 200 bin lira olacak \u015fekilde desteklerimizin miktar\u0131 art\u0131r\u0131ld\u0131. K\u0131sa bir s\u00fcre \u00f6nce ba\u015flatt\u0131\u011f\u0131m\u0131z 500 bin konutluk &#8216;Y\u00fczy\u0131l\u0131n Konut Projesi&#8217; kapsam\u0131nda gen\u00e7lerimiz ile \u00fc\u00e7 ve daha fazla \u00e7ocuk sahibi ailelere konut sahibi olabilmeleri i\u00e7in \u00f6zel imkan tan\u0131d\u0131k. Proje kapsam\u0131nda 18-30 ya\u015f aras\u0131 gen\u00e7lerimize y\u00fczde 20, \u00fc\u00e7 ve daha fazla \u00e7ocuk sahibi ailelere y\u00fczde 10 kontenjan ayr\u0131lm\u0131\u015f durumda. 2025 y\u0131l\u0131nda yapt\u0131\u011f\u0131m\u0131z d\u00fczenleme ile tek seferlik do\u011fum yard\u0131m\u0131 \u00f6deme tutar\u0131n\u0131 5 bin liraya y\u00fckselttik. \u0130lk \u00e7ocuk i\u00e7in 5 bin lira, ikinci \u00e7ocuk i\u00e7in her ay bin 500 lira ve \u00fc\u00e7\u00fcnc\u00fc ve sonraki \u00e7ocuklar\u0131 i\u00e7in ayl\u0131k 5 bin lira gibi bir tutar belirledik. \u0130kinci ve \u00fc\u00e7\u00fcnc\u00fc \u00e7ocuk i\u00e7in olan yard\u0131mlar, \u00e7ocuklar\u0131m\u0131z e\u011fitim \u00e7a\u011f\u0131na gelinceye kadar devam ettiriliyor&#8221; ifadelerini kulland\u0131.<\/p>\n<p>Annelerin ve babalar\u0131n i\u015f ve aile ya\u015fam dengesini sa\u011flayarak \u00e7ocuk bak\u0131mlar\u0131n\u0131 kolayla\u015ft\u0131racak ad\u0131mlar\u0131 atmaya devam ettiklerini ve Devlet Memurlar\u0131n\u0131n Yar\u0131 Zamanl\u0131 \u00c7al\u0131\u015fma Hakk\u0131n\u0131n Kullan\u0131m\u0131na \u0130li\u015fkin Y\u00f6netmeli\u011fin ge\u00e7en y\u0131l yay\u0131mland\u0131\u011f\u0131n\u0131 hat\u0131rlatan Y\u0131lmaz, kad\u0131nlar\u0131n i\u015f ve aile hayat\u0131n\u0131 birlikte s\u00fcrd\u00fcrmesine imkan veren yeni \u00e7al\u0131\u015fma modellerinin g\u00fcndemdeki yerini korudu\u011funu kaydetti. Y\u0131lmaz, Cumhurba\u015fkanl\u0131\u011f\u0131 Genel Sekreterli\u011finden kamu kurum ve kurulu\u015flar\u0131na g\u00f6nderilen resmi yaz\u0131yla kre\u015f ve g\u00fcnd\u00fcz \u00e7ocuk bak\u0131mevlerinin kapasitelerinin art\u0131r\u0131lmas\u0131 ve yenilerinin faaliyete ge\u00e7irilmesine y\u00f6nelik \u00e7al\u0131\u015fmalar\u0131n \u00f6nceliklendirildi\u011fini ifade ederek, &#8220;\u00c7ocuklar\u0131m\u0131z i\u00e7in g\u00fcvenli ve nitelikli bak\u0131m ortamlar\u0131n\u0131n yayg\u0131nla\u015ft\u0131r\u0131lmas\u0131n\u0131 en \u00f6ncelikli hedeflerden g\u00f6r\u00fcyoruz&#8221; dedi.<\/p>\n<p>&#8220;\u00d6n\u00fcm\u00fczdeki on y\u0131l, dinamik ve gen\u00e7 n\u00fcfus yap\u0131m\u0131z\u0131n korunmas\u0131 y\u00f6n\u00fcnde kal\u0131c\u0131 ad\u0131mlar\u0131n at\u0131laca\u011f\u0131 kritik bir d\u00f6nem olacakt\u0131r&#8221;<\/p>\n<p>Kurulun kurulmas\u0131n\u0131n ard\u0131ndan ge\u00e7en bir y\u0131ll\u0131k s\u00fcrecin n\u00fcfus meselesinin t\u00fcm kurumlar ve sekt\u00f6rler taraf\u0131ndan birincil \u00f6ncelik ve ortak sorumluluk olarak ele al\u0131nmas\u0131n\u0131n \u00f6nemini a\u00e7\u0131k\u00e7a ortaya koydu\u011funa dikkati \u00e7eken Y\u0131lmaz, &#8220;Demografik de\u011fi\u015fimlerin t\u00fcm \u00fclkeleri derinden etkiledi\u011fi, k\u00fcresel \u00f6l\u00e7ekli bir sorun haline geldi\u011fi bir d\u00f6nemden ge\u00e7iyoruz. \u00dclkemizin g\u00fc\u00e7l\u00fc aile ve g\u00fc\u00e7l\u00fc n\u00fcfus oda\u011f\u0131nda benimsedi\u011fi kararl\u0131 yakla\u015f\u0131m\u0131n \u00f6nemini daha net bir \u015fekilde g\u00f6rebiliyoruz. Keza, aile ve demografik yap\u0131da ya\u015fanan de\u011fi\u015fimler sosyal g\u00fcvenlik sisteminden bak\u0131m hizmetlerine kadar pek \u00e7ok alana do\u011frudan tesir etmektedir. Di\u011fer taraftan g\u00fcn\u00fcm\u00fczde kar\u015f\u0131 kar\u015f\u0131ya oldu\u011fumuz dijital ve k\u00fcresel risklere kar\u015f\u0131 \u00e7ocuklar\u0131, gen\u00e7leri, aile kurumunu ve n\u00fcfus yap\u0131s\u0131n\u0131 ancak b\u00fct\u00fcnc\u00fcl bir yakla\u015f\u0131mla ve \u00e7ok boyutlu bir politika setiyle koruyabiliriz. Bu a\u00e7\u0131dan bak\u0131ld\u0131\u011f\u0131nda n\u00fcfus politikalar\u0131m\u0131zda uzun d\u00f6nemli ve kapsaml\u0131 stratejiler ile hareket edilmesinin son derece \u00f6nemli oldu\u011funun alt\u0131n\u0131 \u00e7izmek isterim. Cumhurba\u015fkan\u0131m\u0131z taraf\u0131ndan 2026-2035 d\u00f6nemini kapsayan y\u0131llar\u0131n &#8216;Aile ve N\u00fcfus On Y\u0131l\u0131&#8217; olarak ilan edilmesi de bu yakla\u015f\u0131m\u0131n a\u00e7\u0131k bir ifadesidir. B\u00f6ylece \u00f6n\u00fcm\u00fczdeki on y\u0131l, toplumun temeli olan aile kurumunun daha da g\u00fc\u00e7lendirilmesi, dinamik ve gen\u00e7 n\u00fcfus yap\u0131m\u0131z\u0131n korunmas\u0131 y\u00f6n\u00fcnde kal\u0131c\u0131 ad\u0131mlar\u0131n at\u0131laca\u011f\u0131 kritik bir d\u00f6nem olacakt\u0131r&#8221; de\u011ferlendirmesinde bulundu.<\/p>\n<p>&#8220;Projeksiyonlar yak\u0131n bir gelecekte n\u00fcfusumuzun \u00f6nemli bir k\u0131sm\u0131n\u0131n 65 ya\u015f ve \u00fczeri ki\u015filerden olu\u015faca\u011f\u0131na i\u015faret ediyor&#8221;<\/p>\n<p>T\u00fcrkiye&#8217;nin 86 milyonu a\u015fan n\u00fcfusla Avrupa&#8217;da birinci s\u0131rada yer almas\u0131na ra\u011fmen demografik bir yol ayr\u0131m\u0131nda oldu\u011funa vurgu yapan Y\u0131lmaz, &#8220;2017&#8217;de 2,08 olan do\u011furganl\u0131k h\u0131z\u0131m\u0131z, 2024 itibar\u0131yla d\u00fcnya ortalamas\u0131 olan 2,25&#8217;in \u00e7ok alt\u0131nda, 1,48 d\u00fczeyindedir. Bu d\u00fc\u015f\u00fc\u015f h\u0131z\u0131yla d\u00fcnyada son 10 y\u0131lda do\u011furganl\u0131k h\u0131z\u0131 en fazla azalan 5&#8217;inci \u00fclke konumunday\u0131z. Gelinen bu nokta; Cumhurba\u015fkan\u0131m\u0131z\u0131n 20 y\u0131l \u00f6nce yapt\u0131\u011f\u0131 &#8216;en az 3 \u00e7ocuk&#8217; \u00e7a\u011fr\u0131s\u0131n\u0131n ne denli hayati bir erken uyar\u0131 ve stratejik bir \u00f6ng\u00f6r\u00fc oldu\u011funu bug\u00fcn \u00e7ok daha net g\u00f6stermektedir. Di\u011fer taraftan 2024 y\u0131l\u0131 itibar\u0131yla \u00fclkemizin ya\u015fl\u0131 n\u00fcfus oran\u0131 10,6 ile tarihsel olarak en y\u00fcksek seviyeye ula\u015f\u0131rken, baz\u0131 illerimizde bu oran y\u00fczde 20&#8217;nin \u00fczerine \u00e7\u0131kmaktad\u0131r. Toplam do\u011furganl\u0131k h\u0131z\u0131n\u0131n 3 \u00e7ocuk ve \u00fczerinde oldu\u011fu il say\u0131s\u0131 2017 y\u0131l\u0131nda 10 iken, 2024 y\u0131l\u0131nda bu d\u00fczeyi yakalayan tek ilimiz \u015eanl\u0131urfa olmu\u015ftur. 2017 y\u0131l\u0131nda toplam do\u011furganl\u0131k h\u0131z\u0131 57 ilde n\u00fcfusun kendini yenileme oran\u0131 olan 2,1&#8217;in alt\u0131nda iken, 2024 y\u0131l\u0131nda bu say\u0131 71&#8217;e y\u00fckselmi\u015ftir. \u00d6zellikle k\u0131rsal b\u00f6lgelerde gen\u00e7 n\u00fcfus kayb\u0131n\u0131n da etkisiyle ya\u015fl\u0131l\u0131k oranlar\u0131 \u00fclke ortalamas\u0131na g\u00f6re \u00e7ok daha y\u00fcksektir. Mevcut senaryo devam etti\u011fi takdirde projeksiyonlar yak\u0131n bir gelecekte n\u00fcfusumuzun \u00f6nemli bir k\u0131sm\u0131n\u0131n 65 ya\u015f ve \u00fczeri ki\u015filerden olu\u015faca\u011f\u0131na i\u015faret ediyor&#8221; a\u00e7\u0131klamas\u0131nda bulundu.<\/p>\n<p>N\u00fcfus politikalar\u0131n\u0131 Cumhurba\u015fkan\u0131 Recep Tayyip Erdo\u011fan&#8217;\u0131n ifadeleriyle &#8216;varolu\u015fsal bir mesele&#8217; olarak g\u00f6rmeye devam ettiklerini kaydeden Y\u0131lmaz, aileyi merkeze alan b\u00fct\u00fcnc\u00fcl bir yakla\u015f\u0131mla ve t\u00fcm kurumlar\u0131n m\u00fc\u015fterek \u00e7abas\u0131yla bu s\u00fcreci tam bir seferberlik ruhu i\u00e7erisinde y\u00fcr\u00fctmeye kararl\u0131 olduklar\u0131n\u0131n alt\u0131n\u0131 \u00e7izdi. &#8211; ANKARA<\/p>\n<div>Kaynak: \u0130hlas Haber Ajans\u0131 \/  Politika <\/div>\n","protected":false},"excerpt":{"rendered":"<p>Cumhurba\u015fkan\u0131 Yard\u0131mc\u0131s\u0131 Cevdet Y\u0131lmaz, &#8220;\u00d6n\u00fcm\u00fczdeki on y\u0131l, toplumun temeli olan aile kurumunun daha da g\u00fc\u00e7lendirilmesi, dinamik ve gen\u00e7 n\u00fcfus yap\u0131m\u0131z\u0131n korunmas\u0131 y\u00f6n\u00fcnde kal\u0131c\u0131 ad\u0131mlar\u0131n at\u0131laca\u011f\u0131 kritik bir d\u00f6nem olacakt\u0131r&#8221; dedi.<\/p>\n","protected":false},"author":1,"featured_media":3229,"comment_status":"open","ping_status":"open","sticky":false,"template":"","format":"standard","meta":{"footnotes":""},"categories":[1],"tags":[250,242,340,339,320],"class_list":["post-3228","post","type-post","status-publish","format-standard","has-post-thumbnail","hentry","category-uncategorized","tag-aile","tag-cocuk","tag-genc","tag-nufus","tag-yilmaz"],"_links":{"self":[{"href":"https:\/\/bihavadis.com\/index.php\/wp-json\/wp\/v2\/posts\/3228","targetHints":{"allow":["GET"]}}],"collection":[{"href":"https:\/\/bihavadis.com\/index.php\/wp-json\/wp\/v2\/posts"}],"about":[{"href":"https:\/\/bihavadis.com\/index.php\/wp-json\/wp\/v2\/types\/post"}],"author":[{"embeddable":true,"href":"https:\/\/bihavadis.com\/index.php\/wp-json\/wp\/v2\/users\/1"}],"replies":[{"embeddable":true,"href":"https:\/\/bihavadis.com\/index.php\/wp-json\/wp\/v2\/comments?post=3228"}],"version-history":[{"count":1,"href":"https:\/\/bihavadis.com\/index.php\/wp-json\/wp\/v2\/posts\/3228\/revisions"}],"predecessor-version":[{"id":3230,"href":"https:\/\/bihavadis.com\/index.php\/wp-json\/wp\/v2\/posts\/3228\/revisions\/3230"}],"wp:featuredmedia":[{"embeddable":true,"href":"https:\/\/bihavadis.com\/index.php\/wp-json\/wp\/v2\/media\/3229"}],"wp:attachment":[{"href":"https:\/\/bihavadis.com\/index.php\/wp-json\/wp\/v2\/media?parent=3228"}],"wp:term":[{"taxonomy":"category","embeddable":true,"href":"https:\/\/bihavadis.com\/index.php\/wp-json\/wp\/v2\/categories?post=3228"},{"taxonomy":"post_tag","embeddable":true,"href":"https:\/\/bihavadis.com\/index.php\/wp-json\/wp\/v2\/tags?post=3228"}],"curies":[{"name":"wp","href":"https:\/\/api.w.org\/{rel}","templated":true}]}}