{"id":32306,"date":"2026-02-14T00:39:06","date_gmt":"2026-02-14T00:39:06","guid":{"rendered":"https:\/\/bihavadis.com\/?p=32306"},"modified":"2026-02-14T00:39:06","modified_gmt":"2026-02-14T00:39:06","slug":"sakrin-azmi-sakatligini-asarak-spor-yapiyor","status":"publish","type":"post","link":"https:\/\/bihavadis.com\/index.php\/2026\/02\/14\/sakrin-azmi-sakatligini-asarak-spor-yapiyor\/","title":{"rendered":"Sakr&#8217;\u0131n Azmi: Sakatl\u0131\u011f\u0131n\u0131 A\u015farak Spor Yap\u0131yor"},"content":{"rendered":"<p> \u0130srail&#8217;in Gazze \u015eeridi&#8217;ne y\u00f6nelik sald\u0131r\u0131lar\u0131 s\u0131ras\u0131nda sa\u011f baca\u011f\u0131n\u0131 kaybeden v\u00fccut geli\u015ftirme antren\u00f6r\u00fc Muhammed Sakr, t\u00fcm zorluklara ra\u011fmen spor tutkusundan vazge\u00e7miyor.<\/p>\n<p>\u0130srail&#8217;in iki y\u0131l boyunca Gazze&#8217;de s\u00fcrd\u00fcrd\u00fc\u011f\u00fc sald\u0131r\u0131larda \u00e7ocuk ve yeti\u015fkin binlerce Gazzeli uzuvlar\u0131n\u0131 kaybederek sakat kald\u0131. Bu insanlar art\u0131k bir yanlar\u0131 eksik olsa da hayata kald\u0131klar\u0131 yerden devam etmeye ve kar\u015f\u0131la\u015ft\u0131klar\u0131 yeni duruma adapte olmaya \u00e7al\u0131\u015f\u0131yor.<\/p>\n<p>Gazze&#8217;nin g\u00fcneyindeki Han Yunus&#8217;ta ya\u015fayan Filistinli antren\u00f6r Sakr, \u0130srail sald\u0131r\u0131s\u0131nda bir baca\u011f\u0131n\u0131 kaybetti ama azmiyle yeniden hayata tutunmay\u0131 ba\u015fard\u0131.<\/p>\n<p>D\u00fczenli aral\u0131klarla spor salonuna giden Sakr, sa\u011fl\u0131kl\u0131 insanlar\u0131n bile yapmakta zorland\u0131klar\u0131 hareketleri hi\u00e7 zorlanmadan yap\u0131yor. Tek baca\u011f\u0131 olmas\u0131na ra\u011fmen ip atl\u0131yor ve v\u00fccudunun \u00fcst b\u00f6l\u00fcm\u00fcndeki kaslar\u0131n\u0131 \u00e7al\u0131\u015ft\u0131rmak i\u00e7in egzersizler yap\u0131yor.<\/p>\n<p>Sakr, spor salonunda sadece spor yapmakla kalm\u0131yor, antren\u00f6rl\u00fc\u011fe devam ediyor ve kendisiyle ayn\u0131 kaderi payla\u015fan ki\u015filerin rehabilitasyon s\u00fcrecine de destek oluyor.<\/p>\n<p>Baca\u011f\u0131n\u0131 kaybetmesi onu spordan koparamad\u0131<\/p>\n<p>Spor salonunun kad\u0131n ve erkekler i\u00e7in olmak \u00fczere 2 farkl\u0131 binadan olu\u015ftu\u011funu kaydeden Sakr, erkekler i\u00e7in olan binan\u0131n sald\u0131r\u0131larda y\u0131k\u0131ld\u0131\u011f\u0131n\u0131 ve i\u00e7indeki spor ekipmanlar\u0131n\u0131n da kullan\u0131lamaz hale geldi\u011fini, kad\u0131nlar i\u00e7in olan binan\u0131n da y\u00fczde 50 oran\u0131nda zarar g\u00f6rd\u00fc\u011f\u00fcn\u00fc aktard\u0131.<\/p>\n<p>Sakr, spor salonunu ve aletleri imkanlar elverdi\u011fi \u00f6l\u00e7\u00fcde onarmaya \u00e7al\u0131\u015ft\u0131klar\u0131n\u0131 ve y\u00fczde 50&#8217;si kullan\u0131labilir vaziyetteki binada bulunan alet ve ekipmanlar\u0131 \u00e7\u0131kar\u0131p di\u011fer binaya ta\u015f\u0131d\u0131klar\u0131n\u0131 dile getirdi.<\/p>\n<p>Onard\u0131klar\u0131 binan\u0131n daha sonra tekrar sald\u0131r\u0131ya hedef oldu\u011funu ve kendisinin de bu son sald\u0131r\u0131larda baca\u011f\u0131n\u0131 kaybetti\u011fini ifade eden Sakr, &#8220;Hastaneden taburcu olduktan sonra yeniden spor salonuna geldim ve b\u00fcy\u00fck bir azimle ya\u015fad\u0131\u011f\u0131m bu sakatl\u0131\u011fa adapte olmaya \u00e7al\u0131\u015ft\u0131m. Engelim beni durduramad\u0131. Yeniden binay\u0131 onard\u0131k ve yeniden spora ve antren\u00f6rl\u00fc\u011fe d\u00f6nd\u00fcm.&#8221; diye konu\u015ftu.<\/p>\n<p>&#8220;Uzvunu kaybetsen de hayat devam ediyor&#8221;<\/p>\n<p>Sakr, a\u011f\u0131r ko\u015fullara ra\u011fmen azimle daha \u00e7ok \u00e7al\u0131\u015fmaya devam etti\u011fini belirtti ve &#8220;Baca\u011f\u0131m\u0131 kaybetmi\u015f olmam spor yapmama ve antren\u00f6rl\u00fc\u011fe devam etmeme engel olmad\u0131.&#8221; dedi.<\/p>\n<p>&#8220;Bedeninden bir uzvu kaybetmi\u015f olsan da hayat devam ediyor.&#8221; diyen Sakr, hala antren\u00f6rl\u00fc\u011fe devam etti\u011fini, \u0130srail sald\u0131r\u0131lar\u0131nda yaralan\u0131p engelli kalan pek \u00e7ok gencin rehabilitasyonuna destek oldu\u011funu ve g\u00fcnl\u00fck hayatla ilgili onlara nasihat verdi\u011fini s\u00f6zlerine ekledi.<\/p>\n","protected":false},"excerpt":{"rendered":"<p>V\u00fccut geli\u015ftirme antren\u00f6r\u00fc Muhammed Sakr, baca\u011f\u0131n\u0131 kaybetmesine ra\u011fmen spor tutkusunu s\u00fcrd\u00fcr\u00fcyor.<\/p>\n","protected":false},"author":1,"featured_media":32307,"comment_status":"open","ping_status":"open","sticky":false,"template":"","format":"standard","meta":{"footnotes":""},"categories":[14],"tags":[4898,4296,1276,440],"class_list":["post-32306","post","type-post","status-publish","format-standard","has-post-thumbnail","hentry","category-spor","tag-antrenor","tag-bacagi","tag-hayat","tag-spor"],"_links":{"self":[{"href":"https:\/\/bihavadis.com\/index.php\/wp-json\/wp\/v2\/posts\/32306","targetHints":{"allow":["GET"]}}],"collection":[{"href":"https:\/\/bihavadis.com\/index.php\/wp-json\/wp\/v2\/posts"}],"about":[{"href":"https:\/\/bihavadis.com\/index.php\/wp-json\/wp\/v2\/types\/post"}],"author":[{"embeddable":true,"href":"https:\/\/bihavadis.com\/index.php\/wp-json\/wp\/v2\/users\/1"}],"replies":[{"embeddable":true,"href":"https:\/\/bihavadis.com\/index.php\/wp-json\/wp\/v2\/comments?post=32306"}],"version-history":[{"count":1,"href":"https:\/\/bihavadis.com\/index.php\/wp-json\/wp\/v2\/posts\/32306\/revisions"}],"predecessor-version":[{"id":32308,"href":"https:\/\/bihavadis.com\/index.php\/wp-json\/wp\/v2\/posts\/32306\/revisions\/32308"}],"wp:featuredmedia":[{"embeddable":true,"href":"https:\/\/bihavadis.com\/index.php\/wp-json\/wp\/v2\/media\/32307"}],"wp:attachment":[{"href":"https:\/\/bihavadis.com\/index.php\/wp-json\/wp\/v2\/media?parent=32306"}],"wp:term":[{"taxonomy":"category","embeddable":true,"href":"https:\/\/bihavadis.com\/index.php\/wp-json\/wp\/v2\/categories?post=32306"},{"taxonomy":"post_tag","embeddable":true,"href":"https:\/\/bihavadis.com\/index.php\/wp-json\/wp\/v2\/tags?post=32306"}],"curies":[{"name":"wp","href":"https:\/\/api.w.org\/{rel}","templated":true}]}}