{"id":32340,"date":"2026-02-14T01:09:04","date_gmt":"2026-02-14T01:09:04","guid":{"rendered":"https:\/\/bihavadis.com\/?p=32340"},"modified":"2026-02-14T01:09:04","modified_gmt":"2026-02-14T01:09:04","slug":"cumhurbaskani-erdoganin-cagrisina-ilk-yanit-baskan-sandikcidan","status":"publish","type":"post","link":"https:\/\/bihavadis.com\/index.php\/2026\/02\/14\/cumhurbaskani-erdoganin-cagrisina-ilk-yanit-baskan-sandikcidan\/","title":{"rendered":"Cumhurba\u015fkan\u0131 Erdo\u011fan&#8217;\u0131n \u00c7a\u011fr\u0131s\u0131na \u0130lk Yan\u0131t Ba\u015fkan Sand\u0131k\u00e7\u0131&#8217;dan"},"content":{"rendered":"<p>Cumhurba\u015fkan\u0131 Recep Tayyip Erdo\u011fan&#8217;\u0131n Ramazan ay\u0131 \u00e7a\u011fr\u0131s\u0131na ilk yan\u0131t Canik Belediye Ba\u015fkan\u0131 \u0130brahim Sand\u0131k\u00e7\u0131&#8217;dan geldi. Ba\u015fkan \u0130brahim Sand\u0131k\u00e7\u0131, Ramazan ay\u0131nda s\u0131cak yemek ve Ramazan kolisi ba\u015fta olmak \u00fczere ayni ve nakdi destekleri kesintisiz bir \u015fekilde s\u00fcrd\u00fcrd\u00fcklerini s\u00f6yledi.\u00a0<br \/>Cumhurba\u015fkan\u0131 Recep Tayyip Erdo\u011fan&#8217;\u0131n &#8220;Ramazan-\u0131 \u015eerif&#8217;te tenceresi kaynamayan tek bir ev kalmas\u0131n&#8221; \u00e7a\u011fr\u0131s\u0131na ilk yan\u0131t Ba\u015fkan \u0130brahim Sand\u0131k\u00e7\u0131&#8217;dan geldi. \u0130l\u00e7edeki ihtiya\u00e7 sahibi ve dar gelirli aileler ile \u00f6zel gereksinimli vatanda\u015flara y\u00f6nelik sosyal destek \u00e7al\u0131\u015fmalar\u0131na ara vermeden devam ettiklerini ifade eden Ba\u015fkan \u0130brahim Sand\u0131k\u00e7\u0131, sosyal destek \u00e7al\u0131\u015fmalar\u0131n\u0131 b\u00fcy\u00fck bir hassasiyetle s\u00fcrd\u00fcrd\u00fcklerini belirtti.\u00a0<\/p>\n<p>Canik&#8217;te g\u00f6n\u00fcllere ula\u015fmaya devam ettiklerini ve hi\u00e7bir vatanda\u015f\u0131 yaln\u0131z b\u0131rakmad\u0131klar\u0131n\u0131 dile getiren Ba\u015fkan \u0130brahim Sand\u0131k\u00e7\u0131, &#8220;Canik&#8217;imizde hi\u00e7bir g\u00f6nl\u00fc yaln\u0131z b\u0131rakm\u0131yoruz. Cumhurba\u015fkan\u0131m\u0131z Say\u0131n Recep Tayyip Erdo\u011fan&#8217;\u0131n \u2018Ramazan-\u0131 \u015eerif&#8217;te tenceresi kaynamayan tek bir ev kalmas\u0131n\u2019 \u00e7a\u011fr\u0131s\u0131n\u0131 rehber ediniyor, her zaman oldu\u011fu gibi bu Ramazan ay\u0131nda da s\u0131cak yemek ve Ramazan kolisi ba\u015fta olmak \u00fczere ayni ve nakdi sosyal desteklerimizi kesintisiz bir \u015fekilde s\u00fcrd\u00fcr\u00fcyoruz. Canik&#8217;imizde kap\u0131 kap\u0131, sokak sokak dola\u015f\u0131yor, karde\u015flik iklimi ve birliktelikle g\u00f6n\u00fcllere ula\u015f\u0131yoruz&#8221; ifadelerinde bulundu.\u00a0<\/p>\n<p>Ba\u015fkan Sand\u0131k\u00e7\u0131, il\u00e7edeki ihtiya\u00e7 sahibi ve dar gelirli aileler ile \u00f6zel gereksinimli vatanda\u015flar\u0131n ihtiya\u00e7 takiplerini d\u00fczenli olarak ger\u00e7ekle\u015ftirdiklerini, t\u00fcm ihtiya\u00e7 \u00fcr\u00fcnlerini haz\u0131rlayarak kendilerine ula\u015ft\u0131rmaya devam ettiklerini s\u00f6zlerine ekledi.<\/p>\n<p>\u00a0<\/p>\n<p>Kaynak: (BYZHA) Beyaz Haber Ajans\u0131<\/p>\n","protected":false},"excerpt":{"rendered":"<p>Cumhurba\u015fkan\u0131 Recep Tayyip Erdo\u011fan&#8217;\u0131n Ramazan ay\u0131 \u00e7a\u011fr\u0131s\u0131na ilk yan\u0131t Canik Belediye Ba\u015fkan\u0131 \u0130brahim Sand\u0131k\u00e7\u0131&#8217;dan geldi. Ba\u015fkan \u0130brahim Sand\u0131k\u00e7\u0131, Ramazan ay\u0131nda s\u0131cak yemek ve Ramazan kolisi ba\u015fta olmak \u00fczere ayni ve nakdi destekleri kesintisiz bir \u015fekilde s\u00fcrd\u00fcrd\u00fcklerini s\u00f6yledi.\u00a0<\/p>\n","protected":false},"author":1,"featured_media":32341,"comment_status":"open","ping_status":"open","sticky":false,"template":"","format":"standard","meta":{"footnotes":""},"categories":[4],"tags":[516,2132,2714],"class_list":["post-32340","post","type-post","status-publish","format-standard","has-post-thumbnail","hentry","category-gundem","tag-baskan","tag-ibrahim","tag-ramazan"],"_links":{"self":[{"href":"https:\/\/bihavadis.com\/index.php\/wp-json\/wp\/v2\/posts\/32340","targetHints":{"allow":["GET"]}}],"collection":[{"href":"https:\/\/bihavadis.com\/index.php\/wp-json\/wp\/v2\/posts"}],"about":[{"href":"https:\/\/bihavadis.com\/index.php\/wp-json\/wp\/v2\/types\/post"}],"author":[{"embeddable":true,"href":"https:\/\/bihavadis.com\/index.php\/wp-json\/wp\/v2\/users\/1"}],"replies":[{"embeddable":true,"href":"https:\/\/bihavadis.com\/index.php\/wp-json\/wp\/v2\/comments?post=32340"}],"version-history":[{"count":1,"href":"https:\/\/bihavadis.com\/index.php\/wp-json\/wp\/v2\/posts\/32340\/revisions"}],"predecessor-version":[{"id":32342,"href":"https:\/\/bihavadis.com\/index.php\/wp-json\/wp\/v2\/posts\/32340\/revisions\/32342"}],"wp:featuredmedia":[{"embeddable":true,"href":"https:\/\/bihavadis.com\/index.php\/wp-json\/wp\/v2\/media\/32341"}],"wp:attachment":[{"href":"https:\/\/bihavadis.com\/index.php\/wp-json\/wp\/v2\/media?parent=32340"}],"wp:term":[{"taxonomy":"category","embeddable":true,"href":"https:\/\/bihavadis.com\/index.php\/wp-json\/wp\/v2\/categories?post=32340"},{"taxonomy":"post_tag","embeddable":true,"href":"https:\/\/bihavadis.com\/index.php\/wp-json\/wp\/v2\/tags?post=32340"}],"curies":[{"name":"wp","href":"https:\/\/api.w.org\/{rel}","templated":true}]}}