{"id":32399,"date":"2026-02-14T02:03:08","date_gmt":"2026-02-14T02:03:08","guid":{"rendered":"https:\/\/bihavadis.com\/?p=32399"},"modified":"2026-02-14T02:03:08","modified_gmt":"2026-02-14T02:03:08","slug":"vincenzo-montelladan-juventusa-ziyaret","status":"publish","type":"post","link":"https:\/\/bihavadis.com\/index.php\/2026\/02\/14\/vincenzo-montelladan-juventusa-ziyaret\/","title":{"rendered":"Vincenzo Montella&#8217;dan Juventus&#8217;a ziyaret"},"content":{"rendered":"<p>A Milli Futbol Tak\u0131m\u0131 Teknik Direkt\u00f6r\u00fc Vincenzo Montella, \u0130talya&#8217;daki kul\u00fcp ziyaretlerine Juventus ile devam etti.<\/p>\n<p>T\u00fcrkiye Futbol Federasyonu&#8217;ndan yap\u0131lan a\u00e7\u0131klamaya g\u00f6re Juventus&#8217;un Torino kentindeki tesislerine giden Montella, kul\u00fcb\u00fcn sportif direkt\u00f6r\u00fc Marco Ottolini, futbol stratejisi direkt\u00f6r\u00fc Giorgio Chiellini, teknik direkt\u00f6r Luciano Spalletti ile ekibi ve A Milli Tak\u0131m oyuncusu Kenan Y\u0131ld\u0131z&#8217;la bir araya geldi.<\/p>\n<p><strong>RUSSO VE POLINA DA KATILDI<\/strong><\/p>\n<p>\u0130talyan teknik adam\u0131n Juventus ziyaretinde A Milli Tak\u0131m Yard\u0131mc\u0131 Antren\u00f6r\u00fc Daniele Russo ile Atletik Performans Antren\u00f6r\u00fc Pierpaolo Polino da yer ald\u0131.<\/p>\n<p>\u00dc\u00e7 isim, daha sonra da tak\u0131m\u0131n antrenman\u0131n\u0131 izledi.<\/p>\n<p>Montella, Russo ve Polino, yar\u0131n da Inter Kul\u00fcb\u00fcn\u00fc ziyaret edecek.<\/p>\n<p><img decoding=\"async\" src=\"https:\/\/bihavadis.com\/wp-content\/uploads\/2026\/02\/vincenzo-montelladan-juventusa-ziyaret-0-XFCf5lgK.jpg\"\/><\/p>\n<p><img decoding=\"async\" src=\"https:\/\/bihavadis.com\/wp-content\/uploads\/2026\/02\/vincenzo-montelladan-juventusa-ziyaret-1-fdMdU3C6.jpg\"\/><\/p>\n<p><img decoding=\"async\" src=\"https:\/\/bihavadis.com\/wp-content\/uploads\/2026\/02\/vincenzo-montelladan-juventusa-ziyaret-2-QGeJFiDz.jpg\"\/><\/p>\n<p><img decoding=\"async\" src=\"https:\/\/bihavadis.com\/wp-content\/uploads\/2026\/02\/vincenzo-montelladan-juventusa-ziyaret-3-PuHqDB5v.jpg\"\/><\/p>\n<p><img decoding=\"async\" src=\"https:\/\/bihavadis.com\/wp-content\/uploads\/2026\/02\/vincenzo-montelladan-juventusa-ziyaret-4-iMJwiNwg.jpg\"\/><\/p>\n","protected":false},"excerpt":{"rendered":"<p>Juventus&#8217;un tesislerine giden A Milli Futbol Tak\u0131m\u0131 Teknik Direkt\u00f6r\u00fc Vincenzo Montella, Kenan Y\u0131ld\u0131z&#8217;la bir araya geldi.<\/p>\n","protected":false},"author":1,"featured_media":32400,"comment_status":"open","ping_status":"open","sticky":false,"template":"","format":"standard","meta":{"footnotes":""},"categories":[14],"tags":[],"class_list":["post-32399","post","type-post","status-publish","format-standard","has-post-thumbnail","hentry","category-spor"],"_links":{"self":[{"href":"https:\/\/bihavadis.com\/index.php\/wp-json\/wp\/v2\/posts\/32399","targetHints":{"allow":["GET"]}}],"collection":[{"href":"https:\/\/bihavadis.com\/index.php\/wp-json\/wp\/v2\/posts"}],"about":[{"href":"https:\/\/bihavadis.com\/index.php\/wp-json\/wp\/v2\/types\/post"}],"author":[{"embeddable":true,"href":"https:\/\/bihavadis.com\/index.php\/wp-json\/wp\/v2\/users\/1"}],"replies":[{"embeddable":true,"href":"https:\/\/bihavadis.com\/index.php\/wp-json\/wp\/v2\/comments?post=32399"}],"version-history":[{"count":1,"href":"https:\/\/bihavadis.com\/index.php\/wp-json\/wp\/v2\/posts\/32399\/revisions"}],"predecessor-version":[{"id":32406,"href":"https:\/\/bihavadis.com\/index.php\/wp-json\/wp\/v2\/posts\/32399\/revisions\/32406"}],"wp:featuredmedia":[{"embeddable":true,"href":"https:\/\/bihavadis.com\/index.php\/wp-json\/wp\/v2\/media\/32400"}],"wp:attachment":[{"href":"https:\/\/bihavadis.com\/index.php\/wp-json\/wp\/v2\/media?parent=32399"}],"wp:term":[{"taxonomy":"category","embeddable":true,"href":"https:\/\/bihavadis.com\/index.php\/wp-json\/wp\/v2\/categories?post=32399"},{"taxonomy":"post_tag","embeddable":true,"href":"https:\/\/bihavadis.com\/index.php\/wp-json\/wp\/v2\/tags?post=32399"}],"curies":[{"name":"wp","href":"https:\/\/api.w.org\/{rel}","templated":true}]}}