{"id":32410,"date":"2026-02-14T02:09:04","date_gmt":"2026-02-14T02:09:04","guid":{"rendered":"https:\/\/bihavadis.com\/?p=32410"},"modified":"2026-02-14T02:09:04","modified_gmt":"2026-02-14T02:09:04","slug":"luleburgazli-mertten-uluslararasi-basari","status":"publish","type":"post","link":"https:\/\/bihavadis.com\/index.php\/2026\/02\/14\/luleburgazli-mertten-uluslararasi-basari\/","title":{"rendered":"L\u00fcleburgazl\u0131 Mert&#8217;ten uluslararas\u0131 ba\u015far\u0131!"},"content":{"rendered":"<p><span><span><span>L\u00fcleburgaz Belediyesi Gen\u00e7lik Korosu \u00fcyesi Mert Serter, kat\u0131ld\u0131\u011f\u0131 Bach International Music Competition kapsam\u0131nda d\u00fczenlenen piyano yar\u0131\u015fmas\u0131nda kendi ya\u015f grubunda 3\u2019\u00fcnc\u00fcl\u00fck elde etti. <\/span><\/span><\/span><\/p>\n<p><span><span><span>L\u00fcleburgaz Belediyesi sanat\u0131n ve sanat\u00e7\u0131n\u0131n yan\u0131nda olmaya devam ediyor. Ge\u00e7ti\u011fimiz hafta <\/span><\/span><\/span><\/p>\n<p><span><span><span>L\u00fcleburgaz Belediyesi Gen\u00e7lik Korosu ve \u00c7oksesli \u00c7ocuk Korosu \u00fcyelerinden Zeynep Ece Kaplan, Ada Kurt ve Bu\u011flem Asel Y\u00fcksel, kat\u0131ld\u0131klar\u0131 uluslararas\u0131 yar\u0131\u015fmalarda derece elde etmesinin ard\u0131ndan bu hafta da bir ba\u015far\u0131 haberi Gen\u00e7lik Korosu \u00fcyesi Mert Serter\u2019den geldi. Serter, Polonya\u2019n\u0131n Gdansk kentinde bulunan Bach International Music Competition kapsam\u0131nda d\u00fczenlenen piyano yar\u0131\u015fmas\u0131nda kendi ya\u015f grubunda 3\u2019\u00fcnc\u00fcl\u00fck derecesi elde etti. <\/span><\/span><\/span><\/p>\n<p><span><span><b><span>\u201cBa\u015far\u0131ya giden yolda disiplin etkeni\u201d<\/span><\/b><\/span><\/span><\/p>\n<p><span><span><span>L\u00fcleburgaz Belediyesi korolar\u0131n\u0131n \u00fcyeleri olan Mert Serter, Zeynep Ece Kaplan, Ada Kurt, Bu\u011flem Asel Y\u00fcksel ve daha nice ba\u015far\u0131l\u0131 gencin kat\u0131ld\u0131klar\u0131 uluslararas\u0131 organizasyonlardan ba\u015far\u0131yla d\u00f6nmesinin en b\u00fcy\u00fck etkenlerinden birisi ise korolar\u0131n y\u00fcksek disiplin bilinciyle \u00e7al\u0131\u015fmas\u0131ndan kaynaklan\u0131yor. Levent Da\u011f\u2019\u0131n korrepetit\u00f6rl\u00fc\u011f\u00fcnde ve Burcu \u015eim\u015fek Da\u011f\u2019\u0131n \u015fefli\u011finde e\u011fitimlerini alan \u00e7ocuk ve gen\u00e7ler, sanat\u0131n ayd\u0131nlatt\u0131\u011f\u0131 yolda ayd\u0131nl\u0131k yar\u0131nlara y\u00fcr\u00fcyor. <\/span><\/span><\/span><\/p>\n<p><span><span><b><span>L\u00fcleburgaz Belediyesi sanat\u00e7\u0131n\u0131n yan\u0131nda!<\/span><\/b><\/span><\/span><\/p>\n<p><span><span><span>L\u00fcleburgaz Belediyesi\u2019nin, kat\u0131ld\u0131klar\u0131 ulusal ve uluslararas\u0131 organizasyonlarda ba\u015far\u0131dan ba\u015far\u0131ya ko\u015fan Sevgi, \u00c7oksesli \u00c7ocuk ve Gen\u00e7lik Korolar\u0131 kenti gururland\u0131rmaya devam ederken L\u00fcleburgaz Belediyesi sanat\u0131n ve sanat\u00e7\u0131n\u0131n yan\u0131nda olmaya devam edecek.<\/span><\/span><\/span><\/p>\n<p>\u00a0<\/p>\n<p>\u00a0<\/p>\n<p>Kaynak: (BYZHA) Beyaz Haber Ajans\u0131<\/p>\n","protected":false},"excerpt":{"rendered":"<p>L\u00fcleburgaz Belediyesi Gen\u00e7lik Korosu \u00fcyesi Mert Serter, kat\u0131ld\u0131\u011f\u0131 Bach International Music Competition kapsam\u0131nda d\u00fczenlenen piyano yar\u0131\u015fmas\u0131nda kendi ya\u015f grubunda 3\u2019\u00fcnc\u00fcl\u00fck elde etti.<\/p>\n","protected":false},"author":1,"featured_media":32411,"comment_status":"open","ping_status":"open","sticky":false,"template":"","format":"standard","meta":{"footnotes":""},"categories":[14],"tags":[688,4905],"class_list":["post-32410","post","type-post","status-publish","format-standard","has-post-thumbnail","hentry","category-spor","tag-basari","tag-luleburgaz-belediyesi"],"_links":{"self":[{"href":"https:\/\/bihavadis.com\/index.php\/wp-json\/wp\/v2\/posts\/32410","targetHints":{"allow":["GET"]}}],"collection":[{"href":"https:\/\/bihavadis.com\/index.php\/wp-json\/wp\/v2\/posts"}],"about":[{"href":"https:\/\/bihavadis.com\/index.php\/wp-json\/wp\/v2\/types\/post"}],"author":[{"embeddable":true,"href":"https:\/\/bihavadis.com\/index.php\/wp-json\/wp\/v2\/users\/1"}],"replies":[{"embeddable":true,"href":"https:\/\/bihavadis.com\/index.php\/wp-json\/wp\/v2\/comments?post=32410"}],"version-history":[{"count":1,"href":"https:\/\/bihavadis.com\/index.php\/wp-json\/wp\/v2\/posts\/32410\/revisions"}],"predecessor-version":[{"id":32412,"href":"https:\/\/bihavadis.com\/index.php\/wp-json\/wp\/v2\/posts\/32410\/revisions\/32412"}],"wp:featuredmedia":[{"embeddable":true,"href":"https:\/\/bihavadis.com\/index.php\/wp-json\/wp\/v2\/media\/32411"}],"wp:attachment":[{"href":"https:\/\/bihavadis.com\/index.php\/wp-json\/wp\/v2\/media?parent=32410"}],"wp:term":[{"taxonomy":"category","embeddable":true,"href":"https:\/\/bihavadis.com\/index.php\/wp-json\/wp\/v2\/categories?post=32410"},{"taxonomy":"post_tag","embeddable":true,"href":"https:\/\/bihavadis.com\/index.php\/wp-json\/wp\/v2\/tags?post=32410"}],"curies":[{"name":"wp","href":"https:\/\/api.w.org\/{rel}","templated":true}]}}