{"id":32419,"date":"2026-02-14T02:15:07","date_gmt":"2026-02-14T02:15:07","guid":{"rendered":"https:\/\/bihavadis.com\/?p=32419"},"modified":"2026-02-14T02:15:07","modified_gmt":"2026-02-14T02:15:07","slug":"6-subat-depremlerinin-ucuncu-yili-depremde-arilarini-kaybeden-arici-devlet-destegiyle-uretimini-surdurdu","status":"publish","type":"post","link":"https:\/\/bihavadis.com\/index.php\/2026\/02\/14\/6-subat-depremlerinin-ucuncu-yili-depremde-arilarini-kaybeden-arici-devlet-destegiyle-uretimini-surdurdu\/","title":{"rendered":"6 \u015eUBAT DEPREMLER\u0130N\u0130N \u00dc\u00c7\u00dcNC\u00dc YILI &#8211; Depremde ar\u0131lar\u0131n\u0131 kaybeden ar\u0131c\u0131, devlet deste\u011fiyle \u00fcretimini s\u00fcrd\u00fcrd\u00fc"},"content":{"rendered":"<p> Kahramanmara\u015f&#8217;ta 6 \u015eubat 2023&#8217;teki depremlerde ar\u0131lar\u0131 telef olan ar\u0131c\u0131 Ramazan Say, Tar\u0131m ve Orman Bakanl\u0131\u011f\u0131nca sa\u011flanan hibeli kovan ve besleme destekleri sayesinde bal \u00fcretimini s\u00fcrd\u00fcr\u00fcyor.<\/p>\n<p>Oniki\u015fubat il\u00e7esi Av\u015far Mahallesi&#8217;ndeki ar\u0131l\u0131\u011f\u0131ndaki kovanlar\u0131ndan 76&#8217;s\u0131 depremde hasar g\u00f6ren ar\u0131c\u0131 Ramazan Say&#8217;\u0131n sars\u0131nt\u0131 s\u0131ras\u0131nda kapaklar\u0131 a\u00e7\u0131lan kovanlardaki ar\u0131lar\u0131, etkili olan so\u011fuk hava ve don nedeniyle telef oldu.<\/p>\n<p>Depremden sonra Tar\u0131m ve Orman Bakanl\u0131\u011f\u0131 koordinesinde y\u00fcr\u00fct\u00fclen destekleme \u00e7al\u0131\u015fmalar\u0131 kapsam\u0131nda yap\u0131lan hasar tespitlerinin tamamlanmas\u0131n\u0131n ard\u0131ndan, kullan\u0131lamaz hale gelen kovanlar\u0131n\u0131n tamam\u0131 y\u00fczde 100 hibeli \u015fekilde ar\u0131l\u0131 olarak teslim edilen Ramazan Say, \u00fcretime yeniden ba\u015flad\u0131.<\/p>\n<p>Daha \u00f6nce sadece bal \u00fcreten Say, \u015fimdi ise bal \u00fcretiminin yan\u0131 s\u0131ra ana ar\u0131 ve ar\u0131 s\u00fct\u00fc \u00fcretimine de ge\u00e7erek \u00fcretim yelpazesini geni\u015fletti.<\/p>\n<p>Ramazan Say, AA muhabirine, desteklerle deprem \u00f6ncesinden daha iyi duruma geldi\u011fini s\u00f6yledi.<\/p>\n<p>Depremlerde kovanlar\u0131nda ya\u015fad\u0131\u011f\u0131 kayb\u0131 ve sonras\u0131nda ald\u0131\u011f\u0131 destekleri anlatan Say, \u015f\u00f6yle konu\u015ftu: <\/p>\n<p>&#8220;B\u00fcy\u00fck bir deprem ya\u015fad\u0131k. 250 kovan\u0131mdan 76&#8217;s\u0131 hasar g\u00f6rd\u00fc. Deprem s\u0131ras\u0131nda kovanlar\u0131n kapaklar\u0131 a\u00e7\u0131ld\u0131 ve o g\u00fcn hava \u00e7ok so\u011fuktu, don etkiliydi. Kapaklar\u0131 a\u00e7\u0131lm\u0131\u015f kovanlardaki ar\u0131lar\u0131n tamam\u0131 telef oldu. Afetin hemen ard\u0131ndan hasar g\u00f6ren kovanlar tespit edildi ve y\u0131k\u0131lan kovanlar\u0131m ile telef olan ar\u0131lar\u0131m kadar destek verildi. Toplamda 76 kovan\u0131mdaki ar\u0131lar\u0131m telef olmu\u015ftu. Devletimiz ayr\u0131ca toplam kovan say\u0131m\u0131z\u0131 dikkate alarak ar\u0131lar\u0131m\u0131z i\u00e7in \u015feker deste\u011finde de bulundu.&#8221;<\/p>\n<p>Devletin \u00fcreticileri hi\u00e7bir zaman yaln\u0131z b\u0131rakmad\u0131\u011f\u0131n\u0131 vurgulayan Say, desteklerin s\u00fcrd\u00fc\u011f\u00fcn\u00fc belirterek, &#8220;Ge\u00e7ti\u011fimiz g\u00fcnlerde ar\u0131c\u0131l\u0131k destekleme program\u0131ndan da faydaland\u0131m. \u015eimdi ar\u0131lar\u0131m\u0131z\u0131 desteklemek i\u00e7in gerekli olan ar\u0131 kekleri ve besleme \u00fcr\u00fcnlerini temin ederek kovanlara koyaca\u011f\u0131z.&#8221; dedi.<\/p>\n<p>Ald\u0131\u011f\u0131 desteklerle depremde ya\u015fad\u0131\u011f\u0131 kayb\u0131 telafi etti\u011fini belirten Say, \u015funlar\u0131 kaydetti: <\/p>\n<p>&#8220;Devlet deste\u011fiyle depremde ya\u015fad\u0131\u011f\u0131m ar\u0131 kayb\u0131 tamamen kapand\u0131. \u00c7ok \u015f\u00fck\u00fcr iyi durumday\u0131z. Ana ar\u0131 \u00fcretimine ba\u015flad\u0131m, ar\u0131 s\u00fct\u00fc \u00fcretiyorum. Fazla kovanlar\u0131m\u0131 yeni ar\u0131c\u0131l\u0131\u011fa ba\u015flayan \u00fcreticilere veriyorum. \u00dcretti\u011fim ballar\u0131 da \u00e7evreme ve talep edenlere sat\u0131yorum. Yakla\u015f\u0131k 30 y\u0131ld\u0131r ar\u0131c\u0131l\u0131k yap\u0131yorum. Devletimizin \u00fcreticilere verdi\u011fi destekler artt\u0131. Ba\u015fta Cumhurba\u015fkan\u0131m\u0131z Recep Tayyip Erdo\u011fan olmak \u00fczere eme\u011fi ge\u00e7en herkesten Allah raz\u0131 olsun.&#8221;<\/p>\n<p>K\u0131\u015f d\u00f6neminde ar\u0131lar\u0131n durumunu d\u00fczenli olarak kontrol etti\u011fini dile getiren Say, &#8220;\u015eu anda k\u0131\u015f d\u00f6nemindeyiz. Ara s\u0131ra gelip uykuda olan ar\u0131lar\u0131m\u0131 kontrol ediyorum. Havalar \u0131s\u0131nmaya ba\u015flay\u0131nca, \u015fubat ay\u0131nda badem \u00e7i\u00e7ekleri a\u00e7t\u0131\u011f\u0131nda ar\u0131lar\u0131m\u0131z hareketlenmeye ba\u015flar. May\u0131s ay\u0131na kadar buraya gelerek ar\u0131lar\u0131n bak\u0131mlar\u0131n\u0131 yap\u0131yor, keklerini veriyorum.&#8221; ifadelerini kulland\u0131.<\/p>\n","protected":false},"excerpt":{"rendered":"<p>Kahramanmara\u015f&#8217;ta 6 \u015eubat 2023&#8217;teki depremlerde ar\u0131lar\u0131 telef olan ar\u0131c\u0131 Ramazan Say, Tar\u0131m ve Orman Bakanl\u0131\u011f\u0131nca sa\u011flanan hibeli kovan ve besleme destekleri sayesinde bal \u00fcretimini s\u00fcrd\u00fcr\u00fcyor.<\/p>\n","protected":false},"author":1,"featured_media":32420,"comment_status":"open","ping_status":"open","sticky":false,"template":"","format":"standard","meta":{"footnotes":""},"categories":[8],"tags":[342,60,498,343,4906],"class_list":["post-32419","post","type-post","status-publish","format-standard","has-post-thumbnail","hentry","category-ekonomi","tag-ari","tag-deprem","tag-destek","tag-kovan","tag-say"],"_links":{"self":[{"href":"https:\/\/bihavadis.com\/index.php\/wp-json\/wp\/v2\/posts\/32419","targetHints":{"allow":["GET"]}}],"collection":[{"href":"https:\/\/bihavadis.com\/index.php\/wp-json\/wp\/v2\/posts"}],"about":[{"href":"https:\/\/bihavadis.com\/index.php\/wp-json\/wp\/v2\/types\/post"}],"author":[{"embeddable":true,"href":"https:\/\/bihavadis.com\/index.php\/wp-json\/wp\/v2\/users\/1"}],"replies":[{"embeddable":true,"href":"https:\/\/bihavadis.com\/index.php\/wp-json\/wp\/v2\/comments?post=32419"}],"version-history":[{"count":1,"href":"https:\/\/bihavadis.com\/index.php\/wp-json\/wp\/v2\/posts\/32419\/revisions"}],"predecessor-version":[{"id":32421,"href":"https:\/\/bihavadis.com\/index.php\/wp-json\/wp\/v2\/posts\/32419\/revisions\/32421"}],"wp:featuredmedia":[{"embeddable":true,"href":"https:\/\/bihavadis.com\/index.php\/wp-json\/wp\/v2\/media\/32420"}],"wp:attachment":[{"href":"https:\/\/bihavadis.com\/index.php\/wp-json\/wp\/v2\/media?parent=32419"}],"wp:term":[{"taxonomy":"category","embeddable":true,"href":"https:\/\/bihavadis.com\/index.php\/wp-json\/wp\/v2\/categories?post=32419"},{"taxonomy":"post_tag","embeddable":true,"href":"https:\/\/bihavadis.com\/index.php\/wp-json\/wp\/v2\/tags?post=32419"}],"curies":[{"name":"wp","href":"https:\/\/api.w.org\/{rel}","templated":true}]}}