{"id":32430,"date":"2026-02-14T02:27:39","date_gmt":"2026-02-14T02:27:39","guid":{"rendered":"https:\/\/bihavadis.com\/?p=32430"},"modified":"2026-02-14T02:27:39","modified_gmt":"2026-02-14T02:27:39","slug":"turkiye-ve-misir-ticaretinde-yeni-donem-dev-is-birligi-protokolu-imzalandi","status":"publish","type":"post","link":"https:\/\/bihavadis.com\/index.php\/2026\/02\/14\/turkiye-ve-misir-ticaretinde-yeni-donem-dev-is-birligi-protokolu-imzalandi\/","title":{"rendered":"T\u00fcrkiye ve M\u0131s\u0131r Ticaretinde yeni d\u00f6nem: Dev i\u015f birli\u011fi protokol\u00fc imzaland\u0131"},"content":{"rendered":"<p> T\u00fcrkiye Odalar ve Borsalar Birli\u011fi (TOBB) Ba\u015fkan\u0131 M. Rifat Hisarc\u0131kl\u0131o\u011flu \u00f6nc\u00fcl\u00fc\u011f\u00fcndeki T\u00fcrk i\u015f d\u00fcnyas\u0131 heyeti, Cumhurba\u015fkan\u0131 Recep Tayyip Erdo\u011fan&#8217;\u0131n M\u0131s\u0131r&#8217;a ger\u00e7ekle\u015ftirece\u011fi resmi ziyaret \u00f6ncesinde Kahire&#8217;de kritik temaslarda bulundu.<\/p>\n<p>M\u0131s\u0131r Ticaret ve Sanayi Odalar\u0131 Federasyonu&#8217;nun ev sahipli\u011finde d\u00fczenlenen T\u00fcrkiye-M\u0131s\u0131r Oda ve Borsalar \u0130\u015f Birli\u011fi Forumu&#8217;na, TOBB Y\u00f6netim Kurulu \u00dcyesi ve ETSO Y\u00f6netim Kurulu Ba\u015fkan\u0131 Saim \u00d6zakal\u0131n da kat\u0131larak iki \u00fclke aras\u0131ndaki ticari ba\u011flar\u0131n g\u00fc\u00e7lendirilmesi s\u00fcrecine katk\u0131 sa\u011flad\u0131.<\/p>\n<p>M\u0131s\u0131r Maliye Bakan\u0131 Ahmed Kouchouk&#8217;un \u00e7evrim i\u00e7i kat\u0131l\u0131m sa\u011flad\u0131\u011f\u0131 forumda; T.C. Kahire B\u00fcy\u00fckel\u00e7isi Salih Mutlu \u015een, M\u0131s\u0131r Ticaret ve Sanayi Odalar\u0131 Federasyonu Ba\u015fkan\u0131 Ahmet Al Wakil ve her iki \u00fclkenin \u00f6nde gelen i\u015f insanlar\u0131 yeni yat\u0131r\u0131m imkanlar\u0131n\u0131 g\u00f6r\u00fc\u015ft\u00fc. Toplant\u0131da \u00f6zellikle lojistik maliyetlerini d\u00fc\u015f\u00fcrecek olan Mersin-\u0130skenderiye ve \u0130skenderun-Dimyat Ro-Ro seferlerinin yeniden ba\u015flat\u0131lmas\u0131 stratejik bir hedef olarak belirlendi.<\/p>\n<p>Sanayiden tar\u0131ma geni\u015f kapsaml\u0131 ortakl\u0131k<\/p>\n<p>Forumun sonunda sanayi, ticaret, tar\u0131m, bal\u0131k\u00e7\u0131l\u0131k, turizm, lojistik ve in\u015faat sekt\u00f6rlerini kapsayan kapsaml\u0131 i\u015f birli\u011fi anla\u015fmalar\u0131na imza at\u0131ld\u0131. TOBB ve M\u0131s\u0131r Ticaret ve Sanayi Odalar\u0131 Federasyonu ile her iki \u00fclkenin oda ve borsalar\u0131 aras\u0131nda imzalanan bu protokollerle, ticaret hacminin k\u0131sa s\u00fcrede en \u00fcst seviyeye ta\u015f\u0131nmas\u0131 ama\u00e7lan\u0131yor.<\/p>\n<p>Ba\u015fkan \u00d6zakal\u0131n: &#8220;Tar\u0131m ve hayvanc\u0131l\u0131\u011fa kadar her alanda i\u015f birli\u011fi de\u011ferli&#8221;<\/p>\n<p>Toplant\u0131 sonras\u0131 a\u00e7\u0131klamalarda bulunan TOBB Y\u00f6netim Kurulu \u00dcyesi ve ETSO Y\u00f6netim Kurulu Ba\u015fkan\u0131 Saim \u00d6zakal\u0131n, imzalanan protokollerin \u00f6nemine dikkat \u00e7ekti. Ba\u015fkan \u00d6zakal\u0131n, &#8220;Cumhurba\u015fkan\u0131m\u0131z Say\u0131n Recep Tayyip Erdo\u011fan&#8217;\u0131n ziyareti \u00f6ncesinde, TOBB Ba\u015fkan\u0131m\u0131z Say\u0131n M. Rifat Hisarc\u0131kl\u0131o\u011flu&#8217;nun \u00f6nc\u00fcl\u00fc\u011f\u00fcnde Kahire&#8217;de olduk\u00e7a verimli bir s\u00fcre\u00e7 ge\u00e7irdik. \u0130mzalanan protokoller; sanayiden turizme, in\u015faattan tar\u0131m ve hayvanc\u0131l\u0131\u011fa kadar bu i\u015f birli\u011finin ne kadar de\u011ferli oldu\u011funu ortaya koymaktad\u0131r&#8221; dedi.<\/p>\n<p>\u00d6zellikle b\u00f6lgesel kalk\u0131nmada tar\u0131m ve hayvanc\u0131l\u0131\u011f\u0131n \u00f6nemine de\u011finen \u00d6zakal\u0131n, &#8220;Sanayi ve in\u015faat sekt\u00f6rlerindeki g\u00fcc\u00fcm\u00fcz\u00fc, M\u0131s\u0131r ile kuraca\u011f\u0131m\u0131z bu k\u00f6pr\u00fclerle ta\u00e7land\u0131raca\u011f\u0131z. Lojistik anlamda Ro-Ro seferlerinin canland\u0131r\u0131lmas\u0131 ihracat\u0131m\u0131z i\u00e7in hayati bir ad\u0131md\u0131r. Bu i\u015f birli\u011fi s\u00fcrecinin \u00fclkemize ve camiam\u0131za hay\u0131rl\u0131 olmas\u0131n\u0131 diliyorum&#8221; ifadelerini kulland\u0131. &#8211; ERZURUM<\/p>\n","protected":false},"excerpt":{"rendered":"<p>T\u00fcrkiye Odalar ve Borsalar Birli\u011fi (TOBB) Ba\u015fkan\u0131 M. Rifat Hisarc\u0131kl\u0131o\u011flu \u00f6nc\u00fcl\u00fc\u011f\u00fcndeki T\u00fcrk i\u015f d\u00fcnyas\u0131 heyeti, Cumhurba\u015fkan\u0131 Recep Tayyip Erdo\u011fan&#8217;\u0131n M\u0131s\u0131r&#8217;a ger\u00e7ekle\u015ftirece\u011fi resmi ziyaret \u00f6ncesinde Kahire&#8217;de kritik temaslarda bulundu.<\/p>\n","protected":false},"author":1,"featured_media":0,"comment_status":"open","ping_status":"open","sticky":false,"template":"","format":"standard","meta":{"footnotes":""},"categories":[8],"tags":[899,3529,374,371,384],"class_list":["post-32430","post","type-post","status-publish","format-standard","hentry","category-ekonomi","tag-misir","tag-oda","tag-sanayi","tag-tarim","tag-tobb"],"_links":{"self":[{"href":"https:\/\/bihavadis.com\/index.php\/wp-json\/wp\/v2\/posts\/32430","targetHints":{"allow":["GET"]}}],"collection":[{"href":"https:\/\/bihavadis.com\/index.php\/wp-json\/wp\/v2\/posts"}],"about":[{"href":"https:\/\/bihavadis.com\/index.php\/wp-json\/wp\/v2\/types\/post"}],"author":[{"embeddable":true,"href":"https:\/\/bihavadis.com\/index.php\/wp-json\/wp\/v2\/users\/1"}],"replies":[{"embeddable":true,"href":"https:\/\/bihavadis.com\/index.php\/wp-json\/wp\/v2\/comments?post=32430"}],"version-history":[{"count":1,"href":"https:\/\/bihavadis.com\/index.php\/wp-json\/wp\/v2\/posts\/32430\/revisions"}],"predecessor-version":[{"id":32431,"href":"https:\/\/bihavadis.com\/index.php\/wp-json\/wp\/v2\/posts\/32430\/revisions\/32431"}],"wp:attachment":[{"href":"https:\/\/bihavadis.com\/index.php\/wp-json\/wp\/v2\/media?parent=32430"}],"wp:term":[{"taxonomy":"category","embeddable":true,"href":"https:\/\/bihavadis.com\/index.php\/wp-json\/wp\/v2\/categories?post=32430"},{"taxonomy":"post_tag","embeddable":true,"href":"https:\/\/bihavadis.com\/index.php\/wp-json\/wp\/v2\/tags?post=32430"}],"curies":[{"name":"wp","href":"https:\/\/api.w.org\/{rel}","templated":true}]}}