{"id":32443,"date":"2026-02-14T02:39:05","date_gmt":"2026-02-14T02:39:05","guid":{"rendered":"https:\/\/bihavadis.com\/?p=32443"},"modified":"2026-02-14T02:39:05","modified_gmt":"2026-02-14T02:39:05","slug":"cesme-belediyesinden-ramazan-oncesi-camilerde-kapsamli-temizlik","status":"publish","type":"post","link":"https:\/\/bihavadis.com\/index.php\/2026\/02\/14\/cesme-belediyesinden-ramazan-oncesi-camilerde-kapsamli-temizlik\/","title":{"rendered":"\u00c7e\u015fme Belediyesinden Ramazan \u00f6ncesi camilerde kapsaml\u0131 temizlik"},"content":{"rendered":"<p><span><span><span><span><span><span>\u00c7e\u015fme Belediyesi Temizlik \u0130\u015fleri M\u00fcd\u00fcrl\u00fc\u011f\u00fc ekipleri, yakla\u015fan Ramazan ay\u0131 \u00f6ncesinde il\u00e7e genelindeki t\u00fcm camilerde kapsaml\u0131 temizlik \u00e7al\u0131\u015fmalar\u0131 ger\u00e7ekle\u015ftirdi. \u00c7al\u0131\u015fmalar kapsam\u0131nda camilerin i\u00e7 mek\u00e2nlar\u0131 ba\u015fta olmak \u00fczere hal\u0131lar, pencereler, ayakkab\u0131l\u0131klar, abdesthaneler ve ortak kullan\u0131m alanlar\u0131 detayl\u0131 \u015fekilde temizlendi.<\/span><\/span><\/span><\/span><\/span><\/span><\/p>\n<p><span><span><span><span><span><span>Ramazan ay\u0131nda ibadethanelerde artmas\u0131 beklenen yo\u011funluk dikkate al\u0131narak planlanan \u00e7al\u0131\u015fmalar\u0131n titizlikle y\u00fcr\u00fct\u00fcld\u00fc\u011f\u00fc belirtildi. Yap\u0131lan temizlik ve bak\u0131m \u00e7al\u0131\u015fmalar\u0131yla, vatanda\u015flar\u0131n ibadetlerini daha sa\u011fl\u0131kl\u0131, temiz ve huzurlu bir ortamda ger\u00e7ekle\u015ftirmesi ama\u00e7land\u0131.<\/span><\/span><\/span><\/span><\/span><\/span><\/p>\n<p><span><span><span><span><span><span>\u00c7e\u015fme Belediyesinin, Ramazan ay\u0131 boyunca da camilerde olu\u015fabilecek ihtiya\u00e7lara h\u0131zl\u0131 \u015fekilde m\u00fcdahale ederek temizlik ve kontrollerini d\u00fczenli olarak s\u00fcrd\u00fcrmeye devam edece\u011fi ifade edildi.<\/span><\/span><\/span><\/span><\/span><\/span><\/p>\n<p>\u00a0<\/p>\n<p>Kaynak: (BYZHA) Beyaz Haber Ajans\u0131<\/p>\n","protected":false},"excerpt":{"rendered":"<p>\u00c7e\u015fme Belediyesi Temizlik \u0130\u015fleri M\u00fcd\u00fcrl\u00fc\u011f\u00fc ekipleri, yakla\u015fan Ramazan ay\u0131 \u00f6ncesinde il\u00e7e genelindeki t\u00fcm camilerde kapsaml\u0131 temizlik \u00e7al\u0131\u015fmalar\u0131 ger\u00e7ekle\u015ftirdi.<\/p>\n","protected":false},"author":1,"featured_media":32444,"comment_status":"open","ping_status":"open","sticky":false,"template":"","format":"standard","meta":{"footnotes":""},"categories":[4],"tags":[673],"class_list":["post-32443","post","type-post","status-publish","format-standard","has-post-thumbnail","hentry","category-gundem","tag-temiz"],"_links":{"self":[{"href":"https:\/\/bihavadis.com\/index.php\/wp-json\/wp\/v2\/posts\/32443","targetHints":{"allow":["GET"]}}],"collection":[{"href":"https:\/\/bihavadis.com\/index.php\/wp-json\/wp\/v2\/posts"}],"about":[{"href":"https:\/\/bihavadis.com\/index.php\/wp-json\/wp\/v2\/types\/post"}],"author":[{"embeddable":true,"href":"https:\/\/bihavadis.com\/index.php\/wp-json\/wp\/v2\/users\/1"}],"replies":[{"embeddable":true,"href":"https:\/\/bihavadis.com\/index.php\/wp-json\/wp\/v2\/comments?post=32443"}],"version-history":[{"count":1,"href":"https:\/\/bihavadis.com\/index.php\/wp-json\/wp\/v2\/posts\/32443\/revisions"}],"predecessor-version":[{"id":32445,"href":"https:\/\/bihavadis.com\/index.php\/wp-json\/wp\/v2\/posts\/32443\/revisions\/32445"}],"wp:featuredmedia":[{"embeddable":true,"href":"https:\/\/bihavadis.com\/index.php\/wp-json\/wp\/v2\/media\/32444"}],"wp:attachment":[{"href":"https:\/\/bihavadis.com\/index.php\/wp-json\/wp\/v2\/media?parent=32443"}],"wp:term":[{"taxonomy":"category","embeddable":true,"href":"https:\/\/bihavadis.com\/index.php\/wp-json\/wp\/v2\/categories?post=32443"},{"taxonomy":"post_tag","embeddable":true,"href":"https:\/\/bihavadis.com\/index.php\/wp-json\/wp\/v2\/tags?post=32443"}],"curies":[{"name":"wp","href":"https:\/\/api.w.org\/{rel}","templated":true}]}}