{"id":32485,"date":"2026-02-14T03:15:08","date_gmt":"2026-02-14T03:15:08","guid":{"rendered":"https:\/\/bihavadis.com\/?p=32485"},"modified":"2026-02-14T03:15:08","modified_gmt":"2026-02-14T03:15:08","slug":"epsteinin-suc-ortagi-maxwellden-trumpa-af-cagrisi","status":"publish","type":"post","link":"https:\/\/bihavadis.com\/index.php\/2026\/02\/14\/epsteinin-suc-ortagi-maxwellden-trumpa-af-cagrisi\/","title":{"rendered":"Epstein&#8217;in su\u00e7 orta\u011f\u0131 Maxwell&#8217;den Trump&#8217;a af \u00e7a\u011fr\u0131s\u0131"},"content":{"rendered":"<p>Trump&#8217;a beni affet, aleyhinde ifade vermeyeyim \u00e7a\u011fr\u0131s\u0131&#8230;<\/p>\n<p>ABD Kongresi\u2019nin en geni\u015f yetkili ve en g\u00fc\u00e7l\u00fc denetim organlar\u0131ndan biri olan Temsilciler Meclisi Denetim Komitesi, k\u0131z \u00e7ocuklar\u0131na y\u00f6nelik cinsel istismar \u015febekesi kurmakla su\u00e7lanan ve cezaevinde \u00f6l\u00fc bulunan ABD&#8217;li milyarder Jeffrey Epstein hakk\u0131ndaki soru\u015fturma \u00e7er\u00e7evesinde Epstein\u2019in eski k\u0131z arkada\u015f\u0131 Ghislaine Maxwell\u2019i ifadeye \u00e7a\u011f\u0131rd\u0131.<\/p>\n<p>Cinsel istismar ama\u00e7l\u0131 insan ka\u00e7ak\u00e7\u0131l\u0131\u011f\u0131 su\u00e7undan hapiste bulunan 64 ya\u015f\u0131ndaki Maxwell, video ba\u011flant\u0131s\u0131 yoluyla kat\u0131ld\u0131\u011f\u0131 oturumda sessiz kalma hakk\u0131n\u0131 kullanarak, kendisine y\u00f6neltilen sorular\u0131 cevaps\u0131z b\u0131rakt\u0131.<\/p>\n<p><strong>KONGRE \u00dcYELER\u0130 HAYAL KIRIKLI\u011eI YA\u015eADI<\/strong><\/p>\n<p>Temsilciler Meclisi Denetim Komitesi\u2019nin Texas\u2019taki bir cezaevinde bulunan Maxwell\u2019in ifadesinin al\u0131naca\u011f\u0131 bir oturum d\u00fczenlemek i\u00e7in aylarca \u00e7al\u0131\u015fmas\u0131na ra\u011fmen sonu\u00e7 hayal k\u0131r\u0131kl\u0131\u011f\u0131 oldu. Epstein\u2019e kurbanlar\u0131 temin eden ki\u015fi olarak bilinen Maxwell\u2019in uzaktan kat\u0131ld\u0131\u011f\u0131 Kongre oturumu, Maxwell\u2019in sorular\u0131 yan\u0131tlamamas\u0131 nedeniyle dakikalar i\u00e7inde sona erdi.<\/p>\n<p>Temsilciler Meclisi Denetim Komitesi Ba\u015fkan\u0131 James Comer, k\u0131sa s\u00fcren oturumun ard\u0131ndan yapt\u0131\u011f\u0131 a\u00e7\u0131klamada Maxwell\u2019in beklendi\u011fi \u00fczere Anayasa\u2019n\u0131n be\u015finci maddesi \u00e7er\u00e7evesinde sessiz kalma hakk\u0131n\u0131 kulland\u0131\u011f\u0131n\u0131 s\u00f6yledi.<\/p>\n<p>Cumhuriyet\u00e7i Partili Comer, <b><em>&#8220;A\u00e7\u0131k\u00e7as\u0131 bu son derece hayal k\u0131r\u0131kl\u0131\u011f\u0131 oldu. Ona Epstein\u2019le birlikte i\u015fledi\u011fi su\u00e7lar hakk\u0131nda sormak istedi\u011fimiz bir\u00e7ok soru vard\u0131. Ayr\u0131ca muhtemel su\u00e7 ortaklar\u0131yla ilgili sorular\u0131m\u0131z da vard\u0131. Amerikan halk\u0131 ad\u0131na ger\u00e7eklere ula\u015fmay\u0131 ve ma\u011fdurlar i\u00e7in adaleti tesis etmeyi istiyoruz. Bu soru\u015fturman\u0131n amac\u0131 da tam olarak bu&#8221;<\/em><\/b> ifadelerini kulland\u0131.<\/p>\n<p><img decoding=\"async\" src=\"https:\/\/bihavadis.com\/wp-content\/uploads\/2026\/02\/epsteinin-suc-ortagi-maxwellden-trumpa-af-cagrisi-0-fJll6NUr.jpg\"\/><\/p>\n<p><strong>TRUMP&#8217;TAN AF TALEB\u0130NDE BULUNDU<\/strong><\/p>\n<p>Maxwell&#8217;in avukat\u0131, Maxwell&#8217;in ABD Ba\u015fkan\u0131 Donald Trump&#8217;\u0131n af \u00e7\u0131karmas\u0131 halinde komite ile i\u015fbirli\u011fi yapmaya ve ayn\u0131 zamanda Trump&#8217;\u0131n<em><b> &#8220;hi\u00e7bir yanl\u0131\u015f eyleminin olmad\u0131\u011f\u0131&#8221;<\/b><\/em> \u015feklinde ifade vermeye haz\u0131r olaca\u011f\u0131n\u0131 duyurdu.<\/p>\n<p>Denetim Komitesi Ba\u015fkan\u0131 Comer, bas\u0131na yapt\u0131\u011f\u0131 a\u00e7\u0131klamada, Maxwell\u2019in hi\u00e7bir \u015fekilde dokunulmazl\u0131k veya aff\u0131 hak etmedi\u011fini ifade etti. ABD Adalet Bakanl\u0131\u011f\u0131\u2019n\u0131n Epstein dosyalar\u0131n\u0131n karart\u0131lmayan versiyonlar\u0131n\u0131 Kongre \u00fcyelerinin eri\u015fimine a\u00e7mas\u0131n\u0131n da \u00e7ok olumlu bir geli\u015fme oldu\u011funu kaydeden Comer, Epstein kurbanlar\u0131 i\u00e7in adalet aray\u0131\u015flar\u0131n\u0131n s\u00fcrece\u011fini s\u00f6yledi.<\/p>\n<p><img decoding=\"async\" src=\"https:\/\/bihavadis.com\/wp-content\/uploads\/2026\/02\/epsteinin-suc-ortagi-maxwellden-trumpa-af-cagrisi-1-y4CYNUsr.jpg\"\/><\/p>\n<p><strong>&#8220;MAXWELL B\u0130R CANAVAR&#8221;<\/strong><\/p>\n<p>Komitenin Demokrat \u00fcyeleri de oturum sonras\u0131nda hayal k\u0131r\u0131kl\u0131klar\u0131n\u0131 bildirdi. Demokrat Kongre \u00dcyesi Melanie Stansbury, Maxwell\u2019in oturumu af pazarl\u0131\u011f\u0131 f\u0131rsat\u0131 olarak kulland\u0131\u011f\u0131n\u0131 s\u00f6yledi.<\/p>\n<p>Komitenin \u00f6nde gelen Demokrat \u00fcyelerinden Robert Garcia ise, Maxwell\u2019in hi\u00e7bir soruya cevap vermedi\u011fini, tecav\u00fczc\u00fc ve insan ka\u00e7ak\u00e7\u0131lar\u0131n\u0131n kimlikleri konusunda bilgi sa\u011flamad\u0131\u011f\u0131n\u0131 s\u00f6yleyerek, <b><em>&#8220;Bu \u015fekilde kimi koruyor?&#8221; <\/em><\/b>dedi.<\/p>\n<p>Demokrat Partili James Walkinshaw ise bas\u0131n mensuplar\u0131na a\u00e7\u0131klamas\u0131nda, <b><em>&#8220;Ghislaine Maxwell bir canavar&#8221; <\/em><\/b>ifadelerini kulland\u0131. Walkinshaw, <b><em>&#8220;Maxwell, Epstein\u2019in i\u015fledi\u011fi su\u00e7larda kolayla\u015ft\u0131r\u0131c\u0131 rol \u00fcstlendi. Epstein\u2019e yard\u0131m ve yatakl\u0131k etti ve i\u015fledi\u011fi su\u00e7lara bizzat dahil oldu. Kendisi, ma\u011fdurlar\u0131 ve hayatta kalanlar\u0131 tehdit eden ve onlara bask\u0131 uygulayan ki\u015fiydi&#8221;<\/em><\/b> dedi.<\/p>\n<p>Jasmine Crockett ise \u00e7al\u0131\u015fma arkada\u015flar\u0131yla birlikte Epstein ile birlikte su\u00e7 i\u015fleyenlerin kimliklerinin tespit edilmesi i\u00e7in m\u00fccadele edeceklerini s\u00f6yledi. Crockett,<em><b> &#8220;Size verecek bir haberim var Bayan Maxwell. Hen\u00fcz i\u015fimiz bitmedi&#8221;<\/b><\/em> ifadelerini kulland\u0131.<\/p>\n<p><img decoding=\"async\" src=\"https:\/\/bihavadis.com\/wp-content\/uploads\/2026\/02\/epsteinin-suc-ortagi-maxwellden-trumpa-af-cagrisi-2-fZBqaEWV.jpg\"\/><\/p>\n<p><strong>20 YIL HAPSE MAHKUM ED\u0130LM\u0130\u015eT\u0130<\/strong><\/p>\n<p>Epstein\u2019in \u0130ngiliz sevgilisi Maxwell, yeti\u015fkin olmayan k\u0131zlar\u0131n ticaretine yard\u0131m etti\u011fi gerek\u00e7esiyle 2022\u2019de 20 y\u0131l hapse mahkum edilmi\u015fti. Kendisinin kimseye cinsel istismarda bulunmad\u0131\u011f\u0131n\u0131 savunan Maxwell, Epstein\u2019in 2019\u2019da cezaevinde \u00f6lmesinin ard\u0131ndan kendisinin g\u00fcnah ke\u00e7isi ilan edildi\u011fini \u00f6ne s\u00fcrm\u00fc\u015ft\u00fc.<\/p>\n<p>Cinsel istismar skandal\u0131 \u00f6ncesinde siyaset\u00e7iler, finans\u00e7\u0131lar, bilim insanlar\u0131 ve y\u00fcksek profilli sosyal \u00e7evreler aras\u0131nda bir t\u00fcr bulu\u015fturucu rol\u00fc oynayan Amerikal\u0131 i\u015f insan\u0131 Epstein, seks ama\u00e7l\u0131 insan ka\u00e7ak\u00e7\u0131l\u0131\u011f\u0131 ve re\u015fit olmayan k\u0131zlar\u0131n cinsel istismar\u0131 su\u00e7lamalar\u0131yla yarg\u0131lan\u0131rken 2019\u2019da cezaevinde intihar etmi\u015fti.<\/p>\n<p><img decoding=\"async\" src=\"https:\/\/bihavadis.com\/wp-content\/uploads\/2026\/02\/epsteinin-suc-ortagi-maxwellden-trumpa-af-cagrisi-3-1d5yXmKA.jpg\"\/><\/p>\n","protected":false},"excerpt":{"rendered":"<p>Jeffrey Epstein davas\u0131 kapsam\u0131nda ifade vermesi i\u00e7in Temsilciler Meclisi Denetim Komitesi\u2019ne \u00e7a\u011fr\u0131lan Ghislaine Maxwell, oturumda sorular\u0131n tamam\u0131na sessiz kalma hakk\u0131n\u0131 kullanarak yan\u0131t vermedi. Maxwell&#8217;in avukat\u0131 Trump&#8217;a af talebinde bulundu.<\/p>\n","protected":false},"author":1,"featured_media":32486,"comment_status":"open","ping_status":"open","sticky":false,"template":"","format":"standard","meta":{"footnotes":""},"categories":[6],"tags":[2183,561,395,4478,286],"class_list":["post-32485","post","type-post","status-publish","format-standard","has-post-thumbnail","hentry","category-dunya","tag-epstein","tag-ifade","tag-is","tag-maxwell","tag-suc"],"_links":{"self":[{"href":"https:\/\/bihavadis.com\/index.php\/wp-json\/wp\/v2\/posts\/32485","targetHints":{"allow":["GET"]}}],"collection":[{"href":"https:\/\/bihavadis.com\/index.php\/wp-json\/wp\/v2\/posts"}],"about":[{"href":"https:\/\/bihavadis.com\/index.php\/wp-json\/wp\/v2\/types\/post"}],"author":[{"embeddable":true,"href":"https:\/\/bihavadis.com\/index.php\/wp-json\/wp\/v2\/users\/1"}],"replies":[{"embeddable":true,"href":"https:\/\/bihavadis.com\/index.php\/wp-json\/wp\/v2\/comments?post=32485"}],"version-history":[{"count":1,"href":"https:\/\/bihavadis.com\/index.php\/wp-json\/wp\/v2\/posts\/32485\/revisions"}],"predecessor-version":[{"id":32491,"href":"https:\/\/bihavadis.com\/index.php\/wp-json\/wp\/v2\/posts\/32485\/revisions\/32491"}],"wp:featuredmedia":[{"embeddable":true,"href":"https:\/\/bihavadis.com\/index.php\/wp-json\/wp\/v2\/media\/32486"}],"wp:attachment":[{"href":"https:\/\/bihavadis.com\/index.php\/wp-json\/wp\/v2\/media?parent=32485"}],"wp:term":[{"taxonomy":"category","embeddable":true,"href":"https:\/\/bihavadis.com\/index.php\/wp-json\/wp\/v2\/categories?post=32485"},{"taxonomy":"post_tag","embeddable":true,"href":"https:\/\/bihavadis.com\/index.php\/wp-json\/wp\/v2\/tags?post=32485"}],"curies":[{"name":"wp","href":"https:\/\/api.w.org\/{rel}","templated":true}]}}