{"id":32498,"date":"2026-02-14T03:24:08","date_gmt":"2026-02-14T03:24:08","guid":{"rendered":"https:\/\/bihavadis.com\/?p=32498"},"modified":"2026-02-14T03:24:08","modified_gmt":"2026-02-14T03:24:08","slug":"kocaelide-7-kisinin-can-verdigi-yanginda-saniklar-para-derdine-dustu","status":"publish","type":"post","link":"https:\/\/bihavadis.com\/index.php\/2026\/02\/14\/kocaelide-7-kisinin-can-verdigi-yanginda-saniklar-para-derdine-dustu\/","title":{"rendered":"Kocaeli&#8217;de 7 ki\u015finin can verdi\u011fi yang\u0131nda san\u0131klar para derdine d\u00fc\u015ft\u00fc"},"content":{"rendered":"<p>Personel can\u0131yla cebelle\u015firken, onlar para transferlerini g\u00f6r\u00fc\u015ft\u00fc&#8230;<\/p>\n<p>Kocaeli&#8217;nin Dilovas\u0131 Mimar Sinan Mahallesi Mimar Sinan Caddesi&#8217;ndeki bir parf\u00fcm dolum tesisinde \u00e7\u0131kan yang\u0131nda Han\u0131m G\u00fclek (65), Esma Dikan (65), \u015eeng\u00fcl Y\u0131lmaz (55), Tuncay Y\u0131ld\u0131z (48), Tu\u011fba Ta\u015fdemir (18), Nisa Ta\u015fdemir (17) ile Cansu Esato\u011flu (16) hayat\u0131n\u0131 kaybetti.<\/p>\n<p>Soru\u015fturma kapsam\u0131nda haz\u0131rlanan ve Gebze 7. A\u011f\u0131r Ceza Mahkemesince delil yetersizli\u011fi gerek\u00e7esiyle iade edilen ilk iddianame, eksikliklerin giderilmesinin ard\u0131ndan kabul edildi.<\/p>\n<p><strong>PATRON CEZAEV\u0130NDE GE\u00c7\u0130RD\u0130\u011e\u0130 KALP KR\u0130Z\u0130NDE HAYATINI KAYBETT\u0130<\/strong><\/p>\n<p>Tutuklu \u015f\u00fcpheliler \u0130smail Oransal, Altay Ali Oransal, Aleyna Oransal, G\u00f6kberk G\u00fcng\u00f6r, Ali Osman Altay, Onay Y\u00fcr\u00fckl\u00fc, \u00dcnal Aslan, G\u00fcven Demirba\u015f ve tutuksuz san\u0131k \u00d6mer Akat ile soru\u015fturma s\u00fcrecinde cezaevinde ge\u00e7irdi\u011fi kalp krizi sonucu ya\u015fam\u0131n\u0131 yitiren Kurtulu\u015f Oransal&#8217;\u0131n da aralar\u0131nda bulundu\u011fu 16 ki\u015fi hakk\u0131nda dava a\u00e7\u0131ld\u0131.<\/p>\n<p><img decoding=\"async\" src=\"https:\/\/bihavadis.com\/wp-content\/uploads\/2026\/02\/kocaelide-7-kisinin-can-verdigi-yanginda-saniklar-para-derdine-dustu-0-a4f3lWHS.jpg\"\/><\/p>\n<p><strong>PATLAMANIN NEDEN\u0130: TEMAS ARIZASI<\/strong><\/p>\n<p>\u0130ddianamede yer alan bilirki\u015fi raporunda, patlaman\u0131n \u00fcretim s\u0131ras\u0131nda etil alkol aktar\u0131m\u0131 esnas\u0131nda olu\u015fan statik elektrik bo\u015falmas\u0131 ve ekipmanlardaki elektriksel temas ar\u0131zas\u0131ndan kaynakland\u0131\u011f\u0131 belirtildi. Ex-proof (patlamaya kar\u015f\u0131 korumal\u0131) ekipman, topraklama ve havaland\u0131rma sistemlerinin bulunmamas\u0131n\u0131n alevlerin k\u0131sa s\u00fcrede yay\u0131lmas\u0131nda etkili oldu\u011fu vurgulanan raporda, i\u015f yerinde yang\u0131n merdiveni, otomatik s\u00f6nd\u00fcrme sistemi, alarm ve di\u011fer g\u00fcvenlik \u00f6nlemlerinin olmad\u0131\u011f\u0131 kaydedildi.<\/p>\n<p>Raporda binan\u0131n yap\u0131 kullan\u0131m izin belgesi olmadan imalathane olarak kullan\u0131ld\u0131\u011f\u0131na, i\u015f g\u00fcvenli\u011fi ve itfaiye uygunluk onay\u0131n\u0131n al\u0131nmad\u0131\u011f\u0131na dikkat \u00e7ekildi. Bilirki\u015fi heyeti, yang\u0131n\u0131n sabotaj veya kas\u0131tl\u0131 bir eylem sonucu de\u011fil, teknik yetersizlik ve ihmaller zincirinden kaynaklanan<em><b> &#8220;\u00f6ng\u00f6r\u00fclebilir ve \u00f6nlenebilir bir end\u00fcstriyel kaza&#8221; <\/b><\/em>oldu\u011fu kanaatine vard\u0131.<\/p>\n<p><img decoding=\"async\" src=\"https:\/\/bihavadis.com\/wp-content\/uploads\/2026\/02\/kocaelide-7-kisinin-can-verdigi-yanginda-saniklar-para-derdine-dustu-1-Z6xGHtdA.jpg\"\/><\/p>\n<p><strong>KUSUR DURUMLARI BEL\u0130RLEND\u0130<\/strong><\/p>\n<p>Bilirki\u015fi raporuna g\u00f6re, i\u015fletmeci Ravive Kozmetik y\u00f6netimi ile \u0130smail Oransal, Altay Ali Oransal ve soru\u015fturma s\u00fcrecinde vefat eden Kurtulu\u015f Oransal<em><b> &#8220;asli a\u011f\u0131r kusurlu&#8221;<\/b><\/em> bulundu.<\/p>\n<p>Binay\u0131 kiraya veren eski mal sahibi G\u00fcven Demirba\u015f <b><em>&#8220;tali a\u011f\u0131r kusurlu&#8221;<\/em><\/b>, yeni malik \u00d6zzade Yap\u0131 \u0130n\u015faat Ltd. \u015eti<em><b>. &#8220;tali orta kusurlu&#8221;,<\/b><\/em> i\u015f sa\u011fl\u0131\u011f\u0131 ve g\u00fcvenli\u011fi hizmeti veren OSGB firmas\u0131 ve yetkilileri<em><b> &#8220;tali a\u011f\u0131r kusurlu&#8221;<\/b><\/em>, i\u015f g\u00fcvenli\u011fi uzman\u0131 ve i\u015f yeri hekimi ise <em><b>&#8220;tali kusurlu&#8221;<\/b><\/em> olarak de\u011ferlendirildi.<\/p>\n<p>Dilovas\u0131 Belediyesi&#8217;nin denetim gecikmesi nedeniyle<em><b> &#8220;s\u0131n\u0131rl\u0131 idari kusurlu&#8221;<\/b><\/em>, SEDA\u015e&#8217;\u0131n ise elektrik kullan\u0131m\u0131n\u0131 yeterince denetlememesi sebebiyle <em><b>&#8220;s\u0131n\u0131rl\u0131 teknik kusurlu&#8221;<\/b><\/em> oldu\u011fu raporda yer ald\u0131.<\/p>\n<p>\u00c7al\u0131\u015fanlara ise eksik g\u00fcvenlik \u015fartlar\u0131nda g\u00f6rev yapt\u0131klar\u0131 i\u00e7in kusur atfedilmedi. Soru\u015fturma kapsam\u0131nda yang\u0131n\u0131n \u00e7\u0131kt\u0131\u011f\u0131 imalathanenin alt\u0131ndaki depo niteli\u011findeki yap\u0131n\u0131n ge\u00e7mi\u015fte <b><em>&#8220;imar kirlili\u011fine neden olma&#8221; <\/em><\/b>su\u00e7undan yarg\u0131lamaya konu oldu\u011fu ortaya \u00e7\u0131kt\u0131.<\/p>\n<p>\u0130ddianamede, bina sahibi G\u00fcven Demirba\u015f hakk\u0131nda a\u00e7\u0131lan davada belediye denetiminde binan\u0131n \u00fczerine izinsiz kolonlar dikildi\u011fi ve duvar \u00f6r\u00fcld\u00fc\u011f\u00fc gerek\u00e7esiyle <em><b>&#8220;mahkumiyet&#8221;<\/b><\/em> karar\u0131 verildi\u011fi, yap\u0131n\u0131n m\u00fch\u00fcrlendi\u011fi ve Demirba\u015f&#8217;\u0131n ertelenmi\u015f 10 ay hapis cezas\u0131 ald\u0131\u011f\u0131 bilgisi yer ald\u0131. Ayr\u0131ca belediye enc\u00fcmeni taraf\u0131ndan ka\u00e7ak yap\u0131n\u0131n yasal hale getirilmemesi nedeniyle y\u0131k\u0131m karar\u0131 al\u0131nd\u0131\u011f\u0131n\u0131n tespit edildi\u011fi kaydedildi. Patlaman\u0131n ya\u015fand\u0131\u011f\u0131 binan\u0131n kira s\u00f6zle\u015fmesinde yap\u0131n\u0131n <em><b>&#8220;sa\u011flam ve kullan\u0131ma elveri\u015fli&#8221; <\/b><\/em>g\u00f6sterildi\u011fi, s\u00f6zle\u015fmede \u0130smail Oransal&#8217;\u0131n kefil olarak imzas\u0131n\u0131n bulundu\u011fu belirtildi.<\/p>\n<p><img decoding=\"async\" src=\"https:\/\/bihavadis.com\/wp-content\/uploads\/2026\/02\/kocaelide-7-kisinin-can-verdigi-yanginda-saniklar-para-derdine-dustu-2-xfvmrpsW.jpg\"\/><\/p>\n<p><strong>KA\u00c7AK YAPI GE\u00c7M\u0130\u015e\u0130<\/strong><\/p>\n<p>\u0130ddianamede, yang\u0131n\u0131n \u00e7\u0131kt\u0131\u011f\u0131 imalathanenin alt\u0131ndaki depo niteli\u011findeki yap\u0131 hakk\u0131nda daha \u00f6nce<em><b> &#8220;imar kirlili\u011fine neden olma&#8221;<\/b><\/em> su\u00e7undan yarg\u0131lama yap\u0131ld\u0131\u011f\u0131 ortaya \u00e7\u0131kt\u0131.<\/p>\n<p>Soru\u015fturma kapsam\u0131nda incelenen mahkeme dosyas\u0131na g\u00f6re depo ile ilgili olarak G\u00fcven Demirba\u015f hakk\u0131nda a\u00e7\u0131lan davada mahkumiyet karar\u0131 verildi. Belediye denetiminde binan\u0131n \u00fczerine izinsiz kolonlar dikildi\u011fi ve duvar \u00f6r\u00fcld\u00fc\u011f\u00fc tespit edilerek yap\u0131 m\u00fch\u00fcrlendi ve savc\u0131l\u0131\u011fa su\u00e7 duyurusunda bulunuldu. A\u00e7\u0131lan davada Demirba\u015f&#8217;a ertelenmi\u015f 10 ay hapis cezas\u0131 verildi\u011fi ve karar\u0131n kesinle\u015fti\u011fi iddianamede aktar\u0131ld\u0131. Ayr\u0131ca belediye enc\u00fcmeni taraf\u0131ndan ka\u00e7ak yap\u0131n\u0131n verilen s\u00fcre i\u00e7inde yasal hale getirilmemesi nedeniyle y\u0131k\u0131m karar\u0131 al\u0131nd\u0131\u011f\u0131, y\u0131k\u0131m\u0131n di\u011fer yap\u0131larla birlikte ihale yoluyla ger\u00e7ekle\u015ftirilece\u011finin belirlendi\u011fi bildirildi.<\/p>\n<p><strong>OLAY G\u00dcN\u00dc VE SONRASI YO\u011eUN \u0130LET\u0130\u015e\u0130M<\/strong><\/p>\n<p>\u0130ddianamede, \u015f\u00fcphelilerden Onay Y\u00fcr\u00fckl\u00fc&#8217;n\u00fcn ifadesine dayan\u0131larak, Ali Osman Akat&#8217;\u0131n, ye\u011fenleri \u0130smail ve Altay Ali Oransal&#8217;\u0131n saklanmas\u0131n\u0131 sa\u011flad\u0131\u011f\u0131 belirtildi.<\/p>\n<p>\u015e\u00fcphelilerin Tekirda\u011f&#8217;da bir evde bar\u0131nd\u0131r\u0131ld\u0131\u011f\u0131, haberle\u015fme ve ihtiya\u00e7lar\u0131n\u0131n kar\u015f\u0131land\u0131\u011f\u0131 iddia edilen dosyada, Ali Osman Akat, \u00d6mer Akat, Onay Y\u00fcr\u00fckl\u00fc ve Abdurrahman Bayat hakk\u0131nda<b><em> &#8220;su\u00e7luyu kay\u0131rma&#8221; <\/em><\/b>su\u00e7undan cezaland\u0131rma talep edildi.<\/p>\n<p>HTS kay\u0131tlar\u0131 ve dijital materyal incelemelerinde olay g\u00fcn\u00fc ve sonras\u0131nda \u015f\u00fcphelilerin yo\u011fun ileti\u015fimde oldu\u011fu, para transferleri ve \u00e7eklerin tahsiline ili\u015fkin talimatlar i\u00e7erdi\u011fi belirlenen mesajla\u015fmalar da dosyaya girdi.<\/p>\n<p><img decoding=\"async\" src=\"https:\/\/bihavadis.com\/wp-content\/uploads\/2026\/02\/kocaelide-7-kisinin-can-verdigi-yanginda-saniklar-para-derdine-dustu-3-xnPn37Gr.jpg\"\/><\/p>\n<p><strong>&#8220;PARAYI ALEYNA&#8217;NIN HESABINA YATIRIN&#8221;<\/strong><\/p>\n<p>\u0130ddianamede, san\u0131klar\u0131n dijital materyalleri \u00fczerinde yap\u0131lan incelemelerin sonu\u00e7lar\u0131na da detayl\u0131ca yer verildi. San\u0131k G\u00f6kberk G\u00fcng\u00f6r&#8217;\u00fcn telefonunda yap\u0131lan incelemede, yang\u0131n\u0131n \u00e7\u0131kt\u0131\u011f\u0131 8 Kas\u0131m 2025 ve sonras\u0131nda di\u011fer san\u0131klarla yo\u011fun bir ileti\u015fim trafi\u011fi y\u00fcr\u00fctt\u00fc\u011f\u00fc belirlendi.<\/p>\n<p>G\u00fcng\u00f6r&#8217;\u00fcn san\u0131k Abdurrahman Bayat ile yapt\u0131\u011f\u0131 WhatsApp yaz\u0131\u015fmalar\u0131nda, san\u0131k \u0130smail Oransal taraf\u0131ndan haz\u0131rland\u0131\u011f\u0131 de\u011ferlendirilen bir talimat dosyas\u0131 tespit edildi. S\u00f6z konusu dosyada diz\u00fcst\u00fc bilgisayarlar\u0131n g\u00fcvenli bir yere g\u00f6nderilmesi, gelecek paralar\u0131n san\u0131k Aleyna Oransal&#8217;\u0131n hesab\u0131na yat\u0131r\u0131lmas\u0131, \u00e7eklerin tahsil edilmesi ve san\u0131klar\u0131n cep telefonlar\u0131n\u0131n emanete b\u0131rak\u0131lmas\u0131 gibi ifadeler yer ald\u0131. Ayr\u0131ca talimatlarda \u015f\u00fcphelilerden <b><em>&#8220;15-20 g\u00fcn haber al\u0131namamas\u0131&#8221;<\/em><\/b> durumunda eldeki \u00e7eklerin <b><em>&#8220;\u00c7etin&#8221;<\/em><\/b> isimli \u015fahsa teslim edilmesinin istendi\u011fi bilgisi de dosyaya girdi.<\/p>\n<p><img decoding=\"async\" src=\"https:\/\/bihavadis.com\/wp-content\/uploads\/2026\/02\/kocaelide-7-kisinin-can-verdigi-yanginda-saniklar-para-derdine-dustu-4-7rz8qxyr.jpg\"\/><\/p>\n<p><strong>\u0130MALATIN DETAYLARI MESAJLARDA<\/strong><\/p>\n<p>\u00d6te yandan soru\u015fturma s\u00fcrecinde hayat\u0131n\u0131 kaybeden Kurtulu\u015f Oransal ile \u00e7al\u0131\u015fanlar\u0131n telefonlar\u0131nda yap\u0131lan incelemelerde, imalathanedeki i\u015f ak\u0131\u015f\u0131na dair veriler bulundu. G\u00f6kberk G\u00fcng\u00f6r ile Kurtulu\u015f Oransal aras\u0131nda 20 Ocak 2024 tarihli yaz\u0131\u015fmada dolum i\u015fleminin makineye gerek duyulmadan yap\u0131laca\u011f\u0131na dair ifadeler yer al\u0131rken, di\u011fer mesajlarda denetim s\u00fcre\u00e7leri ve uygun i\u015f k\u0131yafetleriyle ilgili konu\u015fmalar\u0131n bulundu\u011fu tespit edildi.<\/p>\n<p><strong>&#8220;ELEKTR\u0130K TES\u0130SATINI HED\u0130YE OLARAK YAPTIM&#8221;<\/strong><\/p>\n<p>\u0130ddianamede ifadesine yer verilen elektrik\u00e7i Ali \u00c7., i\u015f yerinin elektrik tesisat\u0131n\u0131 herhangi bir proje olmadan Kurtulu\u015f Oransal&#8217;\u0131n tarifi \u00fczerine yapt\u0131\u011f\u0131n\u0131 s\u00f6yledi. Fatura kesmedi\u011fini ve \u00fccret almad\u0131\u011f\u0131n\u0131 belirten Ali \u00c7.,<b><em> &#8220;Kurtulu\u015f Oransal&#8217;\u0131n daha \u00f6nce de i\u015fini yapm\u0131\u015ft\u0131m. Yeni i\u015f yerine ta\u015f\u0131nmas\u0131 nedeniyle hediye olarak yapt\u0131m. \u00c7ekti\u011fim pano ve hatt\u0131n projesi yoktu. Ne dediyse onu yapt\u0131m&#8221; <\/em><\/b>\u015feklinde konu\u015ftu.<\/p>\n<p>Ali \u00c7., makine ba\u011flant\u0131lar\u0131n\u0131 kendisinin yapmad\u0131\u011f\u0131n\u0131, sadece makinelerin gelece\u011fi yere kadar ek hat \u00e7ekti\u011fini savundu.<\/p>\n<p><strong>T\u0130CAR\u0130 \u0130L\u0130\u015eK\u0130LER MERCEK ALTINDA<\/strong><\/p>\n<p>\u0130ddianamede, LYKKE Kozmetik ve Ravive Kozmetik aras\u0131nda ticari ili\u015fki tespit edildi\u011fi, 2023 y\u0131l\u0131nda LYKKE Kozmetik&#8217;in di\u011fer firmadan 262 bin lira tutar\u0131nda mal al\u0131m\u0131 yapt\u0131\u011f\u0131, Altay Ali Oransal&#8217;\u0131n her iki \u015firkette de ortak ve y\u00f6netici s\u0131fat\u0131yla bulundu\u011fu bilgisine yer verildi.<\/p>\n","protected":false},"excerpt":{"rendered":"<p>Dilovas\u0131 il\u00e7esinde 7 ki\u015finin ya\u015fam\u0131n\u0131 yitirdi\u011fi fabrika yang\u0131n\u0131na ili\u015fkin kabul edilen yeni iddianamede, san\u0131klar\u0131n olay sonras\u0131 telefon trafi\u011fi ve para transferlerine y\u00f6nelik talimatlar\u0131 dikkat \u00e7ekti.<\/p>\n","protected":false},"author":1,"featured_media":32499,"comment_status":"open","ping_status":"open","sticky":false,"template":"","format":"standard","meta":{"footnotes":""},"categories":[4,13],"tags":[1175,293,395,4910,587],"class_list":["post-32498","post","type-post","status-publish","format-standard","has-post-thumbnail","hentry","category-gundem","category-son-dakika","tag-ali","tag-guven","tag-is","tag-oransal","tag-yapi"],"_links":{"self":[{"href":"https:\/\/bihavadis.com\/index.php\/wp-json\/wp\/v2\/posts\/32498","targetHints":{"allow":["GET"]}}],"collection":[{"href":"https:\/\/bihavadis.com\/index.php\/wp-json\/wp\/v2\/posts"}],"about":[{"href":"https:\/\/bihavadis.com\/index.php\/wp-json\/wp\/v2\/types\/post"}],"author":[{"embeddable":true,"href":"https:\/\/bihavadis.com\/index.php\/wp-json\/wp\/v2\/users\/1"}],"replies":[{"embeddable":true,"href":"https:\/\/bihavadis.com\/index.php\/wp-json\/wp\/v2\/comments?post=32498"}],"version-history":[{"count":1,"href":"https:\/\/bihavadis.com\/index.php\/wp-json\/wp\/v2\/posts\/32498\/revisions"}],"predecessor-version":[{"id":32505,"href":"https:\/\/bihavadis.com\/index.php\/wp-json\/wp\/v2\/posts\/32498\/revisions\/32505"}],"wp:featuredmedia":[{"embeddable":true,"href":"https:\/\/bihavadis.com\/index.php\/wp-json\/wp\/v2\/media\/32499"}],"wp:attachment":[{"href":"https:\/\/bihavadis.com\/index.php\/wp-json\/wp\/v2\/media?parent=32498"}],"wp:term":[{"taxonomy":"category","embeddable":true,"href":"https:\/\/bihavadis.com\/index.php\/wp-json\/wp\/v2\/categories?post=32498"},{"taxonomy":"post_tag","embeddable":true,"href":"https:\/\/bihavadis.com\/index.php\/wp-json\/wp\/v2\/tags?post=32498"}],"curies":[{"name":"wp","href":"https:\/\/api.w.org\/{rel}","templated":true}]}}