{"id":32564,"date":"2026-02-14T04:12:05","date_gmt":"2026-02-14T04:12:05","guid":{"rendered":"https:\/\/bihavadis.com\/?p=32564"},"modified":"2026-02-14T04:12:05","modified_gmt":"2026-02-14T04:12:05","slug":"bir-iyilik-hareketi-basliyor","status":"publish","type":"post","link":"https:\/\/bihavadis.com\/index.php\/2026\/02\/14\/bir-iyilik-hareketi-basliyor\/","title":{"rendered":"Bir \u0130yilik Hareketi Ba\u015fl\u0131yor"},"content":{"rendered":"<p>Salihli Belediyesi, sosyal belediyecilik anlay\u0131\u015f\u0131 kapsam\u0131nda yeni bir projeyi daha hayata ge\u00e7iriyor. Salihlili duyarl\u0131 bayan kuaf\u00f6rlerinin g\u00f6n\u00fcll\u00fc katk\u0131lar\u0131yla Ata Evi Emekliler Sosyal Tesisimizde, maddi durumu k\u0131s\u0131tl\u0131 k\u0131ymetli hem\u015fehrilerimize y\u00f6nelik \u00fccretsiz kuaf\u00f6r hizmeti \u00e7ok yak\u0131nda ba\u015flayacak.<br \/>Projeye ili\u015fkin a\u00e7\u0131klamada bulunan Belediye Ba\u015fkan\u0131 Mazlum Nurlu, dayan\u0131\u015fman\u0131n \u00f6nemine dikkat \u00e7ekerek \u015fu ifadeleri kulland\u0131:<br \/>\u201cToplumsal dayan\u0131\u015fmay\u0131 b\u00fcy\u00fcten bu anlaml\u0131 projede g\u00f6n\u00fcll\u00fc olarak yer alan t\u00fcm kuaf\u00f6rlerimize te\u015fekk\u00fcr ediyorum. Sosyal belediyecilik anlay\u0131\u015f\u0131m\u0131zla, ihtiya\u00e7 sahibi hem\u015fehrilerimizin yan\u0131nda olmaya ve onlar\u0131n ya\u015famlar\u0131n\u0131 kolayla\u015ft\u0131racak hizmetleri hayata ge\u00e7irmeye devam edece\u011fiz.\u201d<br \/>Projeden yararlanmak isteyen vatanda\u015flar\u0131m\u0131z ba\u015fvurular\u0131n\u0131 Ata Evi Emekliler Sosyal Tesisimize, Salihli Belediyesi Sosyal Hizmetler M\u00fcd\u00fcrl\u00fc\u011f\u00fcne bizzat yapabilecekleri gibi\u00a0444 82 45\u00a0numaral\u0131 \u00e7a\u011fr\u0131 merkezimiz \u00fczerinden de ger\u00e7ekle\u015ftirebilecekler.<br \/>Salihli Belediyesi, dayan\u0131\u015fma ruhunu g\u00fc\u00e7lendiren projelerle toplumun her kesimine dokunmay\u0131 s\u00fcrd\u00fcr\u00fcyor.<br \/>Salihli\u2019mize hay\u0131rl\u0131 olsun. Sayg\u0131lar\u0131m\u0131zla\u2026<\/p>\n<p>\u00a0<\/p>\n<p>Kaynak: (BYZHA) Beyaz Haber Ajans\u0131<\/p>\n","protected":false},"excerpt":{"rendered":"<p>Salihli Belediyesi, sosyal belediyecilik anlay\u0131\u015f\u0131 kapsam\u0131nda yeni bir projeyi daha hayata ge\u00e7iriyor.<\/p>\n","protected":false},"author":1,"featured_media":32565,"comment_status":"open","ping_status":"open","sticky":false,"template":"","format":"standard","meta":{"footnotes":""},"categories":[4],"tags":[372,2755,172],"class_list":["post-32564","post","type-post","status-publish","format-standard","has-post-thumbnail","hentry","category-gundem","tag-belediye","tag-salihli","tag-sosyal"],"_links":{"self":[{"href":"https:\/\/bihavadis.com\/index.php\/wp-json\/wp\/v2\/posts\/32564","targetHints":{"allow":["GET"]}}],"collection":[{"href":"https:\/\/bihavadis.com\/index.php\/wp-json\/wp\/v2\/posts"}],"about":[{"href":"https:\/\/bihavadis.com\/index.php\/wp-json\/wp\/v2\/types\/post"}],"author":[{"embeddable":true,"href":"https:\/\/bihavadis.com\/index.php\/wp-json\/wp\/v2\/users\/1"}],"replies":[{"embeddable":true,"href":"https:\/\/bihavadis.com\/index.php\/wp-json\/wp\/v2\/comments?post=32564"}],"version-history":[{"count":1,"href":"https:\/\/bihavadis.com\/index.php\/wp-json\/wp\/v2\/posts\/32564\/revisions"}],"predecessor-version":[{"id":32566,"href":"https:\/\/bihavadis.com\/index.php\/wp-json\/wp\/v2\/posts\/32564\/revisions\/32566"}],"wp:featuredmedia":[{"embeddable":true,"href":"https:\/\/bihavadis.com\/index.php\/wp-json\/wp\/v2\/media\/32565"}],"wp:attachment":[{"href":"https:\/\/bihavadis.com\/index.php\/wp-json\/wp\/v2\/media?parent=32564"}],"wp:term":[{"taxonomy":"category","embeddable":true,"href":"https:\/\/bihavadis.com\/index.php\/wp-json\/wp\/v2\/categories?post=32564"},{"taxonomy":"post_tag","embeddable":true,"href":"https:\/\/bihavadis.com\/index.php\/wp-json\/wp\/v2\/tags?post=32564"}],"curies":[{"name":"wp","href":"https:\/\/api.w.org\/{rel}","templated":true}]}}