{"id":32571,"date":"2026-02-14T04:18:06","date_gmt":"2026-02-14T04:18:06","guid":{"rendered":"https:\/\/bihavadis.com\/?p=32571"},"modified":"2026-02-14T04:18:06","modified_gmt":"2026-02-14T04:18:06","slug":"en-nesyri-teklifi-kabul-etti-iste-yeni-takimi","status":"publish","type":"post","link":"https:\/\/bihavadis.com\/index.php\/2026\/02\/14\/en-nesyri-teklifi-kabul-etti-iste-yeni-takimi\/","title":{"rendered":"En-Nesyri teklifi kabul etti! \u0130\u015fte yeni tak\u0131m\u0131"},"content":{"rendered":"<p>Transfer \u00e7al\u0131\u015fmalar\u0131n\u0131 s\u00fcrd\u00fcren Fenerbah\u00e7e&#8217;de N&#8217;Golo Kant\u00e9 ve Youssef En-Nesyri dosyalar\u0131nda kritik geli\u015fmeler ya\u015fand\u0131. Sar\u0131-lacivertlilerin y\u00fcr\u00fctt\u00fc\u011f\u00fc g\u00f6r\u00fc\u015fmelerde En-Nesyri&#8217;nin, Al Ittihad&#8217;\u0131n teklifini kabul etti\u011fi \u00f6\u011frenildi.<\/p>\n<p><b>EN-NESYRI TRANSFER\u0130NDE KR\u0130T\u0130K A\u015eAMA<\/b><\/p>\n<p>Al Ittihad&#8217;\u0131n Youssef En-Nesyri i\u00e7in Fenerbah\u00e7e&#8217;ye resmi ilgi g\u00f6stermesinin ard\u0131ndan s\u00fcre\u00e7 h\u0131z kazand\u0131. Ya\u011f\u0131z Sabuncuo\u011flu&#8217;nun aktard\u0131\u011f\u0131 bilgiye g\u00f6re Fasl\u0131 golc\u00fc, Suudi Arabistan ekibinin teklifine &#8220;evet&#8221; dedi. Transferin resmiyet kazanmas\u0131 i\u00e7in Suudi Pro Lig onay\u0131n\u0131n beklendi\u011fi belirtildi.<\/p>\n<p><b>KANTE TRANSFER\u0130N\u0130N \u00d6N\u00dc A\u00c7ILDI<\/b><\/p>\n<p>Bu geli\u015fme, Fenerbah\u00e7e&#8217;nin uzun s\u00fcredir g\u00fcndeminde yer alan N&#8217;Golo Kant\u00e9 transferini de do\u011frudan etkiledi. Sar\u0131-lacivertli y\u00f6netimin, Kant\u00e9&#8217;nin ayr\u0131l\u0131\u011f\u0131na izin verilmesi durumunda En-Nesyri transferine onay verece\u011fini Al Ittihad&#8217;a bildirdi\u011fi \u00f6\u011frenildi.<\/p>\n<p><b>BONServis VE S\u00d6ZLE\u015eME DETAYLARI<\/b><\/p>\n<p>Yap\u0131lan g\u00f6r\u00fc\u015fmelerde Al Ittihad&#8217;\u0131n Kant\u00e9 i\u00e7in talep etti\u011fi 4 milyon euro bonservis bedeli \u00fczerinde anla\u015fma sa\u011fland\u0131. Fenerbah\u00e7e&#8217;nin, 34 ya\u015f\u0131ndaki Frans\u0131z y\u0131ld\u0131zla 2,5 y\u0131ll\u0131k s\u00f6zle\u015fme konusunda da el s\u0131k\u0131\u015ft\u0131\u011f\u0131 ifade edildi.<\/p>\n<p><b>KADRO DI\u015eI KALDI, \u0130DD\u0130ALAR G\u00dcNDEME GELD\u0130<\/b><\/p>\n<p>Al Ittihad Kul\u00fcb\u00fc, Kant\u00e9&#8217;nin sakatl\u0131\u011f\u0131 nedeniyle Al Najma ma\u00e7\u0131n\u0131n kadrosuna al\u0131nmad\u0131\u011f\u0131n\u0131 a\u00e7\u0131klad\u0131. Ancak Suudi Arabistan bas\u0131n\u0131nda yer alan baz\u0131 iddialarda, Frans\u0131z orta saha oyuncusunun Fenerbah\u00e7e&#8217;ye transfer s\u00fcreci nedeniyle riske edilmedi\u011fi \u00f6ne s\u00fcr\u00fcld\u00fc.<\/p>\n<p><b>KANTE&#8217;N\u0130N SEZON PERFORMANSI<\/b><\/p>\n<p>N&#8217;Golo Kant\u00e9, bu sezon Al Ittihad formas\u0131yla 26 ma\u00e7ta g\u00f6rev ald\u0131 ve 2 gol, 1 asistlik katk\u0131 sa\u011flad\u0131.<\/p>\n<p><b>FRED DETAYI G\u00dcNDEME GELD\u0130<\/b><\/p>\n<p>\u00d6te yandan Fenerbah\u00e7e&#8217;nin, Al Ittihad&#8217;a Fred&#8217;i \u00f6nerdi\u011fi de ortaya \u00e7\u0131kt\u0131. Sar\u0131-lacivertlilerin, 32 ya\u015f\u0131ndaki Brezilyal\u0131 orta saha oyuncusunun Suudi ekibiyle anla\u015fmas\u0131 halinde transfere izin vermeye haz\u0131r oldu\u011fu belirtildi.<\/p>\n","protected":false},"excerpt":{"rendered":"<p>Youssef En-Nesyri&#8217;nin Al Ittihad&#8217;\u0131n teklifini kabul etmesiyle Fenerbah\u00e7e&#8217;de Kante transferinin \u00f6n\u00fc a\u00e7\u0131ld\u0131; taraflar bonservis ve s\u00f6zle\u015fme \u015fartlar\u0131nda b\u00fcy\u00fck \u00f6l\u00e7\u00fcde anla\u015fma sa\u011flad\u0131.<\/p>\n","protected":false},"author":1,"featured_media":32572,"comment_status":"open","ping_status":"open","sticky":false,"template":"","format":"standard","meta":{"footnotes":""},"categories":[14],"tags":[1394,1395,404],"class_list":["post-32571","post","type-post","status-publish","format-standard","has-post-thumbnail","hentry","category-spor","tag-al-ittihad","tag-kante","tag-transfer"],"_links":{"self":[{"href":"https:\/\/bihavadis.com\/index.php\/wp-json\/wp\/v2\/posts\/32571","targetHints":{"allow":["GET"]}}],"collection":[{"href":"https:\/\/bihavadis.com\/index.php\/wp-json\/wp\/v2\/posts"}],"about":[{"href":"https:\/\/bihavadis.com\/index.php\/wp-json\/wp\/v2\/types\/post"}],"author":[{"embeddable":true,"href":"https:\/\/bihavadis.com\/index.php\/wp-json\/wp\/v2\/users\/1"}],"replies":[{"embeddable":true,"href":"https:\/\/bihavadis.com\/index.php\/wp-json\/wp\/v2\/comments?post=32571"}],"version-history":[{"count":1,"href":"https:\/\/bihavadis.com\/index.php\/wp-json\/wp\/v2\/posts\/32571\/revisions"}],"predecessor-version":[{"id":32573,"href":"https:\/\/bihavadis.com\/index.php\/wp-json\/wp\/v2\/posts\/32571\/revisions\/32573"}],"wp:featuredmedia":[{"embeddable":true,"href":"https:\/\/bihavadis.com\/index.php\/wp-json\/wp\/v2\/media\/32572"}],"wp:attachment":[{"href":"https:\/\/bihavadis.com\/index.php\/wp-json\/wp\/v2\/media?parent=32571"}],"wp:term":[{"taxonomy":"category","embeddable":true,"href":"https:\/\/bihavadis.com\/index.php\/wp-json\/wp\/v2\/categories?post=32571"},{"taxonomy":"post_tag","embeddable":true,"href":"https:\/\/bihavadis.com\/index.php\/wp-json\/wp\/v2\/tags?post=32571"}],"curies":[{"name":"wp","href":"https:\/\/api.w.org\/{rel}","templated":true}]}}