{"id":3259,"date":"2026-01-28T09:45:07","date_gmt":"2026-01-28T09:45:07","guid":{"rendered":"https:\/\/bihavadis.com\/?p=3259"},"modified":"2026-01-28T09:45:07","modified_gmt":"2026-01-28T09:45:07","slug":"mert-gunok-dunya-kupasina-inancimiz-tam","status":"publish","type":"post","link":"https:\/\/bihavadis.com\/index.php\/2026\/01\/28\/mert-gunok-dunya-kupasina-inancimiz-tam\/","title":{"rendered":"Mert G\u00fcnok: D\u00fcnya Kupas\u0131&#8217;na inanc\u0131m\u0131z tam"},"content":{"rendered":"<p> Fenerbah\u00e7e&#8217;nin milli kalecisi Mert G\u00fcnok, A Milli Tak\u0131m&#8217;\u0131n ortaya koydu\u011fu birliktelik ve kaliteli oyunla mart ay\u0131ndaki play-off&#8217;lar\u0131 ge\u00e7erek 2026 FIFA D\u00fcnya Kupas\u0131&#8217;na kat\u0131lacaklar\u0131na inand\u0131\u011f\u0131n\u0131 s\u00f6yledi.<\/p>\n<p>Anadolu Ajans\u0131n\u0131n T\u00fcrkiye&#8217;nin \u00d6deme Y\u00f6ntemi TROY&#8217;un katk\u0131lar\u0131yla hayata ge\u00e7irdi\u011fi &#8220;2026 D\u00fcnya Kupas\u0131 Yolunda Milli Gururlar&#8221; projesinin \u00fc\u00e7\u00fcnc\u00fc konu\u011fu olan Mert G\u00fcnok, AA muhabirine \u00f6zel a\u00e7\u0131klamalarda bulundu.<\/p>\n<p>24 y\u0131ll\u0131k D\u00fcnya Kupas\u0131 hasretini sona erdirmek i\u00e7in m\u00fccadele veren A Milli Tak\u0131m futbolcular\u0131n\u0131, T\u00fcrk halk\u0131na daha yak\u0131ndan tan\u0131tmak ve milli tak\u0131m taraftar olgusunu g\u00fc\u00e7lendirmek i\u00e7in ger\u00e7ekle\u015ftirilen projede, milli oyuncular\u0131n D\u00fcnya Kupas\u0131 hedefi, milli tak\u0131mla ilgili d\u00fc\u015f\u00fcnceleri, ya\u015fad\u0131klar\u0131 \u015fehirlerdeki g\u00fcnl\u00fck ya\u015famlar\u0131 ve kul\u00fcp tak\u0131mlar\u0131ndaki durumlar\u0131 detayl\u0131 bir \u015fekilde ele al\u0131nacak.<\/p>\n<p>&#8220;Rakibimizin kim oldu\u011fu \u00f6nemli de\u011fil. \u0130n\u015fallah D\u00fcnya Kupas\u0131&#8217;na kat\u0131laca\u011f\u0131z&#8221;<\/p>\n<p>2026 FIFA D\u00fcnya Kupas\u0131&#8217;na kat\u0131lmak i\u00e7in mart ay\u0131nda tek ma\u00e7 eleme usul\u00fcne g\u00f6re oynanacak play-off ma\u00e7lar\u0131n\u0131n zor ge\u00e7ece\u011fini fakat D\u00fcnya Kupas\u0131 bileti alacaklar\u0131na inand\u0131klar\u0131n\u0131 belirten Mert, &#8220;Grup ma\u00e7lar\u0131n\u0131 \u00e7ok ba\u015far\u0131l\u0131 bir \u015fekilde ge\u00e7tik ve \u00e7ok etkili oyunlar ortaya koyduk. Sadece talihsiz bir \u0130spanya ma\u00e7\u0131m\u0131z oldu ama di\u011fer ma\u00e7larda \u00e7ok etkili oyunlar ortaya koyduk ve g\u00fcc\u00fcm\u00fcz\u00fc b\u00fct\u00fcn d\u00fcnyaya sergiledik. \u015eimdi tabii ki D\u00fcnya Kupas\u0131&#8217;na kat\u0131lmak i\u00e7in \u00f6n\u00fcm\u00fczde iki tane ma\u00e7 kald\u0131. Rakibin isminden ba\u011f\u0131ms\u0131z olarak, kendi g\u00fcc\u00fcm\u00fcz\u00fc ortaya koyup, takti\u011fimizi rakibe benimsetebilirsek, kendi oyunumuzu oynayabilirsek, rakibimizin kim oldu\u011fu \u00f6nemli de\u011fil. \u0130lk ma\u00e7\u0131 da ge\u00e7tikten sonra ikinci tak\u0131m\u0131n da kim olaca\u011f\u0131 \u00f6nemli de\u011fil. \u0130n\u015fallah D\u00fcnya Kupas\u0131&#8217;na kat\u0131laca\u011f\u0131z. Bunu y\u00fcrekten istiyorum.&#8221; ifadelerini kulland\u0131.<\/p>\n<p>Deneyimli kaleci, play-off ilk ma\u00e7\u0131n\u0131 ge\u00e7meleri halinde ikinci ma\u00e7\u0131n deplasmanda tek ma\u00e7 olarak oynanacak olmas\u0131 hakk\u0131nda, &#8220;Bir final ma\u00e7\u0131 gibi olacak, ilk ma\u00e7\u0131 ge\u00e7meden bunu konu\u015fmak da asl\u0131nda belki do\u011fru de\u011fil ama ilk ma\u00e7\u0131m\u0131z\u0131 ge\u00e7ece\u011fimize inan\u0131yorum. \u0130kinci ma\u00e7\u0131n deplasmanda olmas\u0131 bir anlamda final ma\u00e7\u0131 olmas\u0131 dolay\u0131s\u0131yla zor olarak g\u00f6r\u00fclebilir ama futbol sahada oynan\u0131yor. Biz deplasmanda \u00e7o\u011fu kez galip geldik, iyi oyunlar ortaya koyduk. Bizim i\u00e7in ev sahibi olmam\u0131z veya deplasmanda olmam\u0131z kendi tempomuzu, kendi oyunumuzu sahaya yans\u0131tabilirsek \u00e7ok da \u00f6nemli de\u011fil.&#8221; de\u011ferlendirmesinde bulundu.<\/p>\n<p>&#8220;Grubu g\u00f6rd\u00fckten sonra mutlaka bu D\u00fcnya kupas\u0131nda olmal\u0131y\u0131z fikri herkeste olu\u015fmu\u015ftur&#8221;<\/p>\n<p>Mert G\u00fcnok, D\u00fcnya Kupas\u0131&#8217;na kat\u0131lmam\u0131z halinde ABD, Paraguay ve Avustralya ile ayn\u0131 grupta yer alaca\u011f\u0131m\u0131z\u0131n hat\u0131rlat\u0131lmas\u0131 \u00fczerine, &#8220;Grubu g\u00f6rd\u00fckten sonra mutlaka bu D\u00fcnya Kupas\u0131&#8217;nda olmal\u0131y\u0131z fikri herkeste olu\u015fmu\u015ftur. G\u00f6receli olarak belki bizim a\u00e7\u0131m\u0131zdan daha uygun ve kolay bir grup gibi g\u00f6r\u00fcn\u00fcyor ama tabii ki D\u00fcnya Kupas\u0131&#8217;nda ne olaca\u011f\u0131 belli olmaz. Futbol sahada oynan\u0131yor. Hi\u00e7bir \u00fclkeyi k\u00fc\u00e7\u00fcmsememek gerek. Orada final gibi ma\u00e7lar oynanacak. Tabii ki ilk hedefimiz \u00f6nce oraya kat\u0131lmak. Ama ben e\u011fer oraya kat\u0131l\u0131rsak \u00e7ok daha ilerisine gidebilece\u011fimizi d\u00fc\u015f\u00fcn\u00fcyorum.&#8221; \u015feklinde konu\u015ftu.<\/p>\n<p>Milli tak\u0131m\u0131n 24 y\u0131ll\u0131k D\u00fcnya Kupas\u0131 hasretini bitirecek g\u00fcc\u00fc sahip oldu\u011funun alt\u0131n\u0131 \u00e7izen Mert, &#8220;Bu jenerasyonun bu hasrete son verememesi i\u00e7in bir sebep yok. Ger\u00e7ekten \u00e7ok iyi bir jenerasyon ve iyi bir hocaya sahibiz. \u0130yi oyunculardan kurulu bir tak\u0131m\u0131z. Benim de futbol hayat\u0131m\u0131n belki son 3-4 senesine girerken b\u00f6yle maj\u00f6r bir turnuvada, \u00f6zellikle D\u00fcnya Kupas\u0131&#8217;nda bulunmak en b\u00fcy\u00fck hedefim. \u0130n\u015fallah hem tak\u0131m olarak hem de bireysel olarak oraya gitmek hem benim i\u00e7in hem tak\u0131m\u0131m\u0131z i\u00e7in hem de insanlar\u0131m\u0131z i\u00e7in \u00e7ok gurur verici, mutluluk verici bir an olacakt\u0131r.&#8221; s\u00f6zlerini kulland\u0131.<\/p>\n<p>Milli tak\u0131m kalesine ilk ge\u00e7ti\u011fi g\u00fcn\u00fc \u00e7ok net hat\u0131rlad\u0131\u011f\u0131n\u0131 aktaran deneyimli file bek\u00e7isi \u015f\u00f6yle konu\u015ftu: <\/p>\n<p>&#8220;Benim i\u00e7in \u00e7ok \u015fansl\u0131 diyebilece\u011fim bir d\u00f6nemdi. A Milli Tak\u0131m&#8217;da oynayabilecek kaleciler s\u0131ralamas\u0131nda 7. s\u0131radayd\u0131m. \u00dcmit Milli Tak\u0131m ile yaz kamp\u0131ndayken, A Milli Tak\u0131m&#8217;daki kaleci eksikli\u011finden dolay\u0131 beni A tak\u0131m kadrosuna davet ettiler. Avusturya&#8217;da kampa dahil olmu\u015ftum. \u0130lk milli ma\u00e7\u0131mda sahaya \u00e7\u0131k\u0131\u015f\u0131m da 62. dakika Cenk G\u00f6nen&#8217;in sakatlanmas\u0131 ile oldu. Asl\u0131nda o g\u00fcn oynamay\u0131 beklemiyordum. 2011&#8217;den bu yana milli tak\u0131m kadrosuna giriyorum ama 2014 y\u0131l\u0131nda G\u00fcrcistan ma\u00e7\u0131nda Cenk G\u00f6nen&#8217;in sakatlanmas\u0131yla ilk kez oyuna girme f\u0131rsat\u0131 buldum. Oyuncu de\u011fi\u015fikli\u011fi i\u015fareti gelince benim i\u00e7in de heyecan verici bir an olmu\u015ftu. A Milli Tak\u0131m formas\u0131n\u0131 giymek her gen\u00e7 oyuncu i\u00e7in en \u00fcst mertebedir. O y\u00fczden \u00e7ok heyecanl\u0131 bir \u015fekilde oyuna girdim. Ama mizac\u0131mdan dolay\u0131, her zamanki sakinli\u011fimle iyi de bir ma\u00e7 \u00e7\u0131karm\u0131\u015ft\u0131m. Asl\u0131nda ma\u00e7\u0131n son yar\u0131m saatinde iki tane de top gelmi\u015fti, g\u00fczel kurtar\u0131\u015flar\u0131 yapm\u0131\u015ft\u0131m.&#8221;<\/p>\n<p>EURO 2020 \u00f6ncesinde ya\u015fanan pandeminin milli tak\u0131m\u0131n yakalad\u0131\u011f\u0131 ivmeyi kesintiye u\u011fratt\u0131\u011f\u0131n\u0131 dile getiren deneyimli kaleci, \u015fu ifadeleri kulland\u0131: <\/p>\n<p>&#8220;\u00c7ok iyi bir kadromuz vard\u0131. O d\u00f6nemde ilk 11 oynayan oyunculardan da iki tane sakat\u0131m\u0131z vard\u0131. Pandemiyle beraber turnuvan\u0131n 1 sene ertelenmesi tak\u0131m\u0131n ivmesini bozdu. Pandemide oynanan futbol ikliminde de her \u015fey istedi\u011fimiz gibi gitmedi. Avrupa \u015eampiyonas\u0131&#8217;na haz\u0131rl\u0131k a\u015famas\u0131 da \u00e7ok sa\u011fl\u0131kl\u0131 olmad\u0131. Erken bir \u015fekilde geri d\u00f6nd\u00fck. Eleme grubu ma\u00e7lar\u0131n\u0131n hepsinde ben oynam\u0131\u015ft\u0131m. Sadece garantiledikten son Andorra ma\u00e7\u0131nda oynamam\u0131\u015ft\u0131m. Grup ma\u00e7lar\u0131n\u0131n hepsinde oynay\u0131p, pandemiden dolay\u0131 bir sene sonras\u0131nda ertelince turnuva, o d\u00f6nemki se\u00e7imlerde \u015fampiyonada oynamam\u0131\u015f olmak beni bir hayli \u00fczm\u00fc\u015ft\u00fc. Hatta \u0130talya ile oynanan a\u00e7\u0131l\u0131\u015f ma\u00e7\u0131 \u00f6ncesinde \u00e7imlere ve atmosfere bakmak i\u00e7in sahaya ilk \u00e7\u0131kt\u0131\u011f\u0131m\u0131zda, &#8216;Ke\u015fke burada oynasayd\u0131m, \u00e7ok g\u00fczel bir atmosfer var.&#8217; dedi\u011fimi hat\u0131rl\u0131yorum. Etkili bir oyun koyamam\u0131\u015ft\u0131k. \u0130talya \u00e7ok etkili oynam\u0131\u015ft\u0131 bize kar\u015f\u0131. Tabii ki o d\u00f6nemin favorilerindendi. Baya\u011f\u0131 bir \u00fcst\u00fcnl\u00fck kurmu\u015flard\u0131, biz de \u00e7ok defansif bir oyun oynam\u0131\u015ft\u0131k. Bizim i\u00e7in k\u00f6t\u00fc bir an diyebilirim.&#8221;<\/p>\n<p>&#8220;Bundan sonra bir turnuva tak\u0131m\u0131 olarak an\u0131lmamam\u0131z i\u00e7in hi\u00e7bir sebep yok&#8221;<\/p>\n<p>&#8220;EURO 2020&#8217;de oynayamam\u0131\u015f olmak beni bir hayli \u00fczm\u00fc\u015ft\u00fc ve kendi ad\u0131ma hedefi 2024 Avrupa \u015eampiyonas\u0131 olarak koymu\u015ftum.&#8221; s\u00f6zlerini kullanan Mert \u015f\u00f6yle konu\u015ftu: <\/p>\n<p>&#8220;2020 Avrupa \u015eampiyonas\u0131&#8217;ndan sonra Be\u015fikta\u015f&#8217;ta b\u00fcy\u00fck bir sakatl\u0131k ya\u015fad\u0131m. Oradan d\u00f6n\u00fcp 2024&#8217;te oynamay\u0131 kendime hedef koydum, bu hedefe ula\u015ft\u0131\u011f\u0131m i\u00e7in kendi ad\u0131ma gururlu ve mutluyum. Bir \u00f6nceki turnuvadan ald\u0131\u011f\u0131m\u0131z tecr\u00fcbeler vard\u0131. Neleri yanl\u0131\u015f yapt\u0131k; haz\u0131rl\u0131k a\u015famas\u0131nda, ma\u00e7lardaki pozisyonlar\u0131m\u0131zda, antrenman programlar\u0131, tak\u0131m\u0131n saha i\u00e7i ve saha d\u0131\u015f\u0131 problemleri olsun&#8230; Hepsine a\u015finayd\u0131m ve bunlar\u0131 biliyordum. Benimle beraber 2024 kadrosunda bulunan birka\u00e7 birka\u00e7 futbolcu daha vard\u0131. Hepimiz tecr\u00fcbelerimizi aktard\u0131k. \u0130yi bir grup a\u015famas\u0131 ge\u00e7irdik, finallerde birlik beraberli\u011fimiz \u00e7ok \u00fcst d\u00fczeydeydi. Daha kompakt bir tak\u0131m\u0131m\u0131z vard\u0131. Tabii ki hocam\u0131z da bunda b\u00fcy\u00fck bir etkendi. Hocan\u0131n bizden ne istedi\u011fini net bir \u015fekilde belli etmesi, bizden her istedi\u011fini uygulamam\u0131z i\u00e7in \u00e7ok \u0131srarc\u0131 davranmas\u0131, antrenmanlarda istedi\u011fi \u00e7\u0131kana kadar antrenman\u0131 bitirmemesi, bir disiplin i\u00e7erisinde herkesin de hocaya sayg\u0131 duyup ona inanmas\u0131 \u00f6nemliydi. 2024&#8217;te belki daha ileriye gidebilece\u011fimiz bir an vard\u0131, gitmek de isterdik ama a\u00e7\u0131k\u00e7as\u0131 orada bitti\u011fi i\u00e7in \u00fcz\u00fclm\u00fc\u015ft\u00fck.&#8221;<\/p>\n<p>&#8220;Uzun s\u00fcredir neredeyse hep ayn\u0131 tak\u0131mla oynuyoruz bu milli tak\u0131m i\u00e7in \u00f6nemli&#8221;<\/p>\n<p>K\u0131sa s\u00fcrelerde toplanan milli tak\u0131mda birlikteli\u011fi sa\u011flaman\u0131n zor fakat \u00e7ok \u00f6nemli oldu\u011funu belirten milli kaleci, &#8220;Uzun s\u00fcredir neredeyse hep ayn\u0131 tak\u0131mla oynuyoruz. Hocam\u0131z da tak\u0131m\u0131 genelde bozmamaya \u00e7al\u0131\u015f\u0131yor. Genelde ayn\u0131 isimleri \u00e7a\u011f\u0131rmaya \u00e7al\u0131\u015f\u0131yor ki bu milli tak\u0131m i\u00e7in \u00f6nemli.&#8221; s\u00f6zlerini kullanarak \u015f\u00f6yle konu\u015ftu: <\/p>\n<p>&#8220;Zaman zaman performansa g\u00f6re de\u011fi\u015fen oyuncular oluyordur ama i\u00e7eride bir birliktelik var. Saha d\u0131\u015f\u0131nda milli tak\u0131m\u0131n \u00e7ok iyi bir birlikteli\u011fi var, bu son y\u0131llarda saha i\u00e7ine de yans\u0131maya ba\u015flad\u0131. \u015eimdi \u00e7ok yetenekli bir jenerasyon da geldi. Arda olsun, Kenan olsun, d\u00fcnyaca tan\u0131nan isimler art\u0131k. Hakan zaten y\u0131llard\u0131r milli tak\u0131m\u0131n i\u00e7erisinde 100. ma\u00e7\u0131n\u0131 da ge\u00e7ti, \u00f6nemli bir lider. O y\u00fczden birlikteli\u011fin daha \u00e7ok olmas\u0131, daha kompakt bir futbol oynamam\u0131z ve hocam\u0131z\u0131n bize ne istedi\u011fini daha net bir \u015fekilde belirtmesi, bundan sonra bir turnuva tak\u0131m\u0131 olarak an\u0131lmamam\u0131z i\u00e7in hi\u00e7bir sebep yok. Hocam\u0131z rakip tak\u0131m\u0131n duru\u015funa, formasyonuna ve takti\u011fine g\u00f6re bize bir taktik veriyor ve genelde ayn\u0131 oyuncular oldu\u011fu i\u00e7in rakibin takti\u011fine nas\u0131l kar\u015f\u0131l\u0131k vereceksek ona \u00e7ok \u00e7abuk \u015fekilde uyum sa\u011fl\u0131yor. Antrenmanlar hep bunun \u00fczerine oluyor. Hemen hemen ayn\u0131 oyuncularla oynanmas\u0131, bir milli tak\u0131m k\u00fclt\u00fcr\u00fcn\u00fcn olu\u015fmas\u0131 \u00f6nemli. Bazen bakmadan at\u0131lan toplar bile asl\u0131nda plan\u0131n bir par\u00e7as\u0131. \u00c7\u00fcnk\u00fc oyuncular birbirini iyi tan\u0131yor. Kimin ne kadar h\u0131zl\u0131 oldu\u011funu, kimin ne zaman ko\u015fu yapabilece\u011fini biliyor. Bizim tak\u0131m\u0131z\u0131n en b\u00fcy\u00fck art\u0131s\u0131 uzun s\u00fcredir birlikte oynayan bir ekip olmas\u0131 ve \u00e7ok yetenekli bir kadroya sahip olmam\u0131z. Ayn\u0131 zamanda b\u00fct\u00fcn jenerasyonlarda oldu\u011fu gibi T\u00fcrk Milli Tak\u0131m\u0131&#8217;n\u0131n formas\u0131n\u0131 giyen, T\u00fcrk bayra\u011f\u0131n\u0131 g\u00f6\u011fs\u00fcnde ta\u015f\u0131yan herkes sonuna kadar pes etmeyece\u011finden hemfikirdir. Bizim tak\u0131m\u0131z da \u015fu anda mili formay\u0131 \u00fcst\u00fcne ge\u00e7irdi\u011fi zaman her ma\u00e7ta sonuna kadar sava\u015facakt\u0131r.&#8221;<\/p>\n<p>2011 y\u0131l\u0131ndan bu yana milli tak\u0131m\u0131n i\u00e7erisinde oldu\u011funu ve bir\u00e7ok jenerasyonu g\u00f6rd\u00fc\u011f\u00fcn\u00fc aktaran Mert, &#8220;\u015eu an Z ku\u015fa\u011f\u0131 diye adland\u0131r\u0131lan ku\u015fakta bir\u00e7ok oyuncumuz var. Onlar\u0131n tabii kafa yap\u0131s\u0131 biraz daha farkl\u0131. Bazen disiplinden kopma noktalar\u0131 olabiliyor saha d\u0131\u015f\u0131nda, saha i\u00e7inde de\u011fil. O anlarda bizim asl\u0131nda biraz daha \u00f6n plana \u00e7\u0131kt\u0131\u011f\u0131m\u0131z anlar oluyor. Bir de tabii ki sosyal veya geleneksel medyadan etkilendikleri anlar olabiliyor. Bir k\u00f6t\u00fc ma\u00e7tan sonra ki son turnuva da bunu ya\u015fad\u0131k, bazen yalan haberlerle y\u0131prat\u0131lmaya \u00e7al\u0131\u015f\u0131l\u0131yorlar. Onlarla beraber bu konular\u0131 \u00e7ok fazla konu\u015fuyoruz. Hakan tak\u0131m\u0131m\u0131z\u0131n kaptan\u0131 ama ben de tak\u0131m\u0131n en b\u00fcy\u00fc\u011f\u00fcy\u00fcm. Zaman zaman benim de konu\u015ftu\u011fum anlar oluyor. Kul\u00fcp tak\u0131m\u0131 gibi s\u00fcrekli beraber olmad\u0131\u011f\u0131m\u0131z i\u00e7in b\u00f6yle anlar etkili oluyor.&#8221; \u015feklinde konu\u015ftu.<\/p>\n<p>&#8220;Montella&#8217;n\u0131n \u015fu anda bizimle beraber olmas\u0131 bizim i\u00e7in b\u00fcy\u00fck bir \u015fans&#8221;<\/p>\n<p>Milli tak\u0131mdaki t\u00fcm oyuncular\u0131n Montella i\u00e7in iyi \u015feyler d\u00fc\u015f\u00fcnd\u00fc\u011f\u00fcn\u00fc s\u00f6yleyen deneyimli kaleci, &#8220;Hocam\u0131z geldi\u011finden bu yana etkisini ortaya koydu. En b\u00fcy\u00fck \u00f6zelli\u011fi s\u00f6ylediklerinde net olmas\u0131 ve ne istedi\u011fini net bir \u015fekilde belli etmesi. Kendi do\u011frular\u0131n\u0131 bize inand\u0131rmas\u0131 ve bizim de onun dediklerini yapmaya \u00e7al\u0131\u015fmam\u0131z. B\u00fct\u00fcn oyuncular benimle ayn\u0131 fikirdedir. Rakibe g\u00f6re takti\u011fin de\u011fi\u015fmesi, rakibe g\u00f6re nas\u0131l oynayaca\u011f\u0131m\u0131z\u0131n belirlenmesi ve bunu antrenmanlarda \u00e7al\u0131\u015fmam\u0131z asl\u0131nda gen\u00e7 oyuncular i\u00e7in de \u00e7ok \u00f6nemli bir etken. \u00c7\u00fcnk\u00fc \u00f6zellikle gen\u00e7 oyuncular bunu istiyor. Yani ne yapacaklar\u0131n\u0131 hocalar\u0131n\u0131n s\u00f6ylemesini istiyor. Eskiden daha do\u011fa\u00e7lama bir futbol oynan\u0131yordu ama \u015fimdi daha fazla her \u015feyin belirgin oldu\u011fu, oyuncular\u0131n ne istendi\u011fini net bir \u015fekilde s\u00f6ylenmesinin gerekti\u011fi bir ortamday\u0131z. Futbol iklimi bu \u015fekilde geli\u015fti. Hoca da bu y\u00f6nde bizim i\u00e7in iyi bir \u015fans. \u00d6zellikle gen\u00e7 oyuncular i\u00e7in. \u00c7\u00fcnk\u00fc onlar\u0131n saha i\u00e7i ve d\u0131\u015f\u0131nda neler yapmas\u0131 gerekti\u011fini net bir \u015fekilde s\u00f6yl\u00fcyor. O y\u00fczden Montella&#8217;n\u0131n \u015fu anda bizimle beraber olmas\u0131 bizim i\u00e7in b\u00fcy\u00fck bir \u015fans.&#8221; ifadelerini kulland\u0131.<\/p>\n<p>EURO 2024&#8217;teki Portekiz yenilgisinden sonra yap\u0131lan ele\u015ftirileri haks\u0131z bulan Mert, &#8220;Asl\u0131nda tak\u0131m i\u00e7erisinde de\u011fi\u015fen bir \u015fey yoktu. Biz d\u0131\u015far\u0131dan gelen tepkilere ve bizi a\u015fa\u011f\u0131ya \u00e7ekmek i\u00e7in belki kas\u0131tl\u0131, belki kas\u0131ts\u0131z yap\u0131lan haberlere i\u00e7eride g\u00fcl\u00fcp ge\u00e7iyorduk. Ama i\u015f \u00f6yle bir noktaya gelmi\u015fti ki bas\u0131n a\u00e7\u0131klamas\u0131 yap\u0131lmak zorunda kal\u0131nd\u0131 ki bu bence milli tak\u0131m i\u00e7in \u00e7ok do\u011fru bir durum de\u011fildi. Milli oyuncular\u0131n bir Avrupa \u015fampiyonas\u0131 kamp\u0131nda daha ortada hi\u00e7bir \u015fey yokken b\u00f6yle kas\u0131tl\u0131 veya kas\u0131ts\u0131z haberlerle y\u0131prat\u0131lmaya \u00e7al\u0131\u015f\u0131l\u0131p kamera kar\u015f\u0131s\u0131na ge\u00e7irilmesi \u00e7ok sa\u011fl\u0131kl\u0131 de\u011fildi. Portekiz ma\u00e7\u0131nda sakatl\u0131\u011f\u0131mdan dolay\u0131 oynayamam\u0131\u015ft\u0131m, \u00e7ok da \u00fcz\u00fclm\u00fc\u015ft\u00fcm ama sonras\u0131nda sa\u011fl\u0131k ekibimizin fedakar \u00e7al\u0131\u015fmalar\u0131yla, gece g\u00fcnd\u00fcz demeden s\u00fcrekli tedavilerle ve \u00e7al\u0131\u015fmalarla di\u011fer ma\u00e7larda oynayabildim. \u00c7ok gereksiz bir ortam olu\u015fturuldu. Gereksiz bir m\u00fcnaka\u015faya girdik. Ke\u015fke olmasayd\u0131 ama sonras\u0131nda asl\u0131nda herkes neyin ne oldu\u011funu biraz daha g\u00f6rd\u00fc.&#8221; de\u011ferlendirmesinde bulundu.<\/p>\n<p>&#8220;Benim i\u00e7in b\u00fct\u00fcn kariyerim boyunca yapt\u0131\u011f\u0131m en \u00f6nemli kurtar\u0131\u015f&#8221;<\/p>\n<p>Deneyimli kaleci, &#8220;G\u00f6z\u00fcn\u00fc kapatt\u0131\u011f\u0131nda EURO 2024 ile ilgili ilk akl\u0131na gelen \u015fey nedir?&#8221; sorusuna, &#8220;G\u00f6z\u00fcm\u00fc kapatt\u0131\u011f\u0131mda ilk akl\u0131ma gelen Avusturya ma\u00e7\u0131ndaki yapt\u0131\u011f\u0131m kurtar\u0131\u015f olur ama genele yayarsak unutulmaz bir yakla\u015f\u0131k 40 g\u00fcn ya\u015fad\u0131k b\u00fct\u00fcn ekiple beraber. Ortam\u0131m\u0131z \u00e7ok g\u00fczeldi bitti\u011finde tatile \u00e7\u0131kmay\u0131 hi\u00e7 istemedik, &#8216;Ke\u015fke sonuna kadar gidebilseydik.&#8217; dedik. Hepimiz o anlamda \u00fcz\u00fcnt\u00fcl\u00fcyd\u00fck, sportif anlamda bu \u015fekilde \u00fcz\u00fcnt\u00fcl\u00fcyd\u00fck ama ayn\u0131 zamanda ger\u00e7ekten bir aile gibi olmu\u015ftuk, orada hep beraber daha uzun s\u00fcre kalmay\u0131 da isterdik ki turnuva bittikten sonra da yakla\u015f\u0131k 10-11 oyuncu hep beraber yine ayn\u0131 yere tatile gittik. Yani birbirimizden kopamad\u0131k.&#8221; yan\u0131t\u0131n\u0131 verdi.<\/p>\n<p>Avusturya ma\u00e7\u0131nda son saniyedeki kurtar\u0131\u015f\u0131n kendisi i\u00e7in unutulmaz oldu\u011funun alt\u0131n\u0131 \u00e7izen Mert G\u00fcnok, &#8220;Benim i\u00e7in b\u00fct\u00fcn kariyerim boyunca yapt\u0131\u011f\u0131m en \u00f6nemli kurtar\u0131\u015f. Belki de ilk defa bir kurtar\u0131\u015ftan sonra \u00e7ok b\u00fcy\u00fck bir reaksiyon g\u00f6sterdim bana g\u00f6re. Kale arkas\u0131ndaki trib\u00fcnlere d\u00f6n\u00fcp bir reaksiyon g\u00f6sterdim ki normalde kurtar\u0131\u015flar\u0131mdan sonra b\u00f6yle reaksiyonlar g\u00f6stermem. Benim i\u00e7in de \u00e7ok \u00f6nemli bir and\u0131. bir patlama an\u0131yd\u0131 kurtar\u0131\u015f ve sonras\u0131nda ya\u015fananlar i\u00e7in. Ma\u00e7\u0131n da son saniyelerinde gelmesi, daha sonras\u0131nda ma\u00e7\u0131n o \u015fekilde bitmesi, galip gelmemiz. Biri sordu\u011funda anlatmaktan b\u0131kmayaca\u011f\u0131m, benim i\u00e7in de her zaman \u00e7ok \u00f6zel bir an\u0131 kalacak bir kurtar\u0131\u015f oldu. Galibiyeti sadece benim kurtar\u0131\u015f\u0131ma indirgemek de do\u011fru olmaz. Merih&#8217;in de golleri vard\u0131. Bir tak\u0131m oyunu oynad\u0131k. Herkes elinden gelenin en iyisini yapt\u0131.&#8221; \u015feklinde konu\u015ftu.<\/p>\n<p>&#8220;\u00c7ocuklar &#8216;Ahtapot musun, \u00f6r\u00fcmcek misin?&#8217; s\u00f6ylemini \u00e7ok sevdi&#8221;<\/p>\n<p>Mert, Avusturya ma\u00e7\u0131nda yapt\u0131\u011f\u0131 kurtar\u0131\u015f\u0131n TV&#8217;deki anlat\u0131m\u0131n\u0131n da \u00e7ok konu\u015fuldu\u011funun hat\u0131rlat\u0131lmas\u0131 \u00fczerine, &#8220;Evet, o turnuvadan sonra anlat\u0131m benimle \u00f6zde\u015fle\u015fti diyebilirim. \u00d6zellikle \u00e7ocuklar &#8216;Ahtapot musun, \u00f6r\u00fcmcek misin?&#8217; s\u00f6ylemini \u00e7ok sevdi. D\u0131\u015far\u0131da bol bol kar\u015f\u0131la\u015ft\u0131m. B\u00fct\u00fcn \u00e7ocuklar bana ilk sorduklar\u0131 soru bu oluyordu. B\u00f6yle bir \u015feyle \u00f6zde\u015fle\u015fmek, b\u00f6yle b\u00fcy\u00fck bir turnuvadan sonra b\u00f6yle bir an\u0131n\u0131n belki de insanlar\u0131n hat\u0131ralar\u0131nda \u00e7ok daha fazla kalmas\u0131na yaramas\u0131 benim i\u00e7in de mutluluk verici. Belki de bu s\u00f6ylem, yapt\u0131\u011f\u0131m kurtar\u0131\u015f bir\u00e7ok gen\u00e7 \u00e7ocu\u011fun kaleci olmas\u0131na vesile oldu. \u00c7\u00fcnk\u00fc \u00e7ocuklar b\u00f6yle \u015feylerden ger\u00e7ekten etkilenebiliyorlar. Her zaman gurur verici bir an\u0131 olarak hat\u0131ramda kalacak.&#8221; ifadelerini kulland\u0131.<\/p>\n<p>EURO 2024&#8217;te kaptan Hakan \u00c7alhano\u011flu&#8217;nun soyunma odas\u0131nda yapt\u0131\u011f\u0131 bir konu\u015fman\u0131n kendilerini etkiledi\u011fini belirten deneyimli kaleci, &#8220;Hakan&#8217;\u0131n da bir konu\u015fmas\u0131 vard\u0131. Enes \u00dcnal, Ozan Kabak, \u00c7a\u011flar turnuvaya gelemedi. Soyunma odas\u0131nda kamp kadrosunda olup \u00e7\u0131kmak zorunda kalan oyuncular i\u00e7in yapt\u0131\u011f\u0131 bir konu\u015fma vard\u0131, o konu\u015fma bence \u00e7ok etkiliydi. Onlar\u0131n aram\u0131zda olmamas\u0131ndan dolay\u0131 \u00e7ok \u00fcz\u00fclm\u00fc\u015ft\u00fck.&#8221; dedi.<\/p>\n<p>EURO 2024&#8217;teki ma\u00e7lar \u00f6ncesinde T\u00fcrk taraftarlar\u0131n yapt\u0131\u011f\u0131 y\u00fcr\u00fcy\u00fc\u015flerin kendilerini \u00e7ok motive etti\u011finin alt\u0131n\u0131 \u00e7izen Mert G\u00fcnok, \u015f\u00f6yle konu\u015ftu: <\/p>\n<p>&#8220;\u015eehir de\u011fi\u015ftirdi\u011fimizde, otellere gitti\u011fimizde pencereden bakt\u0131\u011f\u0131m\u0131zda insanlar sabahtan ak\u015fama kadar bizi belki bir saniye g\u00f6rmek i\u00e7in bekliyordu. Bunlar herkesin yapabilece\u011fi \u015feyler de\u011fil. Bizim insan\u0131m\u0131z bu konuda \u00e7ok farkl\u0131. Bize desteklerini \u00f6zellikle Avrupa&#8217;da net bir \u015fekilde g\u00f6steriyorlar. Sosyal medyada onlar\u0131n yapt\u0131\u011f\u0131 y\u00fcr\u00fcy\u00fc\u015fleri ve tezah\u00fcratlar\u0131, g\u00f6rmek bizi \u00e7ok motive ediyordu. Ama benim en etkilendi\u011fim an, otelin \u00f6n\u00fcnde saatlerce, sabahtan ak\u015fama kadar sadece bizi bir an g\u00f6rmek i\u00e7in bekleyen ama hem g\u00fcvenlik hem de ma\u00e7a gitmemiz sebebiyle onlarla kucakla\u015famad\u0131\u011f\u0131m\u0131z anlar oldu. Buradan da onlardan \u00f6z\u00fcr diliyoruz ama i\u015fimiz gere\u011fi ma\u00e7a gitmemiz gerekiyordu. \u00d6zellikle G\u00fcrcistan ile oynad\u0131\u011f\u0131m\u0131z ilk ma\u00e7ta Dortmund&#8217;da trib\u00fcnlerin neredeyse y\u00fczde 70-80&#8217;inin bizim insan\u0131m\u0131zla dolu oldu\u011funu g\u00f6rmek bizi inan\u0131lmaz mutlu etti ve duyguland\u0131rd\u0131. Daha sonras\u0131nda \u0130stiklal Mar\u015f\u0131 okunmaya ba\u015fland\u0131\u011f\u0131nda neredeyse b\u00fct\u00fcn stad\u0131n sanki T\u00fcrkiye&#8217;de oynan\u0131yor gibi \u0130stiklal Mar\u015f\u0131&#8217;m\u0131z\u0131 hep bir a\u011f\u0131zdan okumas\u0131 hepimizi inan\u0131lmaz duyguland\u0131rm\u0131\u015ft\u0131. Benim i\u00e7in de \u00e7ok unutulmaz duygulu ve neredeyse motivasyonumun be\u015f kat artt\u0131\u011f\u0131 bir an olmu\u015ftu.&#8221;<\/p>\n<p>D\u00fcnya Kupas\u0131 elemelerinde \u0130spanya kar\u015f\u0131s\u0131nda farkl\u0131 kaybedilen ma\u00e7a da de\u011finen milli kaleci, &#8220;A\u00e7\u0131k\u00e7as\u0131 ma\u00e7tan sonra tabii ki \u00e7ok \u00fcz\u00fcld\u00fck ama \u0130spanya i\u00e7in \u015fu anda d\u00fcnyan\u0131n en iyi milli tak\u0131m\u0131 diyebiliriz. O ma\u00e7\u0131n o kadar k\u00f6t\u00fc ge\u00e7ece\u011fini belki kimse beklemiyordu, biz de beklemiyorduk. Ama futbol bu, \u015fanss\u0131zl\u0131k da o g\u00fcn \u00fcst\u00fcm\u00fczdeydi. \u00c7ok basit pozisyonlar verdik, basit goller yedik. Defans anlam\u0131nda \u00e7ok iyi duramad\u0131k ki ikinci ma\u00e7ta asl\u0131nda neler yapabilece\u011fimizi net \u015fekilde g\u00f6sterdik. Ama daha \u00f6nce de b\u00f6yle bir \u015fey ya\u015fad\u0131\u011f\u0131k, oradan da \u00e7ok g\u00fc\u00e7l\u00fc bir \u015fekilde \u00e7\u0131kt\u0131\u011f\u0131m\u0131z i\u00e7in buradan da g\u00fc\u00e7l\u00fc \u00e7\u0131kaca\u011f\u0131m\u0131z\u0131 biliyorduk. Nitekim de \u00f6yle oldu.&#8221; de\u011ferlendirmesinde bulundu.<\/p>\n<p>Mert G\u00fcnok, &#8220;Bu jenerasyon D\u00fcnya Kupas\u0131&#8217;na kat\u0131lamazsa yaz\u0131k olur yorumlar\u0131 yap\u0131l\u0131yor. Sen ne dersin?&#8221; sorusuna, &#8220;Yaz\u0131k olur. \u00c7\u00fcnk\u00fc herkesin ortak beklentisi bu jenerasyonun D\u00fcnya Kupas\u0131&#8217;na kat\u0131lmas\u0131. Kat\u0131lmamak i\u00e7in hi\u00e7bir sebebi yok, \u00e7ok iyi bir jenerasyon, \u00e7ok iyi gen\u00e7 ve tecr\u00fcbeli oyuncular var. Herkes birbirini \u00e7ok iyi bir \u015fekilde harmanl\u0131yor. \u00dcmitliyim kat\u0131laca\u011f\u0131m\u0131zdan. Orada da ba\u015far\u0131l\u0131 olaca\u011f\u0131m\u0131zdan \u00e7ok umutluyum.&#8221; yan\u0131t\u0131n\u0131 verdi.<\/p>\n<p>&#8220;2002&#8217;de tam hat\u0131rlayamad\u0131\u011f\u0131m an\u0131lar\u0131 \u00f6n\u00fcm\u00fczdeki D\u00fcnya Kupas\u0131&#8217;nda kendim yazmak istiyorum&#8221;<\/p>\n<p>Mert, &#8220;Son kat\u0131ld\u0131\u011f\u0131m\u0131z 2002 D\u00fcnya Kupas\u0131&#8217;yla ilgili neler hat\u0131rl\u0131yorsun?&#8221; sorusuna \u015fu yan\u0131t\u0131 verdi: <\/p>\n<p>&#8220;2002 D\u00fcnya Kupas\u0131 \u00e7ok eskide kald\u0131\u011f\u0131 i\u00e7in hat\u0131rlad\u0131\u011f\u0131m \u00e7ok fazla an\u0131 yok ama zaman zaman g\u00f6z\u00fcmde canlanan k\u00fc\u00e7\u00fck k\u00fc\u00e7\u00fck an\u0131lar var. O d\u00f6nemlerde altyap\u0131da oynuyordum, bazen antrenmana giderken ma\u00e7lar oynan\u0131yordu. \u0130\u015fte otob\u00fcsten inip y\u00fcr\u00fcrken, insanlar ma\u00e7lar\u0131 izlerken kahveden kafam\u0131 uzat\u0131p bak\u0131p antrenmana yeti\u015fmeye devam ediyordum. 2002&#8217;de D\u00fcnya kupas\u0131yla ilgili tam olarak hat\u0131rlayamad\u0131\u011f\u0131m an\u0131lar\u0131 \u00f6n\u00fcm\u00fczdeki D\u00fcnya Kupas\u0131&#8217;nda kendim yazmak istiyorum. D\u00fcnya Kupas\u0131 dedi\u011fimizde \u00f6zellikle ilk akl\u0131ma gelen 2002 D\u00fcnya Kupas\u0131&#8217;ndaki R\u00fc\u015ft\u00fc a\u011fabeyin g\u00f6z\u00fcn\u00fcn alt\u0131na \u00e7izdi\u011fi boya oluyor. Onun turuncu formas\u0131, beyaz eldivenleri. D\u00fcnya Kupas\u0131 dedi\u011fimiz zaman asl\u0131nda o d\u00f6nem akl\u0131m\u0131za geliyor. \u00c7\u00fcnk\u00fc en son T\u00fcrk Milli Tak\u0131m\u0131 olarak 2002 D\u00fcnya Kupas\u0131&#8217;ndayd\u0131k. Y\u0131llard\u0131r i\u00e7inde bulunmak istedi\u011fim d\u00fcnyan\u0131n en b\u00fcy\u00fck turnuvas\u0131. Umar\u0131m bu sene bunu ba\u015faraca\u011f\u0131z.&#8221;<\/p>\n<p>D\u00fcnya Kupas\u0131 i\u00e7in oynanacak play-off ma\u00e7lar\u0131 \u00f6ncesinde taraftara da seslenen Mert, &#8220;T\u00fcrk halk\u0131na mesaj\u0131m, \u00f6n\u00fcm\u00fczde oynayaca\u011f\u0131m\u0131z play-off ma\u00e7lar\u0131nda bizi \u00e7ok iyi bir \u015fekilde desteklemeleri, ma\u00e7 bitene kadar desteklerini esirgememeleri. \u00c7\u00fcnk\u00fc bazen milli ma\u00e7larda i\u015fler istedi\u011fimiz gibi gitmedi\u011finde gerekli deste\u011fi futbolcular\u0131n alamad\u0131\u011f\u0131 anlar oluyor ki bu da gayet do\u011fal ama son iki tane finalimiz kald\u0131, ilkini ge\u00e7ti\u011fimiz takdirde. \u00d6zellikle i\u00e7eride oynayaca\u011f\u0131m\u0131z ilk ma\u00e7ta sonuna kadar bizi desteklemelerini istiyorum. E\u011fer ikinci ma\u00e7a ge\u00e7ebilirsek orada da bir deplasman trib\u00fcn\u00fc illaki olacakt\u0131r. Orada da zaten farklar\u0131n\u0131 ortaya koyacaklard\u0131r. Seslerini \u00e7\u0131karabildikleri kadar \u00e7\u0131karacaklard\u0131r. Onlarla beraber T\u00fcrk halk\u0131n\u0131 D\u00fcnya Kupas\u0131&#8217;na giderek mutlu etmek istiyoruz.&#8221; diye konu\u015ftu.<\/p>\n<p>Saha d\u0131\u015f\u0131nda da sakin oldu\u011funu aktaran Mert, &#8220;Saha d\u0131\u015f\u0131nda daha sakinim. Saha i\u00e7erisinde de sakin g\u00f6r\u00fcn\u00fcyorum ama \u00f6zellikle uyar\u0131larda bulunurken bazen kameralar bize yak\u0131n \u00e7ekim yapt\u0131\u011f\u0131nda a\u011fz\u0131m\u0131zdan bazen istemedi\u011fimiz kelimeler \u00e7\u0131kabiliyor veya i\u015fte bizi ba\u011f\u0131r\u0131rken g\u00f6rebiliyorlar ki bu saha i\u00e7erisinde gayet normal \u015feyler. Saha d\u0131\u015f\u0131nda \u00e7ok daha sakin, evcimen bir hayat\u0131 olan e\u015fimle, k\u0131z\u0131mla \u00e7ok fazla vakit ge\u00e7irmeyi seven biriyim. O y\u00fczden saha i\u00e7i ve d\u0131\u015f\u0131nda \u00e7ok farkl\u0131 bir hayat\u0131m yok.&#8221; dedi.<\/p>\n<p>&#8220;Ailemde futbolcu genleri bask\u0131n. Ben de o gelene\u011fi kaleci olarak devam ettirdim&#8221;<\/p>\n<p>Aile ya\u015fant\u0131s\u0131ndan da bahseden milli kaleci, &#8220;E\u015fimle 10 senedir evliyiz. 7 ya\u015f\u0131na girecek k\u0131z\u0131m\u0131z var, ad\u0131 Ala. Onlarla y\u0131llard\u0131r mutlu bir hayat\u0131m var. E\u015fimin hayat\u0131mdaki yeri \u00e7ok \u00f6nemli. \u00c7\u00fcnk\u00fc her futbolcunun hayat\u0131nda ini\u015fli-\u00e7\u0131k\u0131\u015fl\u0131 anlar oluyor, ben de bunlar\u0131 olduk\u00e7a ya\u015fad\u0131m. Her zaman destek\u00e7im ve arkamda duran, deste\u011fini her zaman net bir \u015fekilde hissetti\u011fim hayat arkada\u015f\u0131m. K\u0131z\u0131m\u0131z\u0131n do\u011fmas\u0131yla beraber ise daha farkl\u0131 bir hayata evrilmeye ba\u015flad\u0131k. \u00d6n planda her zaman Ala oldu. \u015eu anda b\u00fct\u00fcn hayat\u0131m\u0131z\u0131 onun d\u00fczenine g\u00f6re kurduk. Bundan dolay\u0131 da \u00e7ok mutluyuz. Evcimen ve aile hayat\u0131n\u0131 seven biriyim, b\u00f6yle bir e\u015fe, b\u00f6yle bir k\u0131za sahip oldu\u011fum i\u00e7in de kendimi mutlu hissediyorum. K\u0131z\u0131m\u0131n ad\u0131n\u0131 ortak koyduk. K\u0131z oldu\u011funu \u00f6\u011frendi\u011fimiz anda ilk akl\u0131m\u0131za gelen isim ikimizin de buydu. Anlam\u0131 da en g\u00fczel demek.&#8221; ifadelerini kulland\u0131.<\/p>\n<p>Ailesinde \u00e7ok say\u0131da futbol oynayan isim oldu\u011funu dile getiren Mert G\u00fcnok \u015f\u00f6yle konu\u015ftu: <\/p>\n<p>&#8220;Babam Mahir G\u00fcnok, o da eski kaleci. Onun babas\u0131 dedem Fehmi G\u00fcnok, o da eski bir futbolcu. Ailemde futbolcu genleri bask\u0131n. Amcam Musa G\u00fcnok da bir futbolcuydu. Benim ilk ismim Fehmi dedemden geliyor. Dedemin lakab\u0131 Torik Fehmi&#8217;ymi\u015f o zamanlar, o lakab\u0131 takm\u0131\u015flar, nedenini a\u00e7\u0131k\u00e7as\u0131 bilmiyorum ama ailede futbolcu genleri bask\u0131n. Ben de o gelene\u011fi kaleci olarak devam ettirdim. Annemin ad\u0131 Necmiye G\u00fcnok, 2011 \u015eubat&#8217;ta kanserden vefat etmi\u015fti. Benim futbolcu olmamda da b\u00fcy\u00fck emekleri vard\u0131r. \u00c7\u00fcnk\u00fc 8-9 ya\u015f\u0131ndan itibaren babam daha \u00e7ok \u015fehir d\u0131\u015f\u0131nda \u00e7al\u0131\u015ft\u0131\u011f\u0131 i\u00e7in antrenmana annemle gidip gelmi\u015fimdir. \u0130\u015fte otob\u00fcsle minib\u00fcsle ak\u015famlar\u0131 okuldan sonra, beni hep o ya\u015flarda g\u00f6t\u00fcr\u00fcp getirmi\u015ftir. 13-14 ya\u015f\u0131na geldikten sonra kendi ba\u015f\u0131ma gitmeye ba\u015flam\u0131\u015ft\u0131m. Aileler okulun \u00f6nemli oldu\u011funu tabii ki d\u00fc\u015f\u00fcn\u00fcr ancak futbol ve okul bazen beraber gidemeyebiliyor, lise d\u00f6nemini a\u00e7\u0131ktan okuyup daha sonra \u00fcniversitede kazand\u0131m o d\u00f6nemde bana destek verdi\u011fi i\u00e7in annemin futbolcu olmamda \u00f6nemli bir yeri vard\u0131r. Karde\u015fim Merve G\u00fcnok eski bir voleybolcudur. O da sakatl\u0131klardan sonra yak\u0131n bir zamanda b\u0131rakt\u0131. Ailede sporcu genleri oldu\u011fu i\u00e7in k\u0131z\u0131m\u0131n da spor yapmas\u0131n\u0131 isterim. \u00c7\u00fcnk\u00fc sporcu olmak, disiplinli olmak demek. Sporcu olursa erken ya\u015fta disipline girip hayat\u0131n\u0131 daha g\u00fczel bir \u015fekilde idame ettirebilece\u011fini d\u00fc\u015f\u00fcn\u00fcyorum.&#8221;<\/p>\n<p>&#8220;K\u0131r\u0131lma noktalar\u0131mdan biri 14 ya\u015f\u0131nda basketbolla kalecilik aras\u0131nda kald\u0131\u011f\u0131m noktada kalecili\u011fi se\u00e7mem oldu&#8221;<\/p>\n<p>Kariyerine 9 ya\u015f\u0131nda Fenerbah\u00e7e altyap\u0131s\u0131nda ba\u015flayan ve 17 ya\u015f\u0131nda A tak\u0131ma \u00e7\u0131karak devam eden Mert G\u00fcnok, &#8220;9 ya\u015f\u0131ndan 14 ya\u015f\u0131na kadar basketbolla futbolu beraber g\u00f6t\u00fcr\u00fcyordum. Basketbol oynarken ayn\u0131 zamanda Fenerbah\u00e7e altyap\u0131s\u0131nda da kalecilik yap\u0131yordum. Hatta Cemal Diker \u0130lk\u00f6\u011fretim Okulu&#8217;yla beraber basketbolda bir Kad\u0131k\u00f6y \u015fampiyonlu\u011fumuz var. O d\u00f6nemde Anadolu Efes&#8217;te oynayan Do\u011fu\u015f Balbay, s\u0131n\u0131f arkada\u015f\u0131md\u0131, onunla beraber bir \u015fampiyonluk ya\u015fam\u0131\u015ft\u0131k. K\u0131r\u0131lma noktalar\u0131mdan biri de 14 ya\u015f\u0131nda basketbolla kalecilik aras\u0131nda kald\u0131\u011f\u0131m noktada kalecili\u011fi se\u00e7mem oldu. Asl\u0131nda bu kariyerimde ilk k\u0131r\u0131lma noktas\u0131 diyebiliriz. Kalecili\u011fi se\u00e7memle ba\u015flayan, her sabah \u00f6zel antrenmanlarla devam eden ve kendimi geli\u015ftirmeme yard\u0131mc\u0131 olan Yavuz Hoca ile beraber bana yard\u0131mc\u0131 olan Fenerbah\u00e7e altyap\u0131s\u0131nda belli bir yere kadar geldim. Daha sonra A tak\u0131ma y\u00fckseldim. A tak\u0131mda da yakla\u015f\u0131k 7-8 senelik bir ser\u00fcvenim oldu.&#8221; \u015feklinde konu\u015ftu.<\/p>\n<p>&#8220;25 ya\u015f\u0131nda Fenerbah\u00e7e&#8217;den ayr\u0131ld\u0131m, Bursaspor&#8217;a transfer oldum. Bursaspor&#8217;da ilk senemde yakla\u015f\u0131k 23 ma\u00e7a \u00e7\u0131kt\u0131m. \u0130kinci senemde bir lig ma\u00e7\u0131 bile oynayamad\u0131m. Benim i\u00e7in asl\u0131nda zorlu zamanlard\u0131.&#8221; s\u00f6zlerini kullanan Mert, kariyer yolculu\u011fu hakk\u0131nda \u015fu ifadeleri kulland\u0131: <\/p>\n<p>&#8220;Futbolcular genelde b\u00f6yle zorlu zamanlarda bir\u00e7ok kez yan\u0131lg\u0131ya ve b\u00f6yle \u00fcz\u00fcnt\u00fcye d\u00fc\u015febiliyor ama hem disiplinli, futbolcu genleri ta\u015f\u0131yan bir ailede b\u00fcy\u00fcm\u00fc\u015f olmamla beraber Bursaspor&#8217;dan sonra Ba\u015fak\u015fehir&#8217;e transfer oldum. Ba\u015fak\u015fehir&#8217;deki ilk senem de Avrupa ve kupa ma\u00e7lar\u0131yla ge\u00e7ti, bir lig ma\u00e7\u0131 oynayamad\u0131m. \u0130ki sene lig ma\u00e7\u0131 oynamam\u0131\u015f, ya\u015f\u0131 27-28&#8217;lere gelmi\u015f bir oyuncu belki hedef k\u00fc\u00e7\u00fcltmek zorunda kalabilir ama ben hi\u00e7bir zaman pes etmedim, hi\u00e7bir zaman y\u0131lmad\u0131m. Kariyerimin d\u00f6n\u00fc\u015f noktalar\u0131ndan biri de Ba\u015fak\u015fehir&#8217;de oynamaya ba\u015flad\u0131\u011f\u0131m ikinci y\u0131l\u0131md\u0131r. Ba\u015fak\u015fehir&#8217;de oynamaya ba\u015flad\u0131ktan sonra tekrar A Milli Tak\u0131m kap\u0131s\u0131n\u0131 kendime a\u00e7t\u0131m ve birinci kaleci pozisyonuna ge\u00e7tim. Ba\u015fak\u015fehir&#8217;deki oynad\u0131\u011f\u0131m ilk sene \u00e7ok ba\u015far\u0131l\u0131 ge\u00e7ti ama \u015fampiyon olamam\u0131\u015ft\u0131k ama benim i\u00e7in A Milli Tak\u0131m&#8217;da ba\u015far\u0131l\u0131 bir ser\u00fcvenle ge\u00e7en bir seneydi. \u0130kinci y\u0131l\u0131m\u0131zda da Ba\u015fak\u015fehir&#8217;le beraber \u015fampiyon olduk. Benim i\u00e7in \u00e7ok parlak bir d\u00f6nemdi. Milli tak\u0131mla beraber Avrupa \u015eampiyonas\u0131&#8217;na kat\u0131lma ba\u015far\u0131s\u0131 elde ettik.&#8221;<\/p>\n<p>&#8220;Zorluklarla, bazen haks\u0131zl\u0131klarla m\u00fccadele ettim ama hi\u00e7bir zaman y\u0131lmad\u0131m&#8221;<\/p>\n<p>2022 Avrupa \u015eampiyonas\u0131&#8217;ndan sonra Be\u015fikta\u015f&#8217;a transfer olan milli kaleci o d\u00f6nem ve sonras\u0131n\u0131 \u015f\u00f6yle anlatt\u0131: <\/p>\n<p>&#8220;Be\u015fikta\u015f&#8217;taki ilk senem iyi ge\u00e7medi \u00e7\u00fcnk\u00fc ikinci ay\u0131mda kariyerimdeki en b\u00fcy\u00fck sakatl\u0131k olan \u00f6n \u00e7apraz ba\u011f sakatl\u0131\u011f\u0131 ya\u015fad\u0131m. Yine kariyerimdeki k\u0131r\u0131lmalardan biri de \u00f6n \u00e7apraz ba\u011f sakatl\u0131\u011f\u0131 diyebilirim. \u00c7\u00fcnk\u00fc ya\u015f\u0131m o zaman 32&#8217;ye gelmi\u015fti. 32 ya\u015f\u0131nda \u00f6n \u00e7apraz ba\u011f sakatl\u0131\u011f\u0131 ya\u015fayan ve geri d\u00f6n\u00fc\u015f\u00fc nas\u0131l olaca\u011f\u0131 belli olmayan bir oyuncu belki toplum taraf\u0131ndan futbol hayat\u0131 bitmi\u015f olarak g\u00f6r\u00fclebilir. Ama ben yine hem ailemin, e\u015fimin deste\u011fiyle oralardan \u00e7\u0131k\u0131p tekrar A Milli Tak\u0131m&#8217;\u0131n birinci kalecisi pozisyonuna geldim. Asl\u0131nda hi\u00e7bir transferim, hi\u00e7bir y\u0131l\u0131m benim i\u00e7in kolay ge\u00e7medi. Hep b\u00f6yle zorluklarla, bazen haks\u0131zl\u0131klarla m\u00fccadele ettim ama hi\u00e7bir zaman y\u0131lmad\u0131m. Karakterim her zaman b\u00f6yleydi. Futbol hayat\u0131m\u0131n sonuna kadar da bu karakterimi koruyaca\u011f\u0131m\u0131 biliyorum. \u015eimdi de futbola ba\u015flad\u0131\u011f\u0131m yere Fenerbah\u00e7e&#8217;ye geri d\u00f6nd\u00fcm ve \u00e7ok mutluyum. 40 ya\u015f\u0131na kadar oynamak istedi\u011fimi her r\u00f6portaj\u0131mda s\u00f6yl\u00fcyorum. 40 ya\u015f\u0131ma kadar \u00fcst d\u00fczeyde kalmak i\u00e7in de elimden geleni yapaca\u011f\u0131m.&#8221;<\/p>\n<p>&#8220;Hollanda ma\u00e7\u0131n\u0131 tekrar oynamak isterdim&#8221;<\/p>\n<p>Mert, kariyerinde unutamad\u0131\u011f\u0131 ma\u00e7larla ilgili, &#8220;Bir\u00e7ok ma\u00e7 var ama en \u00f6nemli ma\u00e7 Avusturya ma\u00e7\u0131. Kariyerimdeki en \u00f6nemli yere sahip ma\u00e7 o. Olumsuz anlamda da Hollanda ma\u00e7\u0131n\u0131 tekrar oynamak isterdim. O da unutamad\u0131\u011f\u0131m ama k\u00f6t\u00fc hat\u0131rlad\u0131\u011f\u0131m bir ma\u00e7. Onun harici Fransa deplasman\u0131nda milli tak\u0131mla sahaya \u00e7\u0131kt\u0131\u011f\u0131m\u0131zda, Fransa&#8217;da o kadar T\u00fcrk&#8217;\u00fc bir arada g\u00f6rmek bizi asl\u0131nda \u00e7ok \u015fa\u015f\u0131rtm\u0131\u015ft\u0131. Neredeyse stad\u0131n y\u00fcde 40&#8217;\u0131 bizim insan\u0131m\u0131zla doluydu ve o g\u00fcn de kendi ad\u0131ma da tak\u0131m olarak da iyi bir performansa ilgilemi\u015ftik, berabere kalm\u0131\u015ft\u0131k. O ma\u00e7 unutulmaz ma\u00e7lardan biriydi benim i\u00e7in. Yine Ba\u015fak\u015fehir&#8217;de M\u00f6nchengladbach deplasman\u0131m\u0131z var, son dakika gol\u00fcyle Avrupa&#8217;da bir \u00fcst tura \u00e7\u0131km\u0131\u015ft\u0131k, atmosfer \u00e7ok g\u00fczeldi ve iyi oynad\u0131\u011f\u0131m ma\u00e7lardan biriydi.&#8221; ifadelerini kulland\u0131.<\/p>\n<p>Formu numaras\u0131 se\u00e7iminde R\u00fc\u015ft\u00fc Re\u00e7ber&#8217;den esinlendi\u011fini aktaran Mert, &#8220;Altyap\u0131da size verilen numaray\u0131 giyiyorsunuz, ilk numaram 89&#8217;du. 34 numaray\u0131 R\u00fc\u015ft\u00fc a\u011fabeyden dolay\u0131 tercih etmi\u015ftim. Hep de asl\u0131nda 34 numara giymek istiyordum. O d\u00f6nemden sonra 34 numaray\u0131 giyemedi\u011fim anlar da oldu, dolu oldu\u011fu ya da farkl\u0131 sebeplerden dolay\u0131 ama Ba\u015fak\u015fehir&#8217;de de Be\u015fikta\u015f&#8217;taki d\u00f6nemlerimde de 34 numaray\u0131 hep kulland\u0131m. \u015eimdi de Fenerbah\u00e7e&#8217;de devam ediyorum. \u00d6zel bir sebebi yok ama ilk ba\u015fta se\u00e7me sebebim R\u00fc\u015ft\u00fc a\u011fabeyin de 34 numara giymesiydi.&#8221; \u015feklinde konu\u015ftu.<\/p>\n<p>&#8220;Barthez&#8217;in ralli pilotu oldu\u011funu \u00f6\u011frendim. Piste \u00e7\u0131k\u0131p herhangi bir organizasyonun i\u00e7inde olursam mutlu olurum&#8221;<\/p>\n<p>Bo\u015f zamanlar\u0131n\u0131n b\u00fcy\u00fck b\u00f6l\u00fcm\u00fcn\u00fc evde ailesiyle birlikte ge\u00e7irmeyi sevdi\u011fini belirten milli kaleci, hobileriyle ilgili, &#8220;Klasik ara\u00e7 hobim var, havalar g\u00fczel oldu\u011funda \u00f6zellikle yaz, bahar aylar\u0131nda onlarla ilgilenmeyi, o arabalarla d\u0131\u015far\u0131 \u00e7\u0131kmay\u0131 seviyorum. Biraz asl\u0131nda garip gelebilir ama televizyonda snooker izlemeyi \u00e7ok seviyorum. Televizyonda yakald\u0131\u011f\u0131m zaman \u00f6zellikle dinlenme anlar\u0131nda mutlaka o ma\u00e7\u0131 bitiriyorum. \u00d6zellikle takip etmiyorum ama televizyonda gezerken yakalarsam izliyorum. Formula 1&#8217;i takip ediyorum, eskiden basketbolu \u00e7ok takip ederdim, son zamanlarda \u00e7ok fazla olmuyor. Eskiden Fransa Milli Tak\u0131m\u0131&#8217;nda kalecilik yapm\u0131\u015f Fabien Barthez&#8217;in futbol b\u0131rakt\u0131ktan sonra ralli pilotu oldu\u011funu \u00f6\u011frendi\u011fimden beri ben de ileride futbol b\u0131rakt\u0131\u011f\u0131mda belki ralli pilotu olmasam da arabalarla ha\u015f\u0131r ne\u015fir olmak isterim. Piste \u00e7\u0131k\u0131p herhangi bir organizasyonun i\u00e7inde olursam mutlu olurum. Formula 1&#8217;i o kadar detayl\u0131 izlemiyorum, eskiden \u00e7ok izliyordum ama tak\u0131mlar\u0131n hepsine a\u015finay\u0131m. Favori tak\u0131m\u0131m asl\u0131nda yok. Biz hep Ferrarici olduk ama onlar da hep zay\u0131f kald\u0131.&#8221; s\u00f6zlerine yer verdi.<\/p>\n<p>&#8220;\u0130ki Premier Lig tak\u0131m\u0131n benimle ilgisi olmu\u015ftu&#8221;<\/p>\n<p>Ba\u015fak\u015fehir&#8217;de oynad\u0131\u011f\u0131 d\u00f6nemde \u0130ngiliz ekiplerinin kendisiyle ilgilendi\u011fini belirten deneyimli kaleci, &#8220;Avrupa&#8217;da bir ligde forma giymek isteseydim bu Premier Lig olurdu. Daha \u00f6nce de zaten bir gitme \u015fans\u0131m asl\u0131nda olu\u015fmu\u015ftu. Ba\u015fak\u015fehir&#8217;de oynarken \u015fampiyonlu\u011fa gitti\u011fimiz sene, pandemiden birka\u00e7 ay \u00f6nce iki Premier Lig tak\u0131m\u0131n benimle ilgisi olmu\u015ftu ama o d\u00f6nemde hem \u015fampiyonlu\u011fa oynad\u0131\u011f\u0131m\u0131z hem de ba\u015fkan\u0131m\u0131z\u0131n da beni b\u0131rakmak istemedi\u011fi i\u00e7in sezon sonuna b\u0131rakm\u0131\u015ft\u0131k ama mart ay\u0131nda pandeminin patlak vermesinden sonra yaz aylar\u0131nda transferler neredeyse durmu\u015ftu. Ben de o d\u00f6nemde ne kadar \u00e7ok gitmek istesem de gidememi\u015ftim. O da benim i\u00e7in \u00fcz\u00fcc\u00fc anlardan biri olmu\u015ftu. \u00c7\u00fcnk\u00fc her zaman Premier Lig&#8217;de forma girmek istiyordum. Ama nasip olmad\u0131.&#8221; a\u00e7\u0131klamas\u0131nda bulundu.<\/p>\n<p>Mert G\u00fcnok, &#8220;Kariyerinde sahaya \u00e7\u0131kmak istedi\u011fin bir stadyum var m\u0131?&#8221; sorusuna \u015fu yan\u0131t\u0131 verdi: <\/p>\n<p>&#8220;Onunla ilgili \u015f\u00f6yle bir an\u0131m var. Ba\u015fak\u015fehir ile \u015fampiyon olduktan sonra \u015eampiyonlar Ligi&#8217;nde Manchester United, PSG ve Leipzig&#8217;i \u00e7ektik. Old Trafford&#8217;u her zaman g\u00f6rmek istiyordum, orada oynamak istiyordum. Ma\u00e7tan yakla\u015f\u0131k bir hafta \u00f6nce, milli tak\u0131m d\u00f6n\u00fc\u015f\u00fcnde, o zamanlar s\u00fcrekli bize test yap\u0131l\u0131yordu. Covid testi pozitif \u00e7\u0131kanlar ma\u00e7ta oynayam\u0131yordu. Benim de ma\u00e7tan 1 hafta \u00f6nce covid testim pozitif \u00e7\u0131kt\u0131 ama herhangi bir \u015fey hissetmiyordum. Hatta testin yanl\u0131\u015f oldu\u011funu hemen anlad\u0131m. Onun \u00fcst\u00fcne \u00fc\u00e7 kez daha her g\u00fcn test oldum. Farkl\u0131 farkl\u0131 kurumlardan. UEFA da o d\u00f6nem T\u00fcrkiye&#8217;deki reg\u00fclasyondan farkl\u0131 olarak test pozitif \u00e7\u0131kt\u0131\u011f\u0131 zaman oynaman\u0131 kabul ediyordu. Oynamak i\u00e7in her g\u00fcn teste gittim girdim ve oraya gitmeyi ba\u015farm\u0131\u015ft\u0131m. Ma\u00e7 bizim i\u00e7in iyi ge\u00e7medi ama Old Trafford&#8217;u g\u00f6rmeyi ger\u00e7ekten istiyordum, orada oynayabildim. Onun harici Boca Juniors Stad\u0131&#8217;nda oynamak isterdim. Ama tabi o biraz daha zor bir hedef.&#8221;<\/p>\n<p>&#8220;Futboldan sonra e\u011fer ba\u015farabilirsem, belki motorsporlar i\u00e7erisinde de yer almak isterim&#8221;<\/p>\n<p>Mert, aktif futbol ya\u015fant\u0131s\u0131ndan sonraki d\u00fc\u015f\u00fcnceleri hakk\u0131nda ise \u015f\u00f6yle konu\u015ftu: <\/p>\n<p>&#8220;Normalde futbol d\u00fcnyas\u0131nda kalmay\u0131 istiyorum. \u0130leride hocal\u0131k ser\u00fcvenine ba\u015flamak, teknik direkt\u00f6r olmak istiyorum ama tabii bunlar asl\u0131nda zamanla \u015fekillenecek, o g\u00fcn\u00fcn \u015fartlar\u0131na g\u00f6re belirlenecek \u015feyler. Futbol harici arabalarla ilgili \u00e7ocuklu\u011fumdan beri gelen bir hobim var. Futboldan sonra e\u011fer ba\u015farabilirsem, belki motorsporlar i\u00e7erisinde de yer almak isterim. Tabii bu nas\u0131l olur bilmiyorum. Sonu\u00e7ta futbol oynad\u0131\u011f\u0131m\u0131z d\u00f6nemde buna evet merakl\u0131y\u0131z ama profesyonel olarak bakabilece\u011fimiz bir ortam yok. \u00d6yle bir \u015fey de yapmak isterim ama ilk tabii ki hedefim teknik direkt\u00f6r olmak, futbolun i\u00e7inde kalmak. Belki de gen\u00e7 oyunculara yard\u0131mc\u0131 olmak. Gen\u00e7lerle ilgilenmeyi, gen\u00e7 kalecilerle ilgilenmeyi de seviyorum. A Milli Tak\u0131m teknik direkt\u00f6rl\u00fc\u011f\u00fc ise \u00e7ok b\u00fcy\u00fck bir hedef. Onun i\u00e7in de basamaklar\u0131 ad\u0131m ad\u0131m gitmek gerekiyor. Oras\u0131 en \u00fcst hedef. A Milli Tak\u0131m teknik direkt\u00f6r\u00fc olmak \u00fclkedeki en \u00fcst mertebelerden biri. Tabii ki her T\u00fcrk oyuncu gibi, ben de bunu isterim.&#8221;<\/p>\n<p>&#8220;Gen\u00e7 Mert G\u00fcnok i\u015fi biraz daha \u015fova d\u00f6kseydi daha farkl\u0131 yerlerde olabilirdi&#8221;<\/p>\n<p>Mert son olarak, &#8220;Bir imkan olsayd\u0131 \u015fu anki Mert G\u00fcnok, gen\u00e7 Mert G\u00fcnok&#8217;a hangi mesaj\u0131 vermek isterdi?&#8221; sorusunu \u015f\u00f6yle yan\u0131tlad\u0131: <\/p>\n<p>&#8220;Yani \u015fimdiki Mert G\u00fcnok, e\u011fer \u00e7ocuklu\u011fundaki Mert G\u00fcnok&#8217;a bir mesaj vermek isteseydi, belki gen\u00e7lik y\u0131llar\u0131mda &#8216;Daha y\u0131rt\u0131c\u0131, sahaya a\u011f\u0131rl\u0131\u011f\u0131n\u0131 koyan bir Mert G\u00fcnok olsun.&#8217; derdi. \u00c7\u00fcnk\u00fc ilk ba\u015flad\u0131\u011f\u0131m d\u00f6nemlerde daha da sakin bir yap\u0131m vard\u0131. Tabii onun dezavantajlar\u0131 da avantajlar\u0131 da vard\u0131. B\u00fcy\u00fck tak\u0131mlarda oynamak genelde sakinlik ve s\u00fckunet de gerektiriyor ama zaman zaman h\u0131rs\u0131 da ortaya koymay\u0131, g\u00f6stermeyi asl\u0131nda gerektiriyor. Bazen i\u015fi \u015fova d\u00f6kmek de gerekiyor ki ben hi\u00e7bir zaman i\u015fi \u015fova d\u00f6ken tarafta olmad\u0131m. Belki gen\u00e7 Mert G\u00fcnok i\u015fi biraz daha \u015fova d\u00f6kseydi daha farkl\u0131 yerlerde olabilirdi. \u00c7\u00fcnk\u00fc bizim insan\u0131m\u0131z onu da seviyor asl\u0131nda. Ben sadece o \u015fov taraf\u0131nda \u00e7ok olmad\u0131m. Verebilece\u011fim belki en \u00f6nemli mesaj bu olabilirdi.&#8221;<\/p>\n","protected":false},"excerpt":{"rendered":"<p>Fenerbah\u00e7e&#8217;nin kalecisi Mert G\u00fcnok, A Milli Tak\u0131m&#8217;\u0131n 2026 D\u00fcnya Kupas\u0131&#8217;na kat\u0131laca\u011f\u0131na inan\u0131yor.<\/p>\n","protected":false},"author":1,"featured_media":3260,"comment_status":"open","ping_status":"open","sticky":false,"template":"","format":"standard","meta":{"footnotes":""},"categories":[1],"tags":[365,364,368,366,367],"class_list":["post-3259","post","type-post","status-publish","format-standard","has-post-thumbnail","hentry","category-uncategorized","tag-futbol","tag-mac","tag-milli-takim","tag-takim","tag-zaman"],"_links":{"self":[{"href":"https:\/\/bihavadis.com\/index.php\/wp-json\/wp\/v2\/posts\/3259","targetHints":{"allow":["GET"]}}],"collection":[{"href":"https:\/\/bihavadis.com\/index.php\/wp-json\/wp\/v2\/posts"}],"about":[{"href":"https:\/\/bihavadis.com\/index.php\/wp-json\/wp\/v2\/types\/post"}],"author":[{"embeddable":true,"href":"https:\/\/bihavadis.com\/index.php\/wp-json\/wp\/v2\/users\/1"}],"replies":[{"embeddable":true,"href":"https:\/\/bihavadis.com\/index.php\/wp-json\/wp\/v2\/comments?post=3259"}],"version-history":[{"count":1,"href":"https:\/\/bihavadis.com\/index.php\/wp-json\/wp\/v2\/posts\/3259\/revisions"}],"predecessor-version":[{"id":3261,"href":"https:\/\/bihavadis.com\/index.php\/wp-json\/wp\/v2\/posts\/3259\/revisions\/3261"}],"wp:featuredmedia":[{"embeddable":true,"href":"https:\/\/bihavadis.com\/index.php\/wp-json\/wp\/v2\/media\/3260"}],"wp:attachment":[{"href":"https:\/\/bihavadis.com\/index.php\/wp-json\/wp\/v2\/media?parent=3259"}],"wp:term":[{"taxonomy":"category","embeddable":true,"href":"https:\/\/bihavadis.com\/index.php\/wp-json\/wp\/v2\/categories?post=3259"},{"taxonomy":"post_tag","embeddable":true,"href":"https:\/\/bihavadis.com\/index.php\/wp-json\/wp\/v2\/tags?post=3259"}],"curies":[{"name":"wp","href":"https:\/\/api.w.org\/{rel}","templated":true}]}}