{"id":32601,"date":"2026-02-14T04:42:37","date_gmt":"2026-02-14T04:42:37","guid":{"rendered":"https:\/\/bihavadis.com\/?p=32601"},"modified":"2026-02-14T04:42:37","modified_gmt":"2026-02-14T04:42:37","slug":"cristiano-ronaldo-aldigi-kararla-koca-ulkeyi-karistirdi","status":"publish","type":"post","link":"https:\/\/bihavadis.com\/index.php\/2026\/02\/14\/cristiano-ronaldo-aldigi-kararla-koca-ulkeyi-karistirdi\/","title":{"rendered":"Cristiano Ronaldo ald\u0131\u011f\u0131 kararla koca \u00fclkeyi kar\u0131\u015ft\u0131rd\u0131"},"content":{"rendered":"<p> Cristiano Ronaldo&#8217;nun, Suudi Arabistan Ligi&#8217;nin 20. haftas\u0131nda Al Nassr&#8217;\u0131n Al Riyadh ile oynayaca\u011f\u0131 kar\u015f\u0131la\u015fmada forma giymeme karar\u0131 ald\u0131\u011f\u0131 \u00f6\u011frenildi. Y\u0131ld\u0131z futbolcunun bu karar\u0131n\u0131n fiziksel dinlenme ya da fikst\u00fcr yo\u011funlu\u011fuyla de\u011fil, kul\u00fcp y\u00f6netimine duydu\u011fu memnuniyetsizlikle ilgili oldu\u011fu belirtildi.<\/p>\n<p><b>PIF Y\u00d6NET\u0130M\u0130NE TEPK\u0130<\/b><\/p>\n<p>A Bola&#8217;n\u0131n kul\u00fcp kaynaklar\u0131na dayand\u0131rd\u0131\u011f\u0131 habere g\u00f6re Cristiano Ronaldo, Al Nassr&#8217;\u0131n Suudi Arabistan Kamu Yat\u0131r\u0131m Fonu (PIF) taraf\u0131ndan y\u00f6netilme bi\u00e7iminden rahats\u0131zl\u0131k duyuyor. Portekizli y\u0131ld\u0131z\u0131n, ayn\u0131 fonun kontrol\u00fcndeki rakip kul\u00fcplerle k\u0131yasland\u0131\u011f\u0131nda Al Nassr&#8217;a yeterli yat\u0131r\u0131m yap\u0131lmad\u0131\u011f\u0131n\u0131 d\u00fc\u015f\u00fcnd\u00fc\u011f\u00fc aktar\u0131ld\u0131.<\/p>\n<p><b>TRANSFER POL\u0130T\u0130KASI RAHATSIZ ETT\u0130<\/b><\/p>\n<p>Tak\u0131m kaptan\u0131 olan Ronaldo&#8217;nun, kul\u00fcpte ciddi bir yat\u0131r\u0131m eksikli\u011fi bulundu\u011fu g\u00f6r\u00fc\u015f\u00fcnde oldu\u011fu ifade edildi. Teknik direkt\u00f6r Jorge Jesus&#8217;un talep etti\u011fi transferlerin ger\u00e7ekle\u015fmemesi ve k\u0131\u015f transfer d\u00f6neminde yaln\u0131zca Irakl\u0131 21 ya\u015f\u0131ndaki orta saha Haydeer Abdulkareem&#8217;in kadroya kat\u0131lmas\u0131, bu rahats\u0131zl\u0131\u011f\u0131n ba\u015fl\u0131ca nedenleri aras\u0131nda g\u00f6sterildi.<\/p>\n<p><b>Y\u00d6NET\u0130MDE YETK\u0130 KR\u0130Z\u0130<\/b><\/p>\n<p>Al Nassr y\u00f6netiminde yer alan sportif direkt\u00f6r Simao Coutinho ile CEO Jose Semedo&#8217;nun yetkilerinin ay ba\u015f\u0131nda y\u00f6netim kurulu karar\u0131yla donduruldu\u011fu bilgisi de payla\u015f\u0131ld\u0131. Bu durumun kul\u00fcp i\u00e7indeki belirsizli\u011fi art\u0131rd\u0131\u011f\u0131 vurguland\u0131.<\/p>\n<p><b>BENZEMA VE AL HILAL DETAYI<\/b><\/p>\n<p>Ronaldo&#8217;nun memnuniyetsizli\u011fini art\u0131ran bir di\u011fer geli\u015fmenin ise rakip Al Hilal&#8217;in transfer hamleleri oldu\u011fu belirtildi. Al Hilal&#8217;in savunmac\u0131 Pablo Mari ve gen\u00e7 forvet Kader Meite i\u00e7in y\u00fcksek bedelli giri\u015fimlerde bulundu\u011fu hat\u0131rlat\u0131l\u0131rken, Karim Benzema&#8217;n\u0131n Al Ittihad&#8217;dan Al Hilal&#8217;e transfer ihtimalinin de g\u00fcndeme geldi\u011fi aktar\u0131ld\u0131.<\/p>\n<p>Cristiano Ronaldo&#8217;nun bu tavr\u0131n\u0131n Al Nassr&#8217;daki ilk memnuniyetsizlik i\u015fareti olmad\u0131\u011f\u0131na dikkat \u00e7ekildi. Ocak ay\u0131nda teknik direkt\u00f6r Jorge Jesus&#8217;un, &#8220;Al Nassr, Al Hilal kadar politik g\u00fcce sahip de\u011fil&#8221; a\u00e7\u0131klamas\u0131 Suudi futbolunda b\u00fcy\u00fck tart\u0131\u015fma yaratm\u0131\u015ft\u0131.<\/p>\n","protected":false},"excerpt":{"rendered":"<p>Cristiano Ronaldo&#8217;nun, Suudi Arabistan Ligi&#8217;nin 20. haftas\u0131nda Al Nassr&#8217;\u0131n Al Riyadh ile oynayaca\u011f\u0131 kar\u015f\u0131la\u015fmada forma giymeme karar\u0131 ald\u0131\u011f\u0131 belirtildi. Bu karar\u0131n\u0131n kul\u00fcp y\u00f6netimine duydu\u011fu memnuniyetsizlikten kaynakland\u0131\u011f\u0131 ifade edildi.<\/p>\n","protected":false},"author":1,"featured_media":32602,"comment_status":"open","ping_status":"open","sticky":false,"template":"","format":"standard","meta":{"footnotes":""},"categories":[14],"tags":[3030,1449,404],"class_list":["post-32601","post","type-post","status-publish","format-standard","has-post-thumbnail","hentry","category-spor","tag-al-nassr","tag-kulup","tag-transfer"],"_links":{"self":[{"href":"https:\/\/bihavadis.com\/index.php\/wp-json\/wp\/v2\/posts\/32601","targetHints":{"allow":["GET"]}}],"collection":[{"href":"https:\/\/bihavadis.com\/index.php\/wp-json\/wp\/v2\/posts"}],"about":[{"href":"https:\/\/bihavadis.com\/index.php\/wp-json\/wp\/v2\/types\/post"}],"author":[{"embeddable":true,"href":"https:\/\/bihavadis.com\/index.php\/wp-json\/wp\/v2\/users\/1"}],"replies":[{"embeddable":true,"href":"https:\/\/bihavadis.com\/index.php\/wp-json\/wp\/v2\/comments?post=32601"}],"version-history":[{"count":1,"href":"https:\/\/bihavadis.com\/index.php\/wp-json\/wp\/v2\/posts\/32601\/revisions"}],"predecessor-version":[{"id":32603,"href":"https:\/\/bihavadis.com\/index.php\/wp-json\/wp\/v2\/posts\/32601\/revisions\/32603"}],"wp:featuredmedia":[{"embeddable":true,"href":"https:\/\/bihavadis.com\/index.php\/wp-json\/wp\/v2\/media\/32602"}],"wp:attachment":[{"href":"https:\/\/bihavadis.com\/index.php\/wp-json\/wp\/v2\/media?parent=32601"}],"wp:term":[{"taxonomy":"category","embeddable":true,"href":"https:\/\/bihavadis.com\/index.php\/wp-json\/wp\/v2\/categories?post=32601"},{"taxonomy":"post_tag","embeddable":true,"href":"https:\/\/bihavadis.com\/index.php\/wp-json\/wp\/v2\/tags?post=32601"}],"curies":[{"name":"wp","href":"https:\/\/api.w.org\/{rel}","templated":true}]}}