{"id":32632,"date":"2026-02-14T05:09:05","date_gmt":"2026-02-14T05:09:05","guid":{"rendered":"https:\/\/bihavadis.com\/?p=32632"},"modified":"2026-02-14T05:09:05","modified_gmt":"2026-02-14T05:09:05","slug":"edirnede-meric-nehrinin-debisi-dususe-gecti-taskin-riski-yok","status":"publish","type":"post","link":"https:\/\/bihavadis.com\/index.php\/2026\/02\/14\/edirnede-meric-nehrinin-debisi-dususe-gecti-taskin-riski-yok\/","title":{"rendered":"Edirne&#8217;de Meri\u00e7 Nehri&#8217;nin debisi d\u00fc\u015f\u00fc\u015fe ge\u00e7ti: Ta\u015fk\u0131n riski yok"},"content":{"rendered":"<p>Edirne Valisi Yunus Sezer, asayi\u015f toplant\u0131s\u0131n\u0131n ard\u0131ndan yapt\u0131\u011f\u0131 a\u00e7\u0131klamada ta\u015fk\u0131n riski bulunan Meri\u00e7 Nehri\u2019nde debinin d\u00fc\u015f\u00fc\u015fe ge\u00e7ti\u011fini ve \u015fehir merkezi i\u00e7in \u015fu an bir risk bulunmad\u0131\u011f\u0131n\u0131 s\u00f6yledi.<\/p>\n<p>Sezer, Meri\u00e7 Nehri\u2019nin saniyede yakla\u015f\u0131k bin 500 metrek\u00fcp suyu yatak i\u00e7erisinde ta\u015f\u0131yabildi\u011fini belirterek, <em><b>&#8220;Son s\u00fcre\u00e7te debi bin 300 metrek\u00fcp seviyelerine kadar \u00e7\u0131km\u0131\u015ft\u0131. \u015eu an itibar\u0131yla yakla\u015f\u0131k 800 metrek\u00fcp seviyelerine kadar d\u00fc\u015ft\u00fc&#8221;<\/b><\/em> dedi.<\/p>\n<p>Bulgaristan\u2019daki duruma da de\u011finen Sezer, Arda Nehri \u00fczerindeki barajlarda doluluk oran\u0131n\u0131n y\u00fczde 125\u2019e ula\u015ft\u0131\u011f\u0131n\u0131, gelen suyun savaklardan tahliye edildi\u011fini ve tahliye miktar\u0131n\u0131n da d\u00fc\u015f\u00fc\u015fe ge\u00e7ti\u011finin bildirildi\u011fini aktard\u0131.<\/p>\n<p><strong>MERKEZ \u0130\u00c7\u0130N TA\u015eKIN R\u0130SK\u0130 BULUNMUYOR<\/strong><\/p>\n<p>Meri\u00e7 Nehri\u2019nin ta\u015fk\u0131n sahalar\u0131nda baz\u0131 yap\u0131 ve hayvan a\u011f\u0131llar\u0131n\u0131n bulundu\u011funu hat\u0131rlatan Sezer, bu alanlarda su bask\u0131n\u0131 riskinin her zaman bulundu\u011funu ve vatanda\u015flar\u0131n jandarma arac\u0131l\u0131\u011f\u0131yla \u00f6nceden uyar\u0131ld\u0131\u011f\u0131n\u0131 ifade etti.<\/p>\n<p>Vali Sezer, Edirne merkeze ba\u011fl\u0131 B\u00fcy\u00fckd\u00f6ll\u00fck-Tatar k\u00f6y\u00fc mevkiinde yazl\u0131k seddede y\u0131rt\u0131lma meydana geldi\u011fini, b\u00f6lgede 10 ekibin sahada aktif olarak \u00e7al\u0131\u015ft\u0131\u011f\u0131n\u0131 ve menfezler arac\u0131l\u0131\u011f\u0131yla kontroll\u00fc su tahliyesi yap\u0131ld\u0131\u011f\u0131n\u0131 belirtti.<\/p>\n<p>\u015eehir merkezi i\u00e7in ciddi bir risk bulunmad\u0131\u011f\u0131n\u0131 vurgulayan Sezer, <em><b>&#8220;Bin 500 metrek\u00fcp seviyelerine kadar Meri\u00e7 Havzas\u0131, \u015fehir merkezi a\u00e7\u0131s\u0131ndan ta\u015fk\u0131n riski olu\u015fturmuyor&#8221; <\/b><\/em>diye konu\u015ftu.<\/p>\n<p><img decoding=\"async\" src=\"https:\/\/bihavadis.com\/wp-content\/uploads\/2026\/02\/edirnede-meric-nehrinin-debisi-dususe-gecti-taskin-riski-yok-0-9NfNf2zC.jpg\"\/><\/p>\n<p><img decoding=\"async\" src=\"https:\/\/bihavadis.com\/wp-content\/uploads\/2026\/02\/edirnede-meric-nehrinin-debisi-dususe-gecti-taskin-riski-yok-1-mN5RxcI2.jpg\"\/><\/p>\n","protected":false},"excerpt":{"rendered":"<p>Edirne Valisi Yunus Sezer, Meri\u00e7 Nehri\u2019ndeki su seviyesinin d\u00fc\u015f\u00fc\u015fe ge\u00e7ti\u011fini belirterek, mevcut durumda \u015fehir merkezi i\u00e7in ta\u015fk\u0131n riski bulunmad\u0131\u011f\u0131n\u0131 a\u00e7\u0131klad\u0131.<\/p>\n","protected":false},"author":1,"featured_media":32633,"comment_status":"open","ping_status":"open","sticky":false,"template":"","format":"standard","meta":{"footnotes":""},"categories":[9,13],"tags":[234,695,4334],"class_list":["post-32632","post","type-post","status-publish","format-standard","has-post-thumbnail","hentry","category-genel","category-son-dakika","tag-merkez","tag-risk","tag-sezer"],"_links":{"self":[{"href":"https:\/\/bihavadis.com\/index.php\/wp-json\/wp\/v2\/posts\/32632","targetHints":{"allow":["GET"]}}],"collection":[{"href":"https:\/\/bihavadis.com\/index.php\/wp-json\/wp\/v2\/posts"}],"about":[{"href":"https:\/\/bihavadis.com\/index.php\/wp-json\/wp\/v2\/types\/post"}],"author":[{"embeddable":true,"href":"https:\/\/bihavadis.com\/index.php\/wp-json\/wp\/v2\/users\/1"}],"replies":[{"embeddable":true,"href":"https:\/\/bihavadis.com\/index.php\/wp-json\/wp\/v2\/comments?post=32632"}],"version-history":[{"count":1,"href":"https:\/\/bihavadis.com\/index.php\/wp-json\/wp\/v2\/posts\/32632\/revisions"}],"predecessor-version":[{"id":32636,"href":"https:\/\/bihavadis.com\/index.php\/wp-json\/wp\/v2\/posts\/32632\/revisions\/32636"}],"wp:featuredmedia":[{"embeddable":true,"href":"https:\/\/bihavadis.com\/index.php\/wp-json\/wp\/v2\/media\/32633"}],"wp:attachment":[{"href":"https:\/\/bihavadis.com\/index.php\/wp-json\/wp\/v2\/media?parent=32632"}],"wp:term":[{"taxonomy":"category","embeddable":true,"href":"https:\/\/bihavadis.com\/index.php\/wp-json\/wp\/v2\/categories?post=32632"},{"taxonomy":"post_tag","embeddable":true,"href":"https:\/\/bihavadis.com\/index.php\/wp-json\/wp\/v2\/tags?post=32632"}],"curies":[{"name":"wp","href":"https:\/\/api.w.org\/{rel}","templated":true}]}}