{"id":32680,"date":"2026-02-14T05:57:04","date_gmt":"2026-02-14T05:57:04","guid":{"rendered":"https:\/\/bihavadis.com\/?p=32680"},"modified":"2026-02-14T05:57:04","modified_gmt":"2026-02-14T05:57:04","slug":"osmangazide-cuma-bereketi-mehmet-akif-mahallesinde-paylasildi","status":"publish","type":"post","link":"https:\/\/bihavadis.com\/index.php\/2026\/02\/14\/osmangazide-cuma-bereketi-mehmet-akif-mahallesinde-paylasildi\/","title":{"rendered":"Osmangazi&#8217;de Cuma Bereketi Mehmet Akif Mahallesi&#8217;nde Payla\u015f\u0131ld\u0131"},"content":{"rendered":"<p><span><span><span><span>Osmangazi\u2019de ya\u015fayan vatanda\u015flar\u0131n istek ve taleplerini dinleyerek \u00e7\u00f6z\u00fcm \u00f6nerileri sunmak i\u00e7in her Cuma g\u00fcn\u00fc bir mahalle ziyaret eden Osmangazi Belediye Ba\u015fkan\u0131 Erkan Ayd\u0131n\u2019\u0131n bu haftaki dura\u011f\u0131 Mehmet Akif Mahallesi oldu.<\/span><\/span><\/span><\/span><\/p>\n<p><span><span><span><span>Sosyal belediyecilik vizyonuyla hizmet \u00fcreten Osmangazi Belediye Ba\u015fkan\u0131 Erkan Ayd\u0131n, bu kez Mehmet Akif Mahallesi\u2019nde vatanda\u015flarla bir araya geldi. Cuma namaz\u0131n\u0131 Medine Camii\u2019nde k\u0131lan Ba\u015fkan Erkan Ayd\u0131n, namaz \u00e7\u0131k\u0131\u015f\u0131nda Mehmet Akif Mahallesi Muhtar\u0131 Osman Sakin ve belediye meclis \u00fcyeleriyle birlikte mahalle sakinlerine \u00e7orba ikram etti.<\/span><\/span><\/span><\/span><\/p>\n<p><span><span><span><span>Osmangazi\u2019de her fikre de\u011fer verdiklerini ve her \u00f6neriyi dikkate ald\u0131klar\u0131n\u0131 dile getiren Ba\u015fkan Ayd\u0131n, vatanda\u015flar\u0131n isteklerini dinleyerek hizmet talep edilen alanlarla ilgili en k\u0131sada s\u00fcrede \u00e7al\u0131\u015fmaya ba\u015flan\u0131laca\u011f\u0131n\u0131n s\u00f6z\u00fcn\u00fc verdi.<\/span><\/span><\/span><\/span><\/p>\n<p>\u00a0<\/p>\n<p>Kaynak: (BYZHA) Beyaz Haber Ajans\u0131<\/p>\n","protected":false},"excerpt":{"rendered":"<p>Osmangazi\u2019de ya\u015fayan vatanda\u015flar\u0131n istek ve taleplerini dinleyerek \u00e7\u00f6z\u00fcm \u00f6nerileri sunmak i\u00e7in her Cuma g\u00fcn\u00fc bir mahalle ziyaret eden Osmangazi Belediye Ba\u015fkan\u0131 Erkan Ayd\u0131n\u2019\u0131n bu haftaki dura\u011f\u0131 Mehmet Akif Mahallesi oldu.<\/p>\n","protected":false},"author":1,"featured_media":32681,"comment_status":"open","ping_status":"open","sticky":false,"template":"","format":"standard","meta":{"footnotes":""},"categories":[4],"tags":[1018,4926],"class_list":["post-32680","post","type-post","status-publish","format-standard","has-post-thumbnail","hentry","category-gundem","tag-mahalle","tag-osman"],"_links":{"self":[{"href":"https:\/\/bihavadis.com\/index.php\/wp-json\/wp\/v2\/posts\/32680","targetHints":{"allow":["GET"]}}],"collection":[{"href":"https:\/\/bihavadis.com\/index.php\/wp-json\/wp\/v2\/posts"}],"about":[{"href":"https:\/\/bihavadis.com\/index.php\/wp-json\/wp\/v2\/types\/post"}],"author":[{"embeddable":true,"href":"https:\/\/bihavadis.com\/index.php\/wp-json\/wp\/v2\/users\/1"}],"replies":[{"embeddable":true,"href":"https:\/\/bihavadis.com\/index.php\/wp-json\/wp\/v2\/comments?post=32680"}],"version-history":[{"count":1,"href":"https:\/\/bihavadis.com\/index.php\/wp-json\/wp\/v2\/posts\/32680\/revisions"}],"predecessor-version":[{"id":32682,"href":"https:\/\/bihavadis.com\/index.php\/wp-json\/wp\/v2\/posts\/32680\/revisions\/32682"}],"wp:featuredmedia":[{"embeddable":true,"href":"https:\/\/bihavadis.com\/index.php\/wp-json\/wp\/v2\/media\/32681"}],"wp:attachment":[{"href":"https:\/\/bihavadis.com\/index.php\/wp-json\/wp\/v2\/media?parent=32680"}],"wp:term":[{"taxonomy":"category","embeddable":true,"href":"https:\/\/bihavadis.com\/index.php\/wp-json\/wp\/v2\/categories?post=32680"},{"taxonomy":"post_tag","embeddable":true,"href":"https:\/\/bihavadis.com\/index.php\/wp-json\/wp\/v2\/tags?post=32680"}],"curies":[{"name":"wp","href":"https:\/\/api.w.org\/{rel}","templated":true}]}}